{"id":90649,"date":"2020-06-30T11:47:59","date_gmt":"2020-06-30T15:47:59","guid":{"rendered":"https:\/\/linitiative.ca\/International\/la-reprise-des-competitions-sur-le-continent-la-can-2021-avec-24-pays\/"},"modified":"2020-06-30T11:47:59","modified_gmt":"2020-06-30T15:47:59","slug":"la-reprise-des-competitions-sur-le-continent-la-can-2021-avec-24-pays","status":"publish","type":"post","link":"https:\/\/linitiative.ca\/International\/la-reprise-des-competitions-sur-le-continent-la-can-2021-avec-24-pays\/","title":{"rendered":"La reprise des comp\u00e9titions sur le continent ..La CAN 2021 avec 24 pays"},"content":{"rendered":"<p class=\"p1 c3\"><span class=\"c2\">Une r\u00e9union de l\u2019ex\u00e9cutif de la CAF se tiendra aujourd\u2019hui avec les dirigeants du football africain pour \u00e9voquer la reprise des comp\u00e9titions sur le continent, apr\u00e8s la longue interruption due \u00e0 la pand\u00e9mie de coronavirus.<\/span><\/p>\n<p class=\"p1 c3\"><span class=\"c2\">Le pr\u00e9sident de la Conf\u00e9d\u00e9ration africaine de football Ahmad Ahmad s\u2019appr\u00eate<span class=\"Apple-converted-space\">\u00a0<\/span> diriger ce mardi une r\u00e9union en visioconf\u00e9rence pour \u00e9voquer le retour des comp\u00e9titions sur le continent. Il sera notamment question de la Coupe d\u2019Afrique des Nations (CAN) impliquant 24 pays, qui doit se tenir du 9 janvier au 6 f\u00e9vrier 2021 au Cameroun.<\/span><\/p>\n<p class=\"p1 c3\"><span class=\"c2\">\u201cNous souhaitons sinc\u00e8rement que la prochaine Coupe d\u2019Afrique des Nations se tiendra, comme pr\u00e9vu, en janvier et f\u00e9vrier prochains\u201d, a soutenu<span class=\"Apple-converted-space\">\u00a0<\/span> le secr\u00e9taire g\u00e9n\u00e9ral de la CAF, Abdelmounaim Bah. Il y a lieu de rappeler que les qualifications pour la CAN n\u2019ont pas pu aller \u00e0 leur terme en raison de la pand\u00e9mie de coronavirus et pourraient reprendre leurs cours normal pour se terminer en octobre et novembre.<\/span><\/p>\n<p class=\"p1 c3\"><span class=\"c2\">Dans lequel cas, cela entra\u00eenerait un nouveau report du coup d\u2019envoi des qualifications pour la Coupe du monde 2022 qui devaient initialement commencer en mars et qui ont \u00e9t\u00e9, dans un premier temps, d\u00e9cal\u00e9es \u00e0 octobre prochain. Ces qualifications ne devraient finalement d\u00e9buter qu\u2019en 2021, apr\u00e8s la CAN.<\/span><\/p>\n<p class=\"p2 c4\"><span class=\"c2\"><strong>Reprise en septembre<span class=\"Apple-converted-space\">\u00a0<\/span><\/strong><\/span><\/p>\n<p class=\"p2 c4\"><span class=\"c2\"><strong>prochain<\/strong><\/span><\/p>\n<p class=\"p1 c3\"><span class=\"c2\">Le championnat d\u2019Afrique des Nations &#8211; qui oppose des \u00e9quipes nationales compos\u00e9es de joueurs \u00e9voluant dans leur pays d\u2019origine &#8211; de la Ligue des champions de la CAF et de la Coupe de la Conf\u00e9d\u00e9ration, devraient \u00e9galement \u00eatre \u00e9voqu\u00e9s. Ces deux derni\u00e8res comp\u00e9titions, \u00e9quivalentes africaines de la Ligue des champions et de la Ligue Europa, ont \u00e9t\u00e9 interrompues en mars au niveau des demi-finales. Des sc\u00e9narios pour faire disputer les demies et<span class=\"Apple-converted-space\">\u00a0<\/span> finales soit en ao\u00fbt soit en septembre sont sur la table.<\/span><\/p>\n<p class=\"p1 c3\"><span class=\"c2\">A titre de rappel et \u00e0 l\u2019exception du Burundi, tous les pays africains ont interrompu en mars dernier leurs comp\u00e9titions, de m\u00eame que la plupart des pays de la plan\u00e8te.<\/span><\/p>\n<p class=\"p3 c5\">\u00a0<\/p>\n<p class=\"p4 c6\"><span class=\"c2\"><strong>R.B.A.<\/strong><\/span><\/p>\n<p>Auteur: letemps1<br \/>\n<a href=\"http:\/\/www.letemps.com.tn\/article\/115247\/la-reprise-des-comp%C3%A9titions-sur-le-continent-la-can-2021-avec-24-pays\">Cliquez ici pour lire l&rsquo;article depuis sa source.<\/a><\/p>\n","protected":false},"excerpt":{"rendered":"<p>Une r\u00e9union de l\u2019ex\u00e9cutif de la CAF se tiendra aujourd\u2019hui avec les dirigeants du football africain pour \u00e9voquer la reprise des comp\u00e9titions sur le continent, apr\u00e8s la longue interruption due \u00e0 la pand\u00e9mie de coronavirus. Le pr\u00e9sident de la Conf\u00e9d\u00e9ration africaine de football Ahmad Ahmad s\u2019appr\u00eate\u00a0 diriger ce mardi une r\u00e9union en visioconf\u00e9rence pour \u00e9voquer [&hellip;]<\/p>\n","protected":false},"author":1773,"featured_media":0,"comment_status":"closed","ping_status":"closed","sticky":false,"template":"","format":"standard","meta":{"fifu_image_url":"","fifu_image_alt":"","footnotes":""},"categories":[73,55],"tags":[],"class_list":["post-90649","post","type-post","status-publish","format-standard","hentry","category-actualite","category-tunisie"],"_links":{"self":[{"href":"https:\/\/linitiative.ca\/International\/wp-json\/wp\/v2\/posts\/90649","targetHints":{"allow":["GET"]}}],"collection":[{"href":"https:\/\/linitiative.ca\/International\/wp-json\/wp\/v2\/posts"}],"about":[{"href":"https:\/\/linitiative.ca\/International\/wp-json\/wp\/v2\/types\/post"}],"author":[{"embeddable":true,"href":"https:\/\/linitiative.ca\/International\/wp-json\/wp\/v2\/users\/1773"}],"replies":[{"embeddable":true,"href":"https:\/\/linitiative.ca\/International\/wp-json\/wp\/v2\/comments?post=90649"}],"version-history":[{"count":0,"href":"https:\/\/linitiative.ca\/International\/wp-json\/wp\/v2\/posts\/90649\/revisions"}],"wp:attachment":[{"href":"https:\/\/linitiative.ca\/International\/wp-json\/wp\/v2\/media?parent=90649"}],"wp:term":[{"taxonomy":"category","embeddable":true,"href":"https:\/\/linitiative.ca\/International\/wp-json\/wp\/v2\/categories?post=90649"},{"taxonomy":"post_tag","embeddable":true,"href":"https:\/\/linitiative.ca\/International\/wp-json\/wp\/v2\/tags?post=90649"}],"curies":[{"name":"wp","href":"https:\/\/api.w.org\/{rel}","templated":true}]}}