{"id":90651,"date":"2020-06-30T11:49:29","date_gmt":"2020-06-30T15:49:29","guid":{"rendered":"https:\/\/linitiative.ca\/International\/un-coup-de-telephone-a-precipite-le-depart-de-saidani-pour-la-france-selon-le-vice-president-du-club-nordiste-aymen-zine\/"},"modified":"2020-06-30T11:49:29","modified_gmt":"2020-06-30T15:49:29","slug":"un-coup-de-telephone-a-precipite-le-depart-de-saidani-pour-la-france-selon-le-vice-president-du-club-nordiste-aymen-zine","status":"publish","type":"post","link":"https:\/\/linitiative.ca\/International\/un-coup-de-telephone-a-precipite-le-depart-de-saidani-pour-la-france-selon-le-vice-president-du-club-nordiste-aymen-zine\/","title":{"rendered":"\u00abUn coup de t\u00e9l\u00e9phone a pr\u00e9cipit\u00e9  le d\u00e9part de Saidani, pour la France !\u00bb  selon le vice-pr\u00e9sident du club nordiste, Aymen Zine"},"content":{"rendered":"<p class=\"p1 c3\"><span class=\"c2\"><strong>Aymen Zine, vice-pr\u00e9sident du CAB a assur\u00e9 dimanche dernier, sur les ondes de Mosa\u00efque FM, qu\u2019il a \u00e9t\u00e9 surpris du d\u00e9roulement des \u00e9v\u00e9nements avec le pr\u00e9sident du CAB.<span class=\"Apple-converted-space\">\u00a0<\/span><\/strong><\/span><\/p>\n<p class=\"p1 c3\"><span class=\"c2\"><strong>\u00ab\u00a0Nous \u00e9tions en pr\u00e9paration du stage du club \u00e0 Mahdia. Il y a quelques jours, un haut fonctionnaire a contact\u00e9 Abdessalem Sa\u00efdani pour l\u2019informer que son dossier de ch\u00e8ques sans provision peut bien prendre une autre tournure.<span class=\"Apple-converted-space\">\u00a0<\/span> Ce t\u00e9l\u00e9phone a acc\u00e9l\u00e9r\u00e9 son d\u00e9part pour la France, par pr\u00e9caution\u00a0\u00bb.<span class=\"Apple-converted-space\">\u00a0<\/span><\/strong><\/span><\/p>\n<p class=\"p1 c3\"><span class=\"c2\"><strong>Aymen Zine n\u2019a pas cach\u00e9 que l\u2019absence du pr\u00e9sident du club influence l\u2019ambiance g\u00e9n\u00e9rale au niveau de toutes les composantes du club.<span class=\"Apple-converted-space\">\u00a0<\/span><\/strong><\/span><\/p>\n<p class=\"p1 c3\"><span class=\"c2\"><strong>Par contre, il a assur\u00e9 qu\u2019il continuera \u00e0 g\u00e9rer les affaires de l\u2019\u00e9quipe en coordination avec le tr\u00e9sorier du CAB.<span class=\"Apple-converted-space\">\u00a0<\/span><\/strong><\/span><\/p>\n<p class=\"p1 c3\"><span class=\"c2\"><strong>\u00ab\u00a0Les joueurs auront leurs salaires comme convenu avec le pr\u00e9sident du club et m\u00eame toucher un peu plus que promis. Les supporters doivent \u00eatre plus que convaincus que leur club reste et restera debout en d\u00e9pit des difficult\u00e9s.<span class=\"Apple-converted-space\">\u00a0<\/span><\/strong><\/span><\/p>\n<p class=\"p1 c3\"><span class=\"c2\"><strong>Par contre, il reste \u00e0 souhaiter que les sponsors habituels de l\u2019\u00e9quipe doivent bouger et renforcer ses ressources financi\u00e8res \u00ab\u00a0.<\/strong><\/span><\/p>\n<p class=\"p1 c3\"><span class=\"c2\"><strong>C\u00f4t\u00e9 exploitation du complexe sportif de la r\u00e9gion et du<span class=\"Apple-converted-space\">\u00a0<\/span> stade du 15 octobre, Abdessalem Sa\u00efdani, a des engagements avec un ensemble d\u2019ing\u00e9nieurs et personnellement, je pense que ce dossier ne fait pas partie de mes priorit\u00e9s, du moins<span class=\"Apple-converted-space\">\u00a0<\/span> actuellement\u00a0\u00bb, a expliqu\u00e9 Aymen Zine.<\/strong><\/span><\/p>\n<p class=\"p1 c3\"><span class=\"c2\"><strong>Le vice-pr\u00e9sident de l\u2019\u00e9quipe nordiste a appel\u00e9 les responsables r\u00e9gionaux \u00e0 s\u2019unir dans ce contexte d\u00e9licat. \u00ab\u00a0Le club a besoin de ressources et de solutions pour avancer et pourquoi ne pas mettre en place un haut comit\u00e9 pour g\u00e9rer ses affaires\u00a0\u00bb.<span class=\"Apple-converted-space\">\u00a0<\/span><\/strong><\/span><\/p>\n<p class=\"p2 c4\">\u00a0<\/p>\n<p class=\"p3 c5\"><span class=\"c2\"><strong>L\u2019avocat <span class=\"Apple-converted-space\">\u00a0<\/span><\/strong><\/span><\/p>\n<p class=\"p3 c5\"><span class=\"c2\"><strong>Ahmed Kandara : <span class=\"Apple-converted-space\">\u00a0<\/span><\/strong><\/span><\/p>\n<p class=\"p3 c5\"><span class=\"c2\"><strong><span class=\"Apple-converted-space\">\u00a0<\/span>\u00ab L\u2019affaire n\u2019a rien<span class=\"Apple-converted-space\">\u00a0<\/span><\/strong><\/span><\/p>\n<p class=\"p3 c5\"><span class=\"c2\"><strong>de politique \u00bb<\/strong><\/span><\/p>\n<p class=\"p1 c3\"><span class=\"c2\"><strong>L\u2019avocat Ahmed Kandara est intervenu sur les ondes d\u2019IFM, pour pr\u00e9ciser que son client, Abdessalam Sa\u00efdani, en l\u2019ccurrence, n\u2019est pas sur la liste des personnes recherch\u00e9es et qu\u2019il a quitt\u00e9 le territoire tunisien en toute l\u00e9galit\u00e9.<span class=\"Apple-converted-space\">\u00a0<\/span><\/strong><\/span><\/p>\n<p class=\"p1 c3\"><span class=\"c2\"><strong>\u00ab Le pr\u00e9sident du CAB a \u00e9t\u00e9 condamn\u00e9 pour des affaires de ch\u00e8ques sans provision. Il a d\u2019ailleurs entam\u00e9 les d\u00e9marches pour contracter un cr\u00e9dit d\u2019un million de dinars. Toute l\u2019affaire est l\u00e0. Il n\u2019y a rien de politique et les partis ne sont pas m\u00eal\u00e9s \u00e0 cette affaire \u00bb.<\/strong><\/span><\/p>\n<p class=\"p4 c6\"><span class=\"c2\"><strong>R.B.A<\/strong><\/span><\/p>\n<p>Auteur: letemps1<br \/>\n<a href=\"http:\/\/www.letemps.com.tn\/article\/115249\/%C2%ABun-coup-de-t%C3%A9l%C3%A9phone-pr%C3%A9cipit%C3%A9-le-d%C3%A9part-de-saidani-pour-la-france-%C2%BB-selon-le-vice\">Cliquez ici pour lire l&rsquo;article depuis sa source.<\/a><\/p>\n","protected":false},"excerpt":{"rendered":"<p>Aymen Zine, vice-pr\u00e9sident du CAB a assur\u00e9 dimanche dernier, sur les ondes de Mosa\u00efque FM, qu\u2019il a \u00e9t\u00e9 surpris du d\u00e9roulement des \u00e9v\u00e9nements avec le pr\u00e9sident du CAB.\u00a0 \u00ab\u00a0Nous \u00e9tions en pr\u00e9paration du stage du club \u00e0 Mahdia. Il y a quelques jours, un haut fonctionnaire a contact\u00e9 Abdessalem Sa\u00efdani pour l\u2019informer que son dossier [&hellip;]<\/p>\n","protected":false},"author":1773,"featured_media":0,"comment_status":"closed","ping_status":"closed","sticky":false,"template":"","format":"standard","meta":{"fifu_image_url":"","fifu_image_alt":"","footnotes":""},"categories":[73,55],"tags":[],"class_list":["post-90651","post","type-post","status-publish","format-standard","hentry","category-actualite","category-tunisie"],"_links":{"self":[{"href":"https:\/\/linitiative.ca\/International\/wp-json\/wp\/v2\/posts\/90651","targetHints":{"allow":["GET"]}}],"collection":[{"href":"https:\/\/linitiative.ca\/International\/wp-json\/wp\/v2\/posts"}],"about":[{"href":"https:\/\/linitiative.ca\/International\/wp-json\/wp\/v2\/types\/post"}],"author":[{"embeddable":true,"href":"https:\/\/linitiative.ca\/International\/wp-json\/wp\/v2\/users\/1773"}],"replies":[{"embeddable":true,"href":"https:\/\/linitiative.ca\/International\/wp-json\/wp\/v2\/comments?post=90651"}],"version-history":[{"count":0,"href":"https:\/\/linitiative.ca\/International\/wp-json\/wp\/v2\/posts\/90651\/revisions"}],"wp:attachment":[{"href":"https:\/\/linitiative.ca\/International\/wp-json\/wp\/v2\/media?parent=90651"}],"wp:term":[{"taxonomy":"category","embeddable":true,"href":"https:\/\/linitiative.ca\/International\/wp-json\/wp\/v2\/categories?post=90651"},{"taxonomy":"post_tag","embeddable":true,"href":"https:\/\/linitiative.ca\/International\/wp-json\/wp\/v2\/tags?post=90651"}],"curies":[{"name":"wp","href":"https:\/\/api.w.org\/{rel}","templated":true}]}}