{"id":90652,"date":"2020-06-30T11:50:19","date_gmt":"2020-06-30T15:50:19","guid":{"rendered":"https:\/\/linitiative.ca\/International\/les-joueurs-cadres-boudent-le-stage-de-hammam-bourguiba\/"},"modified":"2020-06-30T11:50:19","modified_gmt":"2020-06-30T15:50:19","slug":"les-joueurs-cadres-boudent-le-stage-de-hammam-bourguiba","status":"publish","type":"post","link":"https:\/\/linitiative.ca\/International\/les-joueurs-cadres-boudent-le-stage-de-hammam-bourguiba\/","title":{"rendered":"Les joueurs-cadres  boudent  le stage de Hammam-Bourguiba !"},"content":{"rendered":"<p class=\"p1 c3\"><span class=\"c2\"><strong><span class=\"Apple-converted-space\">\u00a0<\/span>Le nouveau cycle de l\u2019Etoile a pris une allure plus soutenue depuis hier avec l\u2019entame d\u2019un stage bloqu\u00e9 \u00e0 Hammam Bourguiba qui durera 10 jours et qui sera ponctu\u00e9 par trois rencontres amicales face au CA, l\u2019AS Soliman et le ST.<\/strong><\/span><\/p>\n<p class=\"p1 c3\"><span class=\"c2\"><strong>Un rassemblement \u00e0 connotation naturellement physique et qui verra la participation de 28 joueurs dont la quasi-totalit\u00e9 fait partie de la nouvelle vague de jeunes \u00e9l\u00e9ments promus r\u00e9cemment en \u00e9quipe premi\u00e8re.<\/strong><\/span><\/p>\n<p class=\"p1 c3\"><span class=\"c2\"><strong>Liste des joueurs : Mohamed Ali Ellili,Ahmed Slim\u00e8ne, Walid Krid\u00e8ne, Salah Harabi, Rayen Azouz, Baha Sellami, Baligh Jemmali, Malek Baayou, Muhanned Aissa, Ayoub Ayed, Mohamed Haj Mahmoud, Aziz B Abdallah, Abdallah Dagou, Aziz Falah, Oussama Abid, AliSoumah,<span class=\"Apple-converted-space\">\u00a0<\/span> Darwin Gonzales,Dadi Mouaki, Radhouane Zerdoum, Souleymane Coulibaly, Adama Jameh, Louay B Hassine, Hazem Haj Hassen, Jacques M\u2019b\u00e9,Faik Sik Salem, Nessim Khedher, Omar Konat\u00e9 et Ghofrane Naouali.<\/strong><\/span><\/p>\n<p class=\"p2 c4\">\u00a0<\/p>\n<p class=\"p3 c5\"><span class=\"c2\"><strong>D\u00e9fection<span class=\"Apple-converted-space\">\u00a0<\/span><\/strong><\/span><\/p>\n<p class=\"p3 c5\"><span class=\"c2\"><strong>des joueurs-cadres !<\/strong><\/span><\/p>\n<p class=\"p1 c3\"><span class=\"c2\"><strong>A consulter cette liste, on rel\u00e8ve clairement l\u2019absence des joueurs dits cadres de l\u2019\u00e9quipe \u00e0 savoir l :Balbouli, Msakni, Ben Aziza,Boughattas,Belarbi,Kechrida, B Ouann\u00e8s,Ben<span class=\"Apple-converted-space\">\u00a0<\/span> Amor,Laaribi\u2026<\/strong><\/span><\/p>\n<p class=\"p1 c3\"><span class=\"c2\"><strong>Renseignements pris, ces derniers r\u00e9clament leurs salaires et primes impay\u00e9s et auraient refus\u00e9 de reprendre les entrainements avant la r\u00e9gularisation de leurs situations respectives. Du coup, le pr\u00e9sident de la section football Chokri Laamiri a pris la d\u00e9cision de les \u00e9carter du stage de Hammam Bourguiba. On \u00e9voque m\u00eame une absence de communication entre les deux parties, bien que d\u2019apr\u00e8s les aveux du tr\u00e9sorier du club Sah\u00e9lien Ridha Ghozzi, les joueurs r\u00e9fractaires ont per\u00e7u leurs salaires depuis vendredi.<\/strong><\/span><\/p>\n<p class=\"p2 c4\">\u00a0<\/p>\n<p class=\"p3 c5\"><span class=\"c2\"><span class=\"s1 c6\"><strong>\u00a0<\/strong><\/span><strong>ESS-USM (2-2)<\/strong><\/span><\/p>\n<p class=\"p1 c3\"><span class=\"c2\"><strong><span class=\"Apple-converted-space\">\u00a0<\/span>Le match amical opposant l\u2019USMo \u00e0 l\u2019ESS n\u2019a pas livr\u00e9 de vainqueur. Les deux clubs se sont quitt\u00e9s sur un score de parit\u00e9 2-2. Emmanuel Agbado et Anthony Okpotu ont inscrit les deux buts uss\u00e9mistes..Alors que les deux r\u00e9alisations \u00e9toil\u00e9es ont \u00e9t\u00e9 marqu\u00e9s par Souleymane Coulibaly et Redouane Zerdoum<span class=\"Apple-converted-space\">\u00a0<\/span><\/strong><\/span><\/p>\n<p class=\"p2 c4\">\u00a0<\/p>\n<p class=\"p3 c5\"><span class=\"c2\"><strong>Nafkha second adjoint, oui, mais\u2026 !<\/strong><\/span><\/p>\n<p class=\"p1 c3\"><span class=\"c2\"><strong>L\u2019ex-milieu d\u00e9fensif de la g\u00e9n\u00e9ration 2007 Mohamed Ali Nafkha a \u00e9t\u00e9 nomm\u00e9 second adjoint de Naoufel Chebil, une nomination qui suscite des interrogations relatives \u00e0 la pertinence mais surtout \u00e0 l\u2019efficience de ce choix.<span class=\"Apple-converted-space\">\u00a0<\/span><\/strong><\/span><\/p>\n<p class=\"p1 c3\"><span class=\"c2\"><strong>La question toute simple que l\u2019on puisse se poser est la suivante : Quel est le sort qui sera r\u00e9serv\u00e9 \u00e0 Nafkha et m\u00eame au premier assistant nomm\u00e9 lui aussi r\u00e9cemment Chokri Aissa, apr\u00e8s la nomination du futur entraineur de l\u2019\u00e9quipe qui sera fort probablement Roger Lemerre,un technicien conservateur en mati\u00e8re de casting de ses assistants et pr\u00e9f\u00e9rant travailler avec ses compagnons de route tels que les Mhammedi ou Jeddi\u2026 ?<\/strong><\/span><\/p>\n<p class=\"p2 c4\">\u00a0<\/p>\n<p class=\"p3 c5\"><span class=\"c2\"><strong>Mohamed Dhib,<span class=\"Apple-converted-space\">\u00a0<\/span><\/strong><\/span><\/p>\n<p class=\"p3 c5\"><span class=\"c2\"><strong>nouveau DT<span class=\"Apple-converted-space\">\u00a0<\/span><\/strong><\/span><\/p>\n<p class=\"p3 c5\"><span class=\"c2\"><strong><span class=\"Apple-converted-space\">\u00a0<\/span>Un choix \u00e9conomique !<\/strong><\/span><\/p>\n<p class=\"p1 c3\"><span class=\"c2\"><strong>Apr\u00e8s avoir \u00e9t\u00e9 question de l\u2019av\u00e8nement d\u2019un entraineur formateur de grande renomm\u00e9e ayant \u00e9t\u00e9 en charge notamment du centre de formation du Havre, la direction de l\u2019Etoile s\u2019est finalement r\u00e9tract\u00e9e en privil\u00e9giant la piste locale avec la nomination de l\u2019enfant du club Mohamed Dhib entant que directeur technique des jeunes ;un formateur qui a notamment exerc\u00e9 \u00e0 l\u2019acad\u00e9mie Aspire au Qatar.<\/strong><\/span><\/p>\n<p class=\"p1 c3\"><span class=\"c2\"><strong>Le volet financier a \u00e9t\u00e9 clairement d\u00e9terminant dans ce revirement de situation dans le casting du directoire \u00e9toil\u00e9, tout en esp\u00e9rant quand m\u00eame que l\u2019\u00e9quation finances- apport technique soit r\u00e9ussie.<\/strong><\/span><\/p>\n<p class=\"p4 c7\"><span class=\"c2\"><strong>Hatem REGAIEG<\/strong><\/span><\/p>\n<p>Auteur: letemps1<br \/>\n<a href=\"http:\/\/www.letemps.com.tn\/article\/115250\/les-joueurs-cadres-boudent-le-stage-de-hammam-bourguiba\">Cliquez ici pour lire l&rsquo;article depuis sa source.<\/a><\/p>\n","protected":false},"excerpt":{"rendered":"<p>\u00a0Le nouveau cycle de l\u2019Etoile a pris une allure plus soutenue depuis hier avec l\u2019entame d\u2019un stage bloqu\u00e9 \u00e0 Hammam Bourguiba qui durera 10 jours et qui sera ponctu\u00e9 par trois rencontres amicales face au CA, l\u2019AS Soliman et le ST. Un rassemblement \u00e0 connotation naturellement physique et qui verra la participation de 28 joueurs [&hellip;]<\/p>\n","protected":false},"author":1773,"featured_media":0,"comment_status":"closed","ping_status":"closed","sticky":false,"template":"","format":"standard","meta":{"fifu_image_url":"","fifu_image_alt":"","footnotes":""},"categories":[73,55],"tags":[],"class_list":["post-90652","post","type-post","status-publish","format-standard","hentry","category-actualite","category-tunisie"],"_links":{"self":[{"href":"https:\/\/linitiative.ca\/International\/wp-json\/wp\/v2\/posts\/90652","targetHints":{"allow":["GET"]}}],"collection":[{"href":"https:\/\/linitiative.ca\/International\/wp-json\/wp\/v2\/posts"}],"about":[{"href":"https:\/\/linitiative.ca\/International\/wp-json\/wp\/v2\/types\/post"}],"author":[{"embeddable":true,"href":"https:\/\/linitiative.ca\/International\/wp-json\/wp\/v2\/users\/1773"}],"replies":[{"embeddable":true,"href":"https:\/\/linitiative.ca\/International\/wp-json\/wp\/v2\/comments?post=90652"}],"version-history":[{"count":0,"href":"https:\/\/linitiative.ca\/International\/wp-json\/wp\/v2\/posts\/90652\/revisions"}],"wp:attachment":[{"href":"https:\/\/linitiative.ca\/International\/wp-json\/wp\/v2\/media?parent=90652"}],"wp:term":[{"taxonomy":"category","embeddable":true,"href":"https:\/\/linitiative.ca\/International\/wp-json\/wp\/v2\/categories?post=90652"},{"taxonomy":"post_tag","embeddable":true,"href":"https:\/\/linitiative.ca\/International\/wp-json\/wp\/v2\/tags?post=90652"}],"curies":[{"name":"wp","href":"https:\/\/api.w.org\/{rel}","templated":true}]}}