{"id":90665,"date":"2020-06-30T10:00:00","date_gmt":"2020-06-30T14:00:00","guid":{"rendered":"https:\/\/linitiative.ca\/International\/football-la-can-2021-reportee-a-2022\/"},"modified":"2020-06-30T10:00:00","modified_gmt":"2020-06-30T14:00:00","slug":"football-la-can-2021-reportee-a-2022","status":"publish","type":"post","link":"https:\/\/linitiative.ca\/International\/football-la-can-2021-reportee-a-2022\/","title":{"rendered":"Football : La CAN-2021 report\u00e9e \u00e0 2022"},"content":{"rendered":"<p>\u00abLa CAN est repouss\u00e9e \u00e0 janvier 2022, alors que le Championnat d&rsquo;Afrique des nations CHAN-2020 (comp\u00e9tition r\u00e9serv\u00e9e aux joueurs locaux, ndlr) au Cameroun est d\u00e9cal\u00e9 \u00e0 2021, \u00e0 la place de la CAN, ce sera un test un an avant la CAN-2022\u00bb, a d\u00e9clar\u00e9 Ahmad Ahmad.<\/p>\n<p>Le premier responsable de l&rsquo;instance continentale s&rsquo;exprimait par visioconf\u00e9rence, \u00e0 l&rsquo;issue de la r\u00e9union du Bureau ex\u00e9cutif de la CAF, pour discuter notamment de l&rsquo;impact du COVID-19 sur le football africain.<\/p>\n<p>Auteur: elmoudjahid<br \/>\n<a href=\"http:\/\/www.elmoudjahid.com\/fr\/actualites\/155758\">Cliquez ici pour lire l&rsquo;article depuis sa source.<\/a><\/p>\n","protected":false},"excerpt":{"rendered":"<p>\u00abLa CAN est repouss\u00e9e \u00e0 janvier 2022, alors que le Championnat d&rsquo;Afrique des nations CHAN-2020 (comp\u00e9tition r\u00e9serv\u00e9e aux joueurs locaux, ndlr) au Cameroun est d\u00e9cal\u00e9 \u00e0 2021, \u00e0 la place de la CAN, ce sera un test un an avant la CAN-2022\u00bb, a d\u00e9clar\u00e9 Ahmad Ahmad. Le premier responsable de l&rsquo;instance continentale s&rsquo;exprimait par visioconf\u00e9rence, [&hellip;]<\/p>\n","protected":false},"author":1744,"featured_media":0,"comment_status":"closed","ping_status":"closed","sticky":false,"template":"","format":"standard","meta":{"fifu_image_url":"","fifu_image_alt":"","footnotes":""},"categories":[73,53],"tags":[],"class_list":["post-90665","post","type-post","status-publish","format-standard","hentry","category-actualite","category-algerie"],"_links":{"self":[{"href":"https:\/\/linitiative.ca\/International\/wp-json\/wp\/v2\/posts\/90665","targetHints":{"allow":["GET"]}}],"collection":[{"href":"https:\/\/linitiative.ca\/International\/wp-json\/wp\/v2\/posts"}],"about":[{"href":"https:\/\/linitiative.ca\/International\/wp-json\/wp\/v2\/types\/post"}],"author":[{"embeddable":true,"href":"https:\/\/linitiative.ca\/International\/wp-json\/wp\/v2\/users\/1744"}],"replies":[{"embeddable":true,"href":"https:\/\/linitiative.ca\/International\/wp-json\/wp\/v2\/comments?post=90665"}],"version-history":[{"count":0,"href":"https:\/\/linitiative.ca\/International\/wp-json\/wp\/v2\/posts\/90665\/revisions"}],"wp:attachment":[{"href":"https:\/\/linitiative.ca\/International\/wp-json\/wp\/v2\/media?parent=90665"}],"wp:term":[{"taxonomy":"category","embeddable":true,"href":"https:\/\/linitiative.ca\/International\/wp-json\/wp\/v2\/categories?post=90665"},{"taxonomy":"post_tag","embeddable":true,"href":"https:\/\/linitiative.ca\/International\/wp-json\/wp\/v2\/tags?post=90665"}],"curies":[{"name":"wp","href":"https:\/\/api.w.org\/{rel}","templated":true}]}}