{"id":90666,"date":"2020-06-30T10:30:00","date_gmt":"2020-06-30T14:30:00","guid":{"rendered":"https:\/\/linitiative.ca\/International\/m-djerrad-a-tindoufletat-determine-a-soutenir-lindustrie-manufacturiere\/"},"modified":"2020-06-30T10:30:00","modified_gmt":"2020-06-30T14:30:00","slug":"m-djerrad-a-tindoufletat-determine-a-soutenir-lindustrie-manufacturiere","status":"publish","type":"post","link":"https:\/\/linitiative.ca\/International\/m-djerrad-a-tindoufletat-determine-a-soutenir-lindustrie-manufacturiere\/","title":{"rendered":"M. Djerrad \u00e0 Tindouf:L\u2019Etat d\u00e9termin\u00e9 \u00e0 soutenir l\u2019industrie manufacturi\u00e8re"},"content":{"rendered":"<p>. M. Djerad \u00e9tait accompagn\u00e9, lors de cette visite, d\u2019une d\u00e9l\u00e9gation minist\u00e9rielle comprenant les ministres de l\u2019Int\u00e9rieur, des Collectivit\u00e9s locales et de l\u2019Am\u00e9nagement du territoire, Kamel Beldjoud, de l\u2019Habitat, de l\u2019Urbanisme et de la Ville, Kamel Nasri, de l\u2019Agriculture et du D\u00e9veloppement Rural, Abdelhamid Hamdane, de l\u2019Education Nationale, Mohamed Oujaout, et des Affaires religieuses et des Wakfs, Youcef Belmehdi. M. Djerrad, a entam\u00e9 sa visite par l\u2019inspection du projet de r\u00e9alisation d\u2019un p\u00f4le cultuel et culturel \u00e0 la cit\u00e9 Tindouf Lotfi o\u00f9 il visitera \u00e9galement un autre projet portant r\u00e9alisation d\u2019une plateforme logistique frigorifique d\u2019une capacit\u00e9 de 5000m3.<\/p>\n<p><strong>L\u2019Etat d\u00e9termin\u00e9 \u00e0 soutenir l\u2019industrie manufacturi\u00e8re<\/strong><\/p>\n<p>Lors de l&rsquo;inspection d&rsquo;un projet de r\u00e9alisation d\u2019un groupe d\u2019entrep\u00f4ts frigorifiques, M. Djerad a affirm\u00e9 que l\u2019Etat \u00e9tait d\u00e9termin\u00e9 \u00e0 promouvoir l\u2019investissement et \u00e0 consolider l\u2019industrie manufacturi\u00e8re.<\/p>\n<p>\u00abNous \u0153uvrerons \u00e0 l\u2019accompagnement de ce groupe qui contribuera \u00e0 l&rsquo;appui de la strat\u00e9gie de l\u2019Etat visant la r\u00e9gulation des produits agricoles, l\u2019encouragement des paysans et la consolidation des capacit\u00e9s de stockage\u00bb, a-t-il soutenu.<\/p>\n<p>Les autorit\u00e9s s&rsquo;engagent \u00e9galement \u00e0 \u00e9riger la wilaya en r\u00e9gion agricole, au vu des richesses abondantes que rec\u00e8le le Sahara, ajoute le Premier ministre.<\/p>\n<p>D\u2019une capacit\u00e9 de 5.000 M3, ce projet dont le taux d\u2019avancement des travaux est de 95% assurera, une fois mis en service, 25 postes de travail, selon les pr\u00e9cisions fournies au Premier ministre sur place. Ledit projet devrait \u00e9galement permettre la consolidation des infrastructures en mati\u00e8re d\u2019import-export.<\/p>\n<p>La superficie globale de ce projet dont les travaux ont \u00e9t\u00e9 lanc\u00e9s en novembre 2017, est de pr\u00e8s de 5,1 hectare, ce qui offre, si besoin est, la possibilit\u00e9 de son extension, afin de le mettre au profit de la r\u00e9gion pour la conservation des produits des agriculteurs et des \u00e9leveurs, \u00e0 des prix symboliques, \u00e0 m\u00eame d\u2019assurer la disponibilit\u00e9 de ces produits, tout au long de l\u2019ann\u00e9e, pr\u00e9cise encore la fiche technique du projet.<\/p>\n<p><strong>Inspection du projet du centre culturel et religieux \u00e0 la cit\u00e9 Tindouf Lotfi<\/strong><\/p>\n<p>Le Premier ministre, Abdelaziz Djerad, a inspect\u00e9, mardi, le centre culturel et religieux \u00e0 la cit\u00e9 Tindouf Lotfi.<\/p>\n<p>Le projet du centre culturel et religieux de la ville de Tindouf Lotfi \u00abest une r\u00e9alisation et un grand monument dont la wilaya a grand besoin, \u00e9tant une ville enracin\u00e9e dans notre religion\u00bb, a d\u00e9clar\u00e9 M. Djerad, ajoutant qu&rsquo;\u00abil veillera \u00e0 suivre ce projet important jusqu&rsquo;\u00e0 son parach\u00e8vement\u00bb.<\/p>\n<p>Il a salu\u00e9, \u00e0 cette occasion, toutes les personnes participant \u00e0 la r\u00e9alisation de ce monument ainsi que \u00abtous ceux qui veulent du bien \u00e0 l&rsquo;Alg\u00e9rie et qui participent \u00e0 son \u00e9dification\u00bb.<\/p>\n<p>Selon les explications fournies au Premier ministre, les travaux du centre culturel et religieux avaient d\u00e9but\u00e9 en 2005 avant d&rsquo;\u00eatre suspendus puis repris en janvier 2017. Une enveloppe de plus de 495 millions Da avait \u00e9t\u00e9 allou\u00e9e \u00e0 ce projet.<\/p>\n<p><strong>Projet de pompage d\u2019eau potable:<\/strong><strong>Djerad insiste sur la r\u00e9ception de l\u2019ouvrage dans les plus brefs d\u00e9lais<\/strong><\/p>\n<p>Le Premier ministre, Abdelaziz Djerad a insist\u00e9, mardi \u00e0 partir de la wilaya de Tindouf, sur l\u2019imp\u00e9ratif du parach\u00e8vement du projet du complexe de pompage d\u2019eau potable et de sa r\u00e9ception dans les plus brefs d\u00e9lais.<\/p>\n<p>Lors de l\u2019inspection du projet du complexe de pompage d\u2019eau potable dans les cit\u00e9s \u00abEl Wiam\u00bb et \u00abEl Wifak\u00bb, M. Djerad a affirm\u00e9 l\u2019importance d\u2019acc\u00e9l\u00e9rer le rythme de r\u00e9alisation des travaux pour parachever le projet, en pr\u00e9vision de sa r\u00e9ception dans les plus brefs d\u00e9lais\u00bb.\u00a0\u00a0\u00a0\u00a0\u00a0<\/p>\n<p>L\u2019autorisation de programme pour la r\u00e9alisation de ce projet s&rsquo;\u00e9l\u00e8ve \u00e0 760 millions de dinars, dans un d\u00e9lai de 24 mois, au cours desquels il sera proc\u00e9d\u00e9 \u00e0 la r\u00e9alisation de deux r\u00e9servoirs d\u2019une capacit\u00e9 de 10.000 m3 chacun, d\u2019une station de pompage et d\u2019un r\u00e9seau de distribution d&rsquo;une longueur de 4,9 km et d&rsquo;un diam\u00e8tre de 400 mm, selon la fiche technique du projet.<\/p>\n<p><strong>R\u00e9alisation des logements:\u00a0<\/strong><strong>Tenir compte de l\u2019aspect esth\u00e9tique<\/strong><\/p>\n<p>Le Premier ministre, Abdelaziz Djerad a donn\u00e9 de fermes instructions quant \u00e0 l\u2019imp\u00e9ratif de tenir compte de l\u2019aspect esth\u00e9tique et du cachet architectural dans la r\u00e9alisation des agglom\u00e9rations dans la r\u00e9gion.<\/p>\n<p>En visitant le projet de r\u00e9alisation du p\u00f4le urbain 1402 logements, le Premier ministre a \u00e9cout\u00e9 un expos\u00e9 sur le programme de logement de la wilaya et donn\u00e9 de fermes instructions aux responsables du secteur pour consulter des sociologues, voire des psychologues, avant la r\u00e9alisation des agglom\u00e9rations, en vue d\u2019\u00e9tudier les aspects psychosociologiques adapt\u00e9s aux exigences de la population de la r\u00e9gion, insistant sur l\u2019importance d\u2019effectuer des \u00e9tudes pr\u00e9liminaires et d\u2019utiliser des mat\u00e9riaux de construction locaux.<\/p>\n<p>Aussi, il a soulign\u00e9 la n\u00e9cessit\u00e9 de garantir toutes les structures sociales r\u00e9pondant aux exigences du citoyen, insistant sur l&rsquo;aspect social et la nature de la r\u00e9gion.<\/p>\n<p>Concernant le choix des entrepreneurs, M. Djerad a exig\u00e9 de confier les projets aux soci\u00e9t\u00e9s disposant des moyens mat\u00e9riels et humains suffisants, afin d\u2019\u00e9viter les probl\u00e8mes de retard dans la r\u00e9alisation des projets ou l\u2019annulation des march\u00e9s.<\/p>\n<p>Le Premier ministre a d\u00e9clar\u00e9, dans ce sens, que \u00abla bureaucratie et le manque de transparence sont les v\u00e9ritables ennemis en mati\u00e8re de r\u00e9alisation de projets\u00bb, ajoutant que \u00abdans le cadre de l&rsquo;\u00e9dification de l&rsquo;Alg\u00e9rie nouvelle, il est imp\u00e9ratif de changer toutes les anciennes m\u00e9thodes de r\u00e9alisation, en vue de r\u00e9pondre aux revendications des citoyens\u00bb.<\/p>\n<p>Il a rappel\u00e9, \u00e0 cet effet, le communiqu\u00e9 du dernier Conseil des ministres dans lequel le pr\u00e9sident de la R\u00e9publique avait donn\u00e9 des instructions pour la lutte contre la bureaucratie, en appelant les responsables \u00e0 faire preuve d&rsquo;un fort esprit de nationalisme.<\/p>\n<p>M. Djerad a donn\u00e9 des consignes pour l&rsquo;acc\u00e9l\u00e9ration de la cadence de r\u00e9alisation des projets de logements, outre leur suivi permanent et continu dans le souci de r\u00e9pondre aux exigences des citoyens, soulignant la n\u00e9cessit\u00e9 de tracer un plan d&rsquo;action bas\u00e9 sur la coordination et l&rsquo;accompagnement dans la r\u00e9alisation de ce type de projets.<\/p>\n<p>Concernant l&rsquo;am\u00e9nagement du territoire, le Premier ministre a insist\u00e9 sur l&rsquo;importance de r\u00e9aliser des projets de logements, en assurant les diff\u00e9rentes structures vitales dont les h\u00f4pitaux, les espaces verts, les services de la protection civile et les \u00e9tablissements \u00e9ducatifs, plaidant, en outre, pour le respect de l&rsquo;esth\u00e9tisme culturel et architectural de la r\u00e9gion, en am\u00e9nageant des espaces symbolisant la ville du Sud, d&rsquo;autant que l&rsquo;Alg\u00e9rie dispose de \u00abcapacit\u00e9s mat\u00e9rielles et humaines\u00bb dans le domaine de l&rsquo;intelligence architecturale\u00bb.<\/p>\n<p><strong>Enseignement<\/strong><\/p>\n<p><strong>G\u00e9n\u00e9ralisation graduelle de la tablette \u00e9lectronique<\/strong><\/p>\n<p>Le Premier ministre, Abdelaziz Djerad a indiqu\u00e9, mardi depuis Tindouf, que le Gouvernement \u0153uvrait \u00e0 la g\u00e9n\u00e9ralisation graduelle de la tablette \u00e9lectronique au niveau des \u00e9coles et des lyc\u00e9es, en vue de r\u00e9duire l\u2019utilisation des manuels et d\u2019all\u00e9ger le cartable.<\/p>\n<p>Lors de l\u2019inspection du projet de r\u00e9alisation d\u2019un lyc\u00e9e sis entre les cit\u00e9s \u00abWifak \u00ab et \u00abWiam \u00ab au chef-lieu de la wilaya, M. Djerad a fait savoir que le Gouvernement visait \u00abla g\u00e9n\u00e9ralisation de la tablette \u00e9lectronique \u00e0 travers tout le territoire national, afin de r\u00e9duire l\u2019utilisation des manuels et d\u2019all\u00e9ger le poids du cartable, d&rsquo;autant que les \u00e9l\u00e8ves ma\u00eetrisent d\u00e9sormais les TIC\u00bb.<\/p>\n<p>Le Gouvernement, poursuit-il, \u0153uvrera \u00e0 l\u2019int\u00e9gration graduelle des tableaux \u00e9lectroniques dans les \u00e9coles et les lyc\u00e9es, pour am\u00e9liorer la qualit\u00e9 d\u2019enseignement des \u00e9l\u00e8ves, gr\u00e2ce aux nouvelles technologies, en leur apprenant des contenus scientifiques et historiques consacrant les constantes nationales mais aussi adapt\u00e9s au monde moderne.<\/p>\n<p>M. Djerad a mis en avant le r\u00f4le important du secteur de l\u2019\u00e9ducation, le qualifiant de \u00abvital\u00bb, en ce sens qu\u2019il assure la formation de l\u2019\u00e9lite qui m\u00e8nera le pays \u00e0 bon port, outre son r\u00f4le dans la formation des futurs femmes et hommes qui \u00abseront appel\u00e9s \u00e0 pr\u00e9server l\u2019identit\u00e9 nationale et \u00e0 \u0153uvrer \u00e0 se frayer une place dans le monde, \u00e0 travers les connaissances morale, historique et civilisationnelle\u00bb.<\/p>\n<p>A cette occasion, les responsables du secteur ont pr\u00e9sent\u00e9, sur le site, au Premier ministre un expos\u00e9 sur les projets relevant du secteur de l\u2019Education au niveau de la wilaya dont la r\u00e9ception de 19 projets au d\u00e9but de la prochaine rentr\u00e9e scolaire.<\/p>\n<p>Le taux d\u2019avancement des travaux de ce lyc\u00e9e s\u2019\u00e9l\u00e8ve \u00e0 90% avec la cons\u00e9cration d&rsquo;un montant de plus de 359 millions DA.<\/p>\n<p>D&rsquo;une superficie de 2,50 hectares dont 6.600 m2 b\u00e2tis, le projet comprend un pavillon p\u00e9dagogique, une cantine de 200 repas, une salle de sport couverte et cinq logements de fonctions, selon la fiche technique du projet.<\/p>\n<p>Le Premier ministre a donn\u00e9 des instructions quant \u00e0 l&rsquo;imp\u00e9ratif respect des normes de qualit\u00e9 dans la r\u00e9alisation des travaux et l&rsquo;am\u00e9nagement d\u2019espaces pour le sport et la lecture.<\/p>\n<p><strong>imp\u00e9rative exploitation de l\u2019\u00e9nergie solaire pour booster l\u2019investissement<\/strong><\/p>\n<p>Le Premier ministre, Abdelaziz Djerad a plaid\u00e9, mardi depuis la wilaya de Tindouf, pour l\u2019exploitation de l\u2019\u00e9nergie solaire pour booster l\u2019investissement agricole notamment saharien qu\u2019il a qualifi\u00e9 de \u00abprojet national\u00bb.<\/p>\n<p>M. Djerad s\u2019est rendu dans une exploitation agricole r\u00e9serv\u00e9e \u00e0 la plantation de l\u2019arganier o\u00f9 il a suivi un expos\u00e9 sur le programme de renforcement du raccordement des exploitations agricoles au r\u00e9seau \u00e9lectrique, dans le cadre du d\u00e9veloppement de l\u2019agriculture saharienne, insistant, dans ce sens, sur l\u2019exploitation de l\u2019\u00e9nergie solaire en vue de booster l\u2019investissement agricole.<\/p>\n<p>Il \u00e9galement appel\u00e9 les responsables du secteur \u00e0 veiller au raccordement de tous les projets au r\u00e9seau \u00e9lectrique, rappelant des instructions du pr\u00e9sident de la R\u00e9publique lors du dernier Conseil des ministres concernant le raccordement des zones industrielles et des exploitations agricoles \u00e0 ce r\u00e9seau.<\/p>\n<p>\u00a0\u00abIl est inconcevable de r\u00e9aliser des projets sans leur raccordement \u00e0 l\u2019\u00e9lectricit\u00e9\u00bb a-t-il d\u00e9plor\u00e9, estimant que l\u2019agriculture saharienne constitue un projet national \u00e0 concr\u00e9tiser dans les plus brefs d\u00e9lais, en ce sens qu&rsquo;il est \u00e0 m\u00eame de booster le d\u00e9veloppement et de cr\u00e9er des postes d\u2019emploi\u00bb.<\/p>\n<p>A ce propos, il a rappel\u00e9 la cr\u00e9ation d\u2019un minist\u00e8re charg\u00e9 du d\u00e9veloppement des \u00e9nergies renouvelables dans le cadre du dernier remaniement minist\u00e9riel.<\/p>\n<p>Le gouvernement, poursuit-il, prendra des mesures en vue de faciliter l\u2019acquisition des panneaux solaires, affirmant que l\u2019Alg\u00e9rie dispose d&rsquo;usines de production de ces \u00e9quipements.<\/p>\n<p>Le Premier ministre a \u00e9galement appel\u00e9 \u00e0 l\u2019int\u00e9gration des universit\u00e9s et des laboratoires dans le programme de d\u00e9veloppement de l\u2019agriculture saharienne et \u00e0 l\u2019utilisation des \u00e9nergies renouvelables, indiquant que ces efforts visent la r\u00e9duction de la facture d\u2019importation et des transferts en devises.<\/p>\n<p>A cet effet, il a \u00e9cout\u00e9 les pr\u00e9occupations des agriculteurs de cette exploitation agricole li\u00e9es notamment \u00e0 la lev\u00e9e du gel sur les activit\u00e9s de forage de puits profonds \u00e0 m\u00eame de relancer le secteur agricole, faisant \u00e9tat d&rsquo;une \u00abvolont\u00e9 politique de soutenir les investisseurs priv\u00e9s dans les r\u00e9gions du Sud du pays\u00bb.<\/p>\n<p>Plaidant pour la lutte contre la bureaucratie et l&rsquo;encouragement des investisseurs dans les entreprises industrielles et agricoles, M. Djerad a fait savoir que l&rsquo;Etat mettra tous les moyens \u00e0 la disposition des agriculteurs \u00ab\u00e0 condition de se conformer \u00e0 un contrat moral\u00bb liant les deux parties\u00bb.<\/p>\n<p>Il a fait part de la disposition de l&rsquo;Etat \u00e0 d\u00e9p\u00eacher des ing\u00e9nieurs agronomes sur le terrain pour examiner les pr\u00e9occupations des agriculteurs.<\/p>\n<p>Selon les responsables locaux, la wilaya de Tindouf, qui produit des l\u00e9gumes, des dattes et des olives, dispose d&rsquo;une superficie cultivable estim\u00e9e \u00e0 158.422 hectares.<\/p>\n<p>Lors de sa visite \u00e0 la plateforme logistique frigorifique d\u2019une capacit\u00e9 de 5000 m3 situ\u00e9e \u00e0 la cit\u00e9 Tindouf Lotfi, M. Djerad a insist\u00e9 sur l&rsquo;importance de cette structure pour une r\u00e9gion telle que Tindouf et de son r\u00f4le dans la consolidation de l&rsquo;industrie manufacturi\u00e8re.<\/p>\n<p>Il a, dans ce sens, appel\u00e9 la wali \u00e0 acc\u00e9l\u00e9rer la cadence des travaux afin de r\u00e9ceptionner le projet avant la fin de l&rsquo;ann\u00e9e en cours.<\/p>\n<p>APS\u00a0<\/p>\n<p>Auteur: elmoudjahid<br \/>\n<a href=\"http:\/\/www.elmoudjahid.com\/fr\/actualites\/155759\">Cliquez ici pour lire l&rsquo;article depuis sa source.<\/a><\/p>\n","protected":false},"excerpt":{"rendered":"<p>. M. Djerad \u00e9tait accompagn\u00e9, lors de cette visite, d\u2019une d\u00e9l\u00e9gation minist\u00e9rielle comprenant les ministres de l\u2019Int\u00e9rieur, des Collectivit\u00e9s locales et de l\u2019Am\u00e9nagement du territoire, Kamel Beldjoud, de l\u2019Habitat, de l\u2019Urbanisme et de la Ville, Kamel Nasri, de l\u2019Agriculture et du D\u00e9veloppement Rural, Abdelhamid Hamdane, de l\u2019Education Nationale, Mohamed Oujaout, et des Affaires religieuses et [&hellip;]<\/p>\n","protected":false},"author":1744,"featured_media":0,"comment_status":"closed","ping_status":"closed","sticky":false,"template":"","format":"standard","meta":{"fifu_image_url":"","fifu_image_alt":"","footnotes":""},"categories":[73,53],"tags":[],"class_list":["post-90666","post","type-post","status-publish","format-standard","hentry","category-actualite","category-algerie"],"_links":{"self":[{"href":"https:\/\/linitiative.ca\/International\/wp-json\/wp\/v2\/posts\/90666","targetHints":{"allow":["GET"]}}],"collection":[{"href":"https:\/\/linitiative.ca\/International\/wp-json\/wp\/v2\/posts"}],"about":[{"href":"https:\/\/linitiative.ca\/International\/wp-json\/wp\/v2\/types\/post"}],"author":[{"embeddable":true,"href":"https:\/\/linitiative.ca\/International\/wp-json\/wp\/v2\/users\/1744"}],"replies":[{"embeddable":true,"href":"https:\/\/linitiative.ca\/International\/wp-json\/wp\/v2\/comments?post=90666"}],"version-history":[{"count":0,"href":"https:\/\/linitiative.ca\/International\/wp-json\/wp\/v2\/posts\/90666\/revisions"}],"wp:attachment":[{"href":"https:\/\/linitiative.ca\/International\/wp-json\/wp\/v2\/media?parent=90666"}],"wp:term":[{"taxonomy":"category","embeddable":true,"href":"https:\/\/linitiative.ca\/International\/wp-json\/wp\/v2\/categories?post=90666"},{"taxonomy":"post_tag","embeddable":true,"href":"https:\/\/linitiative.ca\/International\/wp-json\/wp\/v2\/tags?post=90666"}],"curies":[{"name":"wp","href":"https:\/\/api.w.org\/{rel}","templated":true}]}}