{"id":90669,"date":"2020-06-30T05:46:42","date_gmt":"2020-06-30T09:46:42","guid":{"rendered":"https:\/\/linitiative.ca\/International\/106775-foot-ligue-1-et-2-les-clubs-du-centre-unanimes-pour-un-arret-definitif-de-la-competition\/"},"modified":"2020-06-30T05:46:42","modified_gmt":"2020-06-30T09:46:42","slug":"106775-foot-ligue-1-et-2-les-clubs-du-centre-unanimes-pour-un-arret-definitif-de-la-competition","status":"publish","type":"post","link":"https:\/\/linitiative.ca\/International\/106775-foot-ligue-1-et-2-les-clubs-du-centre-unanimes-pour-un-arret-definitif-de-la-competition\/","title":{"rendered":"Covid19-Ligue 1 et 2: les clubs du Centre unanimes pour un arr\u00eat d\u00e9finitif de la comp\u00e9tition"},"content":{"rendered":"<div readability=\"37\">\n<p><strong>ALGER &#8211; Les clubs des Ligues 1 et 2 de la r\u00e9gion Centre, r\u00e9unis lundi \u00e0 Alger avec les responsables de la Ligue professionnelle de football (LFP), sont unanimes pour l&rsquo;arr\u00eat d\u00e9finitif de la saison en cours, arguant \u00ab\u00a0l&rsquo;int\u00e9r\u00eat g\u00e9n\u00e9ral et \u00e9viter la propagation du COVID-19 chez les joueurs\u00a0\u00bb.<\/strong><\/p>\n<\/div>\n<div readability=\"113.41630462561\">\n<p>Dans une d\u00e9claration \u00e0 la presse le pr\u00e9sident de la LFP, Abdelkrim Medouar, a assur\u00e9 que \u00ab\u00a090% des pr\u00e9sidents de clubs ont exprim\u00e9 leur d\u00e9saccord quant \u00e0 la reprise de la comp\u00e9tition, \u00e0 cause de la situation sanitaire difficile que traverse le pays\u00a0\u00bb.<\/p>\n<blockquote readability=\"9\">\n<p><em><strong>\u00ab\u00a0Les responsables des clubs ont mis en exergue l\u2019impossibilit\u00e9 d\u2019appliquer le protocole sanitaire exig\u00e9 par le minist\u00e8re de la sant\u00e9, a-t-il ajout\u00e9, soulignant que son instance va pr\u00e9senter un rapport d\u00e9taill\u00e9 au bureau f\u00e9d\u00e9ral sur ce sujet\u00a0\u00bb.<\/strong><\/em><\/p>\n<\/blockquote>\n<hr\/>\n<h3>Lire aussi:\u00a0<a href=\"http:\/\/www.aps.dz\/sport\/105692-ligue-1-les-entraineurs-partages-sur-la-reprise-du-championnat\" target=\"_blank\" rel=\"noopener noreferrer\">Ligue 1: les entra\u00eeneurs partag\u00e9s sur la reprise du championnat<\/a><\/h3>\n<hr\/>\n<p>Le premier responsable de la LFP a, \u00e9galement, fait savoir que les clubs qui sont toujours en course pour le titre de champion de la saison en cours, \u00e0 savoir, le CR Belouizdad, le JS Kabylie, l&rsquo;ES S\u00e9tif et le MC Alger, ont assur\u00e9 leur \u00ab\u00a0soutient pour cette d\u00e9cision dans ces circonstances exceptionnelles que traverse le pays\u00a0\u00bb.<\/p>\n<p>\u00ab\u00a0Les clubs concern\u00e9s par la rel\u00e9gation en Ligue 2, ainsi que ceux qui jouent l&rsquo;accession en Ligue 1, ont \u00e9galement soutenu cette proposition avanc\u00e9e par les clubs de l&rsquo;Est et l&rsquo;Ouest du pays\u00a0\u00bb, a-t-il ajout\u00e9.<\/p>\n<p class=\"c30\"><strong>Les clubs n&rsquo;ont pas mentionn\u00e9 l&rsquo;identit\u00e9 du champion et des rel\u00e9guables<\/strong><\/p>\n<p>Dans sa d\u00e9claration \u00e0 la presse, Medouar a, par ailleurs, indiqu\u00e9 que les pr\u00e9sidents de clubs ont exprim\u00e9 le souhait de pr\u00e9parer d\u00e8s \u00e0 pr\u00e9sent la prochaine saison, vu qu&rsquo;un retour \u00e0 la comp\u00e9tition pour cet exercice n&rsquo;est pas prioritaire dans les conditions sanitaires actuelles.<\/p>\n<blockquote readability=\"11\">\n<p><em><strong>\u00ab\u00a0Les responsables des clubs n&rsquo;ont pas mentionn\u00e9 l&rsquo;identit\u00e9 du champion et les repr\u00e9sentants alg\u00e9riens lors des prochaines comp\u00e9titions continentales et arabes, insistant sur le fait que l&rsquo;int\u00e9r\u00eat g\u00e9n\u00e9ral et la sant\u00e9 des joueurs sont plus important en cette p\u00e9riode de pand\u00e9mie, m\u00eame si les clubs ont consacr\u00e9 beaucoup d&rsquo;argent pour d\u00e9crocher le titre ou \u00e9viter la rel\u00e9gation\u00a0\u00bb, a-t-il d\u00e9clar\u00e9.<\/strong><\/em><\/p>\n<\/blockquote>\n<p>Avant de poursuivre \u00ab\u00a0le football n&rsquo;est pas une n\u00e9cessit\u00e9 en cette p\u00e9riode de pand\u00e9mie. La sant\u00e9 de nos concitoyens est le plus important\u00a0\u00bb.<\/p>\n<p>Pour leur part, les responsables des clubs ont appel\u00e9 \u00e0 prendre des d\u00e9cisions \u00ab\u00a0justes\u00a0\u00bb, si la d\u00e9cision de l&rsquo;arr\u00eat d\u00e9finitif de la saison est appliqu\u00e9e.<\/p>\n<hr\/>\n<h3>Lire aussi:\u00a0<a href=\"http:\/\/www.aps.dz\/sport\/106610-foot-la-decision-de-rependre-ou-non-la-competition-releve-exclusivement-des-autorites-sanitaires\" target=\"_blank\" rel=\"noopener noreferrer\">Foot: la d\u00e9cision de rependre ou non la comp\u00e9tition rel\u00e8ve des autorit\u00e9s sanitaires<\/a><\/h3>\n<hr\/>\n<p>Le porte parole du CR Belouizdad, Toufik Kourichi, dont le club \u00e9tait leader de la Ligue 1 avant l&rsquo;interruption de la comp\u00e9tition, a indiqu\u00e9 que \u00ab\u00a0la majorit\u00e9 des clubs ont convenu pour l&rsquo;arr\u00eat d\u00e9finitif de la saison\u00a0\u00bb, soulignant que \u00ab\u00a0la d\u00e9signation du champion est secondaire dans les conditions sanitaires actuelles. La priorit\u00e9 est de prot\u00e9ger les joueurs et pr\u00e9parer la prochaine saison\u00a0\u00bb.<\/p>\n<p>De son c\u00f4t\u00e9, le pr\u00e9sident du Conseil d&rsquo;administration du MC Alger, Abdelnacer Almas, a exprim\u00e9 \u00ab\u00a0l\u2019impossibilit\u00e9 d\u2019appliquer le protocole sanitaire exig\u00e9 par les hautes instances du pays qui serait trop on\u00e9reux pour les clubs des Ligues 1 et 2\u00a0\u00bb.<\/p>\n<blockquote readability=\"13\">\n<p><em><strong>M\u00eame son de cloche chez le repr\u00e9sentant du NA Hussein-Dey, Chaabane Merzkane, qui a fait savoir que les clubs ne peuvent pas appliquer les conditions du protocole sanitaire, citant \u00e0 titre d&rsquo;exemple, la n\u00e9cessit\u00e9 de fournir deux vestiaires par \u00e9quipes et deux bus pour les d\u00e9placements.\u00a0\u00ab\u00a0Nous soutenons la d\u00e9cision de l&rsquo;arr\u00eat d\u00e9finitif de la saison m\u00eame si le NAHD lutte pour le maintien en Ligue 1\u00a0\u00bb, a-t-il dit.\u00a0<\/strong><\/em><\/p>\n<\/blockquote>\n<p>De son c\u00f4t\u00e9, le pr\u00e9sident de la JS Kabylie, Ch\u00e9rif Mellal, a indiqu\u00e9 que \u00ab\u00a0son club est pour la reprise de la comp\u00e9tition, soutenant que la JSK respectera la d\u00e9cision finale, qui sera prise par les autorit\u00e9s comp\u00e9tentes\u00a0\u00bb.<\/p>\n<p>Avant la suspension du championnat de Ligue 1 \u00e0 la 22e journ\u00e9e, le CR Belouizdad occupait la t\u00eate du classement avec 40 points en plus d&rsquo;un match en retard, devant l&rsquo;ES S\u00e9tif et le MC Alger qui comptent 37 points chacun, mais avec un match en moins pour le \u00ab\u00a0Doyen\u00a0\u00bb.<\/p>\n<\/div>\n<p>Auteur:<br \/>\n<a href=\"http:\/\/www.aps.dz\/sport\/106775-foot-ligue-1-et-2-les-clubs-du-centre-unanimes-pour-un-arret-definitif-de-la-competition?utm_source=feedburner&#038;utm_medium=feed&#038;utm_campaign=Feed%3A+aps-sport+%28APS+-+SPORT%29\">Cliquez ici pour lire l&rsquo;article depuis sa source.<\/a><\/p>\n","protected":false},"excerpt":{"rendered":"<p>ALGER &#8211; Les clubs des Ligues 1 et 2 de la r\u00e9gion Centre, r\u00e9unis lundi \u00e0 Alger avec les responsables de la Ligue professionnelle de football (LFP), sont unanimes pour l&rsquo;arr\u00eat d\u00e9finitif de la saison en cours, arguant \u00ab\u00a0l&rsquo;int\u00e9r\u00eat g\u00e9n\u00e9ral et \u00e9viter la propagation du COVID-19 chez les joueurs\u00a0\u00bb. Dans une d\u00e9claration \u00e0 la presse [&hellip;]<\/p>\n","protected":false},"author":1790,"featured_media":0,"comment_status":"closed","ping_status":"closed","sticky":false,"template":"","format":"standard","meta":{"fifu_image_url":"","fifu_image_alt":"","footnotes":""},"categories":[53,75],"tags":[],"class_list":["post-90669","post","type-post","status-publish","format-standard","hentry","category-algerie","category-sport"],"_links":{"self":[{"href":"https:\/\/linitiative.ca\/International\/wp-json\/wp\/v2\/posts\/90669","targetHints":{"allow":["GET"]}}],"collection":[{"href":"https:\/\/linitiative.ca\/International\/wp-json\/wp\/v2\/posts"}],"about":[{"href":"https:\/\/linitiative.ca\/International\/wp-json\/wp\/v2\/types\/post"}],"author":[{"embeddable":true,"href":"https:\/\/linitiative.ca\/International\/wp-json\/wp\/v2\/users\/1790"}],"replies":[{"embeddable":true,"href":"https:\/\/linitiative.ca\/International\/wp-json\/wp\/v2\/comments?post=90669"}],"version-history":[{"count":0,"href":"https:\/\/linitiative.ca\/International\/wp-json\/wp\/v2\/posts\/90669\/revisions"}],"wp:attachment":[{"href":"https:\/\/linitiative.ca\/International\/wp-json\/wp\/v2\/media?parent=90669"}],"wp:term":[{"taxonomy":"category","embeddable":true,"href":"https:\/\/linitiative.ca\/International\/wp-json\/wp\/v2\/categories?post=90669"},{"taxonomy":"post_tag","embeddable":true,"href":"https:\/\/linitiative.ca\/International\/wp-json\/wp\/v2\/tags?post=90669"}],"curies":[{"name":"wp","href":"https:\/\/api.w.org\/{rel}","templated":true}]}}