{"id":90671,"date":"2020-06-30T11:53:13","date_gmt":"2020-06-30T15:53:13","guid":{"rendered":"https:\/\/linitiative.ca\/International\/106797-football-algerie-la-faf-maintient-sa-position-pour-la-reprise-des-competitions\/"},"modified":"2020-06-30T11:53:13","modified_gmt":"2020-06-30T15:53:13","slug":"106797-football-algerie-la-faf-maintient-sa-position-pour-la-reprise-des-competitions","status":"publish","type":"post","link":"https:\/\/linitiative.ca\/International\/106797-football-algerie-la-faf-maintient-sa-position-pour-la-reprise-des-competitions\/","title":{"rendered":"Football : la FAF maintient sa position pour la reprise des comp\u00e9titions"},"content":{"rendered":"<div readability=\"37\">\n<p><strong>ALGER &#8211; Le Bureau ex\u00e9cutif de la F\u00e9d\u00e9ration alg\u00e9rienne de football (FAF) a maintenu mardi sa position prise initialement pour la reprise de la saison footballistique 2019-2020, suspendue depuis le 16 mars en raison de la pand\u00e9mie du nouveau coronavirus (COVID-19), a appris l&rsquo;APS aupr\u00e8s de l&rsquo;instance f\u00e9d\u00e9rale.<\/strong><\/p>\n<\/div>\n<div readability=\"67\">\n<p>Le Bureau f\u00e9d\u00e9ral, r\u00e9uni mardi sous la pr\u00e9sidence du patron de la FAF Khe\u00efreddine Zetchi, a \u00ab\u00a0maintenu sa d\u00e9cision prise en avril dernier.<\/p>\n<p>Seuls les pouvoirs publics d\u00e9cideront du retour aux activit\u00e9s sportives et footballistiques\u00a0\u00bb, selon la m\u00eame source.<\/p>\n<blockquote readability=\"12\">\n<p><em><strong>En attendant la lev\u00e9e totale du confinement et l&rsquo;autorisation des rassemblements, il a \u00e9t\u00e9 d\u00e9cid\u00e9 de maintenir la feuille de route initialement \u00e9tablie par le BF le 30 avril dernier, qui consiste \u00e0 poursuivre le reste de la saison 2019-2020 des Ligues 1 et 2 sur une p\u00e9riode de 8 semaines, apr\u00e8s une p\u00e9riode de pr\u00e9paration de 5 \u00e0 6 semaines, quelle que soit la date qui sera arr\u00eat\u00e9e par les pouvoirs publics.<\/strong><\/em><\/p>\n<\/blockquote>\n<p>S&rsquo;ensuivra une phase de repos total d&rsquo;au moins une semaine aux joueurs puis une autre active d&rsquo;un mois qui amorce le d\u00e9but de la p\u00e9riode d\u2019enregistrement. Ce n\u2019est qu\u2019apr\u00e8s cette phase que la nouvelle saison d\u00e9butera \u00e0 une date \u00e0 arr\u00eater ult\u00e9rieurement.<\/p>\n<p>La d\u00e9cision du BF intervient au lendemain de la derni\u00e8re rencontre organis\u00e9e par la Ligue de football professionnel (LFP) avec les clubs professionnels. La majorit\u00e9 des pensionnaires de l&rsquo;\u00e9lite ont \u00e9t\u00e9 unanimes \u00e0 demander l&rsquo;arr\u00eat d\u00e9finitif de la saison en cours, arguant \u00ab\u00a0l&rsquo;int\u00e9r\u00eat g\u00e9n\u00e9ral\u00a0\u00bb.<\/p>\n<p>A l&rsquo;issue d&rsquo;une r\u00e9union avec les clubs du Centre, le pr\u00e9sident de la LFP, Abdelkrim Medouar, a assur\u00e9 que \u00ab\u00a090% des pr\u00e9sidents ont exprim\u00e9 leur d\u00e9saccord quant \u00e0 la reprise de la comp\u00e9tition, \u00e0 cause de la situation sanitaire difficile que traverse le pays\u00a0\u00bb.<\/p>\n<blockquote readability=\"8\">\n<p><em><strong>\u00ab\u00a0Les responsables des clubs ont mis en exergue l\u2019impossibilit\u00e9 d\u2019appliquer le protocole sanitaire exig\u00e9 par le minist\u00e8re de la Sant\u00e9, soulignant que son instance va pr\u00e9senter un rapport d\u00e9taill\u00e9 au Bureau f\u00e9d\u00e9ral sur ce sujet\u00a0\u00bb.<\/strong><\/em><\/p>\n<\/blockquote>\n<p>L&rsquo;ensemble des comp\u00e9titions et manifestations sportives sont suspendues en Alg\u00e9rie depuis le 16 mars dernier et ce jusqu\u2019au 13 juillet en raison de la propagation du COVID-19.<\/p>\n<\/div>\n<p>Auteur:<br \/>\n<a href=\"http:\/\/www.aps.dz\/sport\/106797-football-algerie-la-faf-maintient-sa-position-pour-la-reprise-des-competitions?utm_source=feedburner&#038;utm_medium=feed&#038;utm_campaign=Feed%3A+aps-sport+%28APS+-+SPORT%29\">Cliquez ici pour lire l&rsquo;article depuis sa source.<\/a><\/p>\n","protected":false},"excerpt":{"rendered":"<p>ALGER &#8211; Le Bureau ex\u00e9cutif de la F\u00e9d\u00e9ration alg\u00e9rienne de football (FAF) a maintenu mardi sa position prise initialement pour la reprise de la saison footballistique 2019-2020, suspendue depuis le 16 mars en raison de la pand\u00e9mie du nouveau coronavirus (COVID-19), a appris l&rsquo;APS aupr\u00e8s de l&rsquo;instance f\u00e9d\u00e9rale. Le Bureau f\u00e9d\u00e9ral, r\u00e9uni mardi sous la [&hellip;]<\/p>\n","protected":false},"author":1790,"featured_media":0,"comment_status":"closed","ping_status":"closed","sticky":false,"template":"","format":"standard","meta":{"fifu_image_url":"","fifu_image_alt":"","footnotes":""},"categories":[53,75],"tags":[],"class_list":["post-90671","post","type-post","status-publish","format-standard","hentry","category-algerie","category-sport"],"_links":{"self":[{"href":"https:\/\/linitiative.ca\/International\/wp-json\/wp\/v2\/posts\/90671","targetHints":{"allow":["GET"]}}],"collection":[{"href":"https:\/\/linitiative.ca\/International\/wp-json\/wp\/v2\/posts"}],"about":[{"href":"https:\/\/linitiative.ca\/International\/wp-json\/wp\/v2\/types\/post"}],"author":[{"embeddable":true,"href":"https:\/\/linitiative.ca\/International\/wp-json\/wp\/v2\/users\/1790"}],"replies":[{"embeddable":true,"href":"https:\/\/linitiative.ca\/International\/wp-json\/wp\/v2\/comments?post=90671"}],"version-history":[{"count":0,"href":"https:\/\/linitiative.ca\/International\/wp-json\/wp\/v2\/posts\/90671\/revisions"}],"wp:attachment":[{"href":"https:\/\/linitiative.ca\/International\/wp-json\/wp\/v2\/media?parent=90671"}],"wp:term":[{"taxonomy":"category","embeddable":true,"href":"https:\/\/linitiative.ca\/International\/wp-json\/wp\/v2\/categories?post=90671"},{"taxonomy":"post_tag","embeddable":true,"href":"https:\/\/linitiative.ca\/International\/wp-json\/wp\/v2\/tags?post=90671"}],"curies":[{"name":"wp","href":"https:\/\/api.w.org\/{rel}","templated":true}]}}