{"id":90673,"date":"2020-06-30T11:55:00","date_gmt":"2020-06-30T15:55:00","guid":{"rendered":"https:\/\/linitiative.ca\/International\/retard-dans-la-reception-des-logements-a-misserguine-les-beneficiaires-interpellent-le-wali-d0ran\/"},"modified":"2020-06-30T11:55:00","modified_gmt":"2020-06-30T15:55:00","slug":"retard-dans-la-reception-des-logements-a-misserguine-les-beneficiaires-interpellent-le-wali-d0ran","status":"publish","type":"post","link":"https:\/\/linitiative.ca\/International\/retard-dans-la-reception-des-logements-a-misserguine-les-beneficiaires-interpellent-le-wali-d0ran\/","title":{"rendered":"RETARD DANS LA RECEPTION DES LOGEMENTS A MISSERGUINE : Les  b\u00e9n\u00e9ficiaires interpellent le wali d&rsquo;0ran"},"content":{"rendered":"<p><br id=\"sep_para_1\" class=\"sep_para access\"\/><\/p>\n<div id=\"para_1\" class=\"para_37678735 resize\">\n<div class=\"photo shadow left\"><a href=\"javascript:void(0)\" rel=\"https:\/\/www.reflexiondz.net\/photo\/art\/grande\/47720763-37678735.jpg?v=1593539964&amp;ibox\" title=\"RETARD DANS LA RECEPTION DES LOGEMENTS A MISSERGUINE : Les b\u00e9n\u00e9ficiaires interpellent le wali d'0ran\"><img decoding=\"async\" class=\"responsive c9\" src=\"https:\/\/www.reflexiondz.net\/photo\/art\/grande\/47720763-37678735.jpg?v=1593539964\" alt=\"RETARD DANS LA RECEPTION DES LOGEMENTS A MISSERGUINE : Les b\u00e9n\u00e9ficiaires interpellent le wali d'0ran\" title=\"RETARD DANS LA RECEPTION DES LOGEMENTS A MISSERGUINE : Les b\u00e9n\u00e9ficiaires interpellent le wali d'0ran\"\/><img decoding=\"async\" class=\"not-responsive\" src=\"https:\/\/www.reflexiondz.net\/photo\/art\/default\/47720763-37678735.jpg?v=1593539965\" alt=\"RETARD DANS LA RECEPTION DES LOGEMENTS A MISSERGUINE : Les b\u00e9n\u00e9ficiaires interpellent le wali d'0ran\" title=\"RETARD DANS LA RECEPTION DES LOGEMENTS A MISSERGUINE : Les b\u00e9n\u00e9ficiaires interpellent le wali d'0ran\"\/><\/a><\/div>\n<div class=\"texte access firstletter\">Selon les b\u00e9n\u00e9ficiaires du projet, \u00abune partie de ce projet lanc\u00e9 en 2011 est \u00e0 l&rsquo;arr\u00eat depuis septembre 2017\u00bb , qui ajoutent \u00abque les pr\u00e9-affectations ont \u00e9t\u00e9 distribu\u00e9es en 2015, mais \u00e0 ce jour, ils n&rsquo;ont pas pris possession de leurs logements\u00bb. \u00abNous vivons dans des conditions pr\u00e9caires. On ne peut plus supporter cette situation. Ce projet lanc\u00e9 en 2011 accuse un grand retard\u00bb. Selon les b\u00e9n\u00e9ficiaires du projet, la cadence des travaux est tr\u00e8s lente, dira l&rsquo;un d\u2019entre eux. \u00abLa majorit\u00e9 d&rsquo;entre nous sont des locataires chez des particuliers \u00e0 des prix exorbitants. D&rsquo;autres, cohabitent avec leurs parents. \u2018\u2019On ne peut plus supporter cette situation. Il y a pr\u00e8s de deux ann\u00e9es, les services de la wilaya ont ainsi d\u00e9cid\u00e9 la r\u00e9siliation du contrat avec l&rsquo;entreprise de r\u00e9alisation, \u00e0 savoir : Batior, et la d\u00e9signation d&rsquo;une nouvelle entreprise qui doit s&rsquo;engager \u00e0 respecter les d\u00e9lais de r\u00e9alisation. Mais sur le terrain, la situation n&rsquo;a pas chang\u00e9\u00bb, pr\u00e9cisent les protestataires. Les b\u00e9n\u00e9ficiaires du projet des 350 logements sociaux de la commune de Misserghine lancent un appel aux pouvoirs publics, \u00e0 leur t\u00eate le ministre de l&rsquo;Habitat, et le wali pour lever les entraves qui freinent les travaux du chantier. \u00abOn lance un appel \u00e0 Monsieur le wali pour trouver une solution \u00e0 notre probl\u00e8me et acc\u00e9l\u00e9rer la cadence des travaux\u00bb. Selon les nombreuses d\u00e9clarations des responsables locaux, la priorit\u00e9 est de r\u00e9gler les probl\u00e8mes de retard dans l&rsquo;ach\u00e8vement des chantiers des logements sociaux.<\/div>\n<\/div>\n<p>Auteur: Medjadji H.<br \/>\n<a href=\"https:\/\/www.reflexiondz.net\/RETARD-DANS-LA-RECEPTION-DES-LOGEMENTS-A-MISSERGUINE-Les-beneficiaires-interpellent-le-wali-d-0ran_a63713.html\">Cliquez ici pour lire l&rsquo;article depuis sa source.<\/a><\/p>\n","protected":false},"excerpt":{"rendered":"<p>Selon les b\u00e9n\u00e9ficiaires du projet, \u00abune partie de ce projet lanc\u00e9 en 2011 est \u00e0 l&rsquo;arr\u00eat depuis septembre 2017\u00bb , qui ajoutent \u00abque les pr\u00e9-affectations ont \u00e9t\u00e9 distribu\u00e9es en 2015, mais \u00e0 ce jour, ils n&rsquo;ont pas pris possession de leurs logements\u00bb. \u00abNous vivons dans des conditions pr\u00e9caires. On ne peut plus supporter cette situation. [&hellip;]<\/p>\n","protected":false},"author":1740,"featured_media":0,"comment_status":"closed","ping_status":"closed","sticky":false,"template":"","format":"standard","meta":{"fifu_image_url":"","fifu_image_alt":"","footnotes":""},"categories":[53,76],"tags":[],"class_list":["post-90673","post","type-post","status-publish","format-standard","hentry","category-algerie","category-regions"],"_links":{"self":[{"href":"https:\/\/linitiative.ca\/International\/wp-json\/wp\/v2\/posts\/90673","targetHints":{"allow":["GET"]}}],"collection":[{"href":"https:\/\/linitiative.ca\/International\/wp-json\/wp\/v2\/posts"}],"about":[{"href":"https:\/\/linitiative.ca\/International\/wp-json\/wp\/v2\/types\/post"}],"author":[{"embeddable":true,"href":"https:\/\/linitiative.ca\/International\/wp-json\/wp\/v2\/users\/1740"}],"replies":[{"embeddable":true,"href":"https:\/\/linitiative.ca\/International\/wp-json\/wp\/v2\/comments?post=90673"}],"version-history":[{"count":0,"href":"https:\/\/linitiative.ca\/International\/wp-json\/wp\/v2\/posts\/90673\/revisions"}],"wp:attachment":[{"href":"https:\/\/linitiative.ca\/International\/wp-json\/wp\/v2\/media?parent=90673"}],"wp:term":[{"taxonomy":"category","embeddable":true,"href":"https:\/\/linitiative.ca\/International\/wp-json\/wp\/v2\/categories?post=90673"},{"taxonomy":"post_tag","embeddable":true,"href":"https:\/\/linitiative.ca\/International\/wp-json\/wp\/v2\/tags?post=90673"}],"curies":[{"name":"wp","href":"https:\/\/api.w.org\/{rel}","templated":true}]}}