{"id":90674,"date":"2020-06-30T11:55:00","date_gmt":"2020-06-30T15:55:00","guid":{"rendered":"https:\/\/linitiative.ca\/International\/samir-chaabna-accuse-de-haute-trahison\/"},"modified":"2020-06-30T11:55:00","modified_gmt":"2020-06-30T15:55:00","slug":"samir-chaabna-accuse-de-haute-trahison","status":"publish","type":"post","link":"https:\/\/linitiative.ca\/International\/samir-chaabna-accuse-de-haute-trahison\/","title":{"rendered":"Samir Cha\u00e2bna accus\u00e9 de \u2018\u2019haute trahison\u2019\u2019"},"content":{"rendered":"<p><br id=\"sep_para_1\" class=\"sep_para access\"\/><\/p>\n<div id=\"para_1\" class=\"para_37679014 resize\">\n<div class=\"texte access firstletter\">Un groupe de d\u00e9put\u00e9s des partis de Mokri et Djaballah, ont lanc\u00e9\u00a0 lundi une p\u00e9tition dans laquelle ils demandent au pr\u00e9sident de l\u2019APN de saisir \u00ab\u00a0en urgence\u00a0\u00bb la Commission des Affaires juridiques et administratives, afin de r\u00e9voquer de son si\u00e8ge de d\u00e9put\u00e9 Samir Cha\u00e2bna, repr\u00e9sentant de la communaut\u00e9 nationale dans la zone 2 (France), a rapport\u00e9 hier le site Alg\u00e9rie1. Dans le document consult\u00e9 par la source, les initiateurs de la p\u00e9tition demandent aussi au Front El Moustakbel, le parti qui a parrain\u00e9 sa candidature dans la circonscription de Marseille, lors des derni\u00e8res l\u00e9gislatives, de lui retirer sa couverture \u00ab\u00a0pour haute trahison\u00a0\u00bb. Rappelons que sur d\u00e9cision du pr\u00e9sident de la R\u00e9publique, M. Abdelmadjid Tebboune, la nomination de M. Samir Chaabna en tant que ministre d\u00e9l\u00e9gu\u00e9 charg\u00e9 de la Communaut\u00e9 nationale \u00e0 l&rsquo;\u00e9tranger avait \u00e9t\u00e9 annul\u00e9e, et par cons\u00e9quent il ne fait pas partie du Gouvernement, avait indiqu\u00e9 un communiqu\u00e9 des services du Premier minist\u00e8re. \u00ab\u00a0A l&rsquo;occasion du remaniement minist\u00e9riel, du 23 juin 2020, le d\u00e9put\u00e9 \u00e0 l&rsquo;Assembl\u00e9e populaire nationale, M. Samir Chaabana a \u00e9t\u00e9 nomm\u00e9 ministre d\u00e9l\u00e9gu\u00e9 charg\u00e9 de la Communaut\u00e9 nationale \u00e0 l&rsquo;\u00e9tranger\u00a0\u00bb, a-t-on rappel\u00e9 de m\u00eame source. \u00ab\u00a0Lors des consultations pour la constitution du gouvernement, a-t-on ajout\u00e9, M. Samir Chaabana a accept\u00e9 le portefeuille de ministre d\u00e9l\u00e9gu\u00e9 charg\u00e9 de la Communaut\u00e9 nationale \u00e0 l&rsquo;\u00e9tranger sans pour autant d\u00e9clarer sa double nationalit\u00e9\u00a0\u00bb.\u00a0 \u00ab\u00a0Il a \u00e9t\u00e9 demand\u00e9 \u00e0 M. Samir Chaabna de se conformer aux dispositions pr\u00e9vues par la Loi n 17-01 du 10 janvier 2017, fixant la liste des hautes responsabilit\u00e9s de l&rsquo;Etat et des fonctions politiques dont l&rsquo;acc\u00e8s requiert la nationalit\u00e9 alg\u00e9rienne exclusive et de renoncer \u00e0 sa nationalit\u00e9 \u00e9trang\u00e8re\u00a0\u00bb, a-t-on expliqu\u00e9 de m\u00eame source. \u00ab\u00a0Devant de son refus et sur d\u00e9cision du Pr\u00e9sident de la R\u00e9publique, M. Abdelmadjid Tebboune, sa nomination en tant que ministre d\u00e9l\u00e9gu\u00e9, charg\u00e9 de la Communaut\u00e9 nationale \u00e0 l&rsquo;\u00e9tranger a \u00e9t\u00e9 annul\u00e9e et par cons\u00e9quent M. Samir Chaabna ne fait plus partie du Gouvernement\u00a0\u00bb, a-t-on conclu.\u00a0<\/div>\n<\/div>\n<p>Auteur: R\u00e9flexion<br \/>\n<a href=\"https:\/\/www.reflexiondz.net\/Samir-Chaabna-accuse-de-haute-trahison_a63733.html\">Cliquez ici pour lire l&rsquo;article depuis sa source.<\/a><\/p>\n","protected":false},"excerpt":{"rendered":"<p>Un groupe de d\u00e9put\u00e9s des partis de Mokri et Djaballah, ont lanc\u00e9\u00a0 lundi une p\u00e9tition dans laquelle ils demandent au pr\u00e9sident de l\u2019APN de saisir \u00ab\u00a0en urgence\u00a0\u00bb la Commission des Affaires juridiques et administratives, afin de r\u00e9voquer de son si\u00e8ge de d\u00e9put\u00e9 Samir Cha\u00e2bna, repr\u00e9sentant de la communaut\u00e9 nationale dans la zone 2 (France), a [&hellip;]<\/p>\n","protected":false},"author":1740,"featured_media":0,"comment_status":"closed","ping_status":"closed","sticky":false,"template":"","format":"standard","meta":{"fifu_image_url":"","fifu_image_alt":"","footnotes":""},"categories":[53,76],"tags":[],"class_list":["post-90674","post","type-post","status-publish","format-standard","hentry","category-algerie","category-regions"],"_links":{"self":[{"href":"https:\/\/linitiative.ca\/International\/wp-json\/wp\/v2\/posts\/90674","targetHints":{"allow":["GET"]}}],"collection":[{"href":"https:\/\/linitiative.ca\/International\/wp-json\/wp\/v2\/posts"}],"about":[{"href":"https:\/\/linitiative.ca\/International\/wp-json\/wp\/v2\/types\/post"}],"author":[{"embeddable":true,"href":"https:\/\/linitiative.ca\/International\/wp-json\/wp\/v2\/users\/1740"}],"replies":[{"embeddable":true,"href":"https:\/\/linitiative.ca\/International\/wp-json\/wp\/v2\/comments?post=90674"}],"version-history":[{"count":0,"href":"https:\/\/linitiative.ca\/International\/wp-json\/wp\/v2\/posts\/90674\/revisions"}],"wp:attachment":[{"href":"https:\/\/linitiative.ca\/International\/wp-json\/wp\/v2\/media?parent=90674"}],"wp:term":[{"taxonomy":"category","embeddable":true,"href":"https:\/\/linitiative.ca\/International\/wp-json\/wp\/v2\/categories?post=90674"},{"taxonomy":"post_tag","embeddable":true,"href":"https:\/\/linitiative.ca\/International\/wp-json\/wp\/v2\/tags?post=90674"}],"curies":[{"name":"wp","href":"https:\/\/api.w.org\/{rel}","templated":true}]}}