{"id":90677,"date":"2020-06-30T11:55:00","date_gmt":"2020-06-30T15:55:00","guid":{"rendered":"https:\/\/linitiative.ca\/International\/coronavirus-plus-de-10-millions-de-cas-detectes-dans-le-monde\/"},"modified":"2020-06-30T11:55:00","modified_gmt":"2020-06-30T15:55:00","slug":"coronavirus-plus-de-10-millions-de-cas-detectes-dans-le-monde","status":"publish","type":"post","link":"https:\/\/linitiative.ca\/International\/coronavirus-plus-de-10-millions-de-cas-detectes-dans-le-monde\/","title":{"rendered":"Coronavirus : plus de 10 millions de cas d\u00e9tect\u00e9s dans le monde"},"content":{"rendered":"<p><br id=\"sep_para_1\" class=\"sep_para access\"\/><\/p>\n<div id=\"para_1\" class=\"para_37678829 resize\">\n<div class=\"texte access firstletter\">Le monde a franchi dimanche le cap des 10 millions de cas officiellement diagnostiqu\u00e9s du nouveau coronavirus, selon un comptage r\u00e9alis\u00e9 par l&rsquo;AFP, t\u00e9moignant d\u2019une acc\u00e9l\u00e9ration de la pand\u00e9mie, notamment dans les Am\u00e9riques, sur fond de craintes d\u2019une \u00ab\u00a0seconde vague\u00a0\u00bb et de mesures de reconfinement partiel. Au moins 10 003 942 cas d\u2019infection, parmi lesquels 498 779 d\u00e9c\u00e8s, ont \u00e9t\u00e9 recens\u00e9s, notamment en Europe, continent le plus touch\u00e9 avec 2 637 546 cas et 195 975 d\u00e9c\u00e8s, ainsi qu\u2019aux Etats-Unis (2 510 323 cas, dont 125 539 d\u00e9c\u00e8s). La pand\u00e9mie progresse d\u00e9sormais le plus rapidement en Am\u00e9rique latine, avec plus de 400 000 cas recens\u00e9s ces sept derniers jours sur le continent. Le nombre de cas d\u00e9clar\u00e9s dans le monde a doubl\u00e9 depuis le 21 mai et plus d\u2019un million de nouveaux cas de Covid-19 ont \u00e9t\u00e9 enregistr\u00e9s sur les seuls 6 derniers jours. Il s\u2019\u00e9tait \u00e9coul\u00e9 94 jours entre l\u2019annonce du premier cas en Chine et le recensement d\u2019un million d\u2019infections dans le monde.<\/div>\n<\/div>\n<p>Auteur: R\u00e9flexion<br \/>\n<a href=\"https:\/\/www.reflexiondz.net\/Coronavirus-plus-de-10-millions-de-cas-detectes-dans-le-monde_a63722.html\">Cliquez ici pour lire l&rsquo;article depuis sa source.<\/a><\/p>\n","protected":false},"excerpt":{"rendered":"<p>Le monde a franchi dimanche le cap des 10 millions de cas officiellement diagnostiqu\u00e9s du nouveau coronavirus, selon un comptage r\u00e9alis\u00e9 par l&rsquo;AFP, t\u00e9moignant d\u2019une acc\u00e9l\u00e9ration de la pand\u00e9mie, notamment dans les Am\u00e9riques, sur fond de craintes d\u2019une \u00ab\u00a0seconde vague\u00a0\u00bb et de mesures de reconfinement partiel. Au moins 10 003 942 cas d\u2019infection, parmi lesquels [&hellip;]<\/p>\n","protected":false},"author":1740,"featured_media":0,"comment_status":"closed","ping_status":"closed","sticky":false,"template":"","format":"standard","meta":{"fifu_image_url":"","fifu_image_alt":"","footnotes":""},"categories":[53,76],"tags":[],"class_list":["post-90677","post","type-post","status-publish","format-standard","hentry","category-algerie","category-regions"],"_links":{"self":[{"href":"https:\/\/linitiative.ca\/International\/wp-json\/wp\/v2\/posts\/90677","targetHints":{"allow":["GET"]}}],"collection":[{"href":"https:\/\/linitiative.ca\/International\/wp-json\/wp\/v2\/posts"}],"about":[{"href":"https:\/\/linitiative.ca\/International\/wp-json\/wp\/v2\/types\/post"}],"author":[{"embeddable":true,"href":"https:\/\/linitiative.ca\/International\/wp-json\/wp\/v2\/users\/1740"}],"replies":[{"embeddable":true,"href":"https:\/\/linitiative.ca\/International\/wp-json\/wp\/v2\/comments?post=90677"}],"version-history":[{"count":0,"href":"https:\/\/linitiative.ca\/International\/wp-json\/wp\/v2\/posts\/90677\/revisions"}],"wp:attachment":[{"href":"https:\/\/linitiative.ca\/International\/wp-json\/wp\/v2\/media?parent=90677"}],"wp:term":[{"taxonomy":"category","embeddable":true,"href":"https:\/\/linitiative.ca\/International\/wp-json\/wp\/v2\/categories?post=90677"},{"taxonomy":"post_tag","embeddable":true,"href":"https:\/\/linitiative.ca\/International\/wp-json\/wp\/v2\/tags?post=90677"}],"curies":[{"name":"wp","href":"https:\/\/api.w.org\/{rel}","templated":true}]}}