{"id":90690,"date":"2020-06-30T06:00:00","date_gmt":"2020-06-30T10:00:00","guid":{"rendered":"https:\/\/linitiative.ca\/International\/said-sellami-cest-lami-de-tout-le-monde\/"},"modified":"2020-06-30T06:00:00","modified_gmt":"2020-06-30T10:00:00","slug":"said-sellami-cest-lami-de-tout-le-monde","status":"publish","type":"post","link":"https:\/\/linitiative.ca\/International\/said-sellami-cest-lami-de-tout-le-monde\/","title":{"rendered":"Sa\u00efd Sellami, c\u2019est l\u2019ami de tout le monde"},"content":{"rendered":"<p class=\"c4\">Dans le cadre de son programme \u00abAmjad wa tarikh\u00bb (gloires et Histoire), la T\u00e9l\u00e9vision alg\u00e9rienne a rediffus\u00e9 une finale de Coupe d\u2019Alg\u00e9rie de basketball opposant le Mouloudia d\u2019Alger et l\u2019Usma d\u2019Alger, datant du temps des \u00abp\u00e9troliers\u00bb et de la \u00abkahraba\u00bb.<\/p>\n<p class=\"c4\">Une ambiance des grands jours \u00e0 la salle Harcha, archicomble ! Et soudain, le t\u00e9l\u00e9spectateur voit le photographe Sa\u00efd Sellami sur les bords du terrain. Sa\u00efd est n\u00e9 et a grandi en France, d\u2019une m\u00e8re fran\u00e7aise et d\u2019un p\u00e8re alg\u00e9rien. A l\u2019\u00e2ge adulte, il a \u00ab\u00e9migr\u00e9\u00bb vers l\u2019Alg\u00e9rie, pour travailler comme photographe au quotidien El Moudjahid. Sa\u00efd n\u2019est pas que photographe de presse. La<br \/>preuve : de m\u00e9moire de vieux journaliste, on ne l\u2019a jamais vu, y compris dans la rue, sans son appareil photo. Il a anim\u00e9 plusieurs expositions, notamment une sur La Casbah d\u2019Alger \u00e0 la Biblioth\u00e8que nationale d\u2019Alg\u00e9rie.<br \/>\u00a0Sa\u00efd a gard\u00e9 son accent fran\u00e7ais, lui qui ne conna\u00eet de l\u2019arabe qu\u2019un seul mot : \u00abHada ma kan.\u00bb C\u2019est m\u00eame devenu son mot f\u00e9tiche ! Pour Sa\u00efd, tout le monde il est beau tout le monde il est gentil. Ainsi, quand il rencontre quelqu\u2019un qu\u2019il conna\u00eet, il le salue toujours par un \u00absalut papa ! Comment va le beau gosse ?\u00bb<br \/>\u00abSa\u00efd, c\u2019est l\u2019ami\u00bb, comme avait \u00e9crit un journaliste au d\u00e9but des ann\u00e9es 1990.\u00a0<br \/><em><strong>K. B.\u00a0<br \/><a href=\"\/cdn-cgi\/l\/email-protection\" class=\"__cf_email__\" data-cfemail=\"3654575d59435d57525344764f575e5959185044\">[email\u00a0protected]<\/a><\/strong><\/em><\/p>\n<p>Auteur:<br \/>\n<a href=\"https:\/\/www.lesoirdalgerie.com\/culture\/said-sellami-cest-lami-de-tout-le-monde-44292\">Cliquez ici pour lire l&rsquo;article depuis sa source.<\/a><\/p>\n","protected":false},"excerpt":{"rendered":"<p>Dans le cadre de son programme \u00abAmjad wa tarikh\u00bb (gloires et Histoire), la T\u00e9l\u00e9vision alg\u00e9rienne a rediffus\u00e9 une finale de Coupe d\u2019Alg\u00e9rie de basketball opposant le Mouloudia d\u2019Alger et l\u2019Usma d\u2019Alger, datant du temps des \u00abp\u00e9troliers\u00bb et de la \u00abkahraba\u00bb. Une ambiance des grands jours \u00e0 la salle Harcha, archicomble ! Et soudain, le t\u00e9l\u00e9spectateur [&hellip;]<\/p>\n","protected":false},"author":1741,"featured_media":0,"comment_status":"closed","ping_status":"closed","sticky":false,"template":"","format":"standard","meta":{"fifu_image_url":"","fifu_image_alt":"","footnotes":""},"categories":[73,53],"tags":[],"class_list":["post-90690","post","type-post","status-publish","format-standard","hentry","category-actualite","category-algerie"],"_links":{"self":[{"href":"https:\/\/linitiative.ca\/International\/wp-json\/wp\/v2\/posts\/90690","targetHints":{"allow":["GET"]}}],"collection":[{"href":"https:\/\/linitiative.ca\/International\/wp-json\/wp\/v2\/posts"}],"about":[{"href":"https:\/\/linitiative.ca\/International\/wp-json\/wp\/v2\/types\/post"}],"author":[{"embeddable":true,"href":"https:\/\/linitiative.ca\/International\/wp-json\/wp\/v2\/users\/1741"}],"replies":[{"embeddable":true,"href":"https:\/\/linitiative.ca\/International\/wp-json\/wp\/v2\/comments?post=90690"}],"version-history":[{"count":0,"href":"https:\/\/linitiative.ca\/International\/wp-json\/wp\/v2\/posts\/90690\/revisions"}],"wp:attachment":[{"href":"https:\/\/linitiative.ca\/International\/wp-json\/wp\/v2\/media?parent=90690"}],"wp:term":[{"taxonomy":"category","embeddable":true,"href":"https:\/\/linitiative.ca\/International\/wp-json\/wp\/v2\/categories?post=90690"},{"taxonomy":"post_tag","embeddable":true,"href":"https:\/\/linitiative.ca\/International\/wp-json\/wp\/v2\/tags?post=90690"}],"curies":[{"name":"wp","href":"https:\/\/api.w.org\/{rel}","templated":true}]}}