{"id":90691,"date":"2020-06-30T06:00:00","date_gmt":"2020-06-30T10:00:00","guid":{"rendered":"https:\/\/linitiative.ca\/International\/un-concours-regional-pour-la-medaille-de-lete-litteraire\/"},"modified":"2020-06-30T06:00:00","modified_gmt":"2020-06-30T10:00:00","slug":"un-concours-regional-pour-la-medaille-de-lete-litteraire","status":"publish","type":"post","link":"https:\/\/linitiative.ca\/International\/un-concours-regional-pour-la-medaille-de-lete-litteraire\/","title":{"rendered":"Un concours r\u00e9gional pour la m\u00e9daille de \u00abL&rsquo;\u00e9t\u00e9 litt\u00e9raire\u00bb"},"content":{"rendered":"<p>Le club litt\u00e9raire Athar-El-Abirine d&rsquo;Oran a lanc\u00e9 un concours litt\u00e9raire r\u00e9gional pour la m\u00e9daille de \u00abL&rsquo;\u00e9t\u00e9 litt\u00e9raire, a-t-on appris samedi des organisateurs. Le concours, qui a d\u00e9but\u00e9 jeudi dernier sous le slogan : \u00ab\u00e9criture au temps de la mort\u00bb, est consacr\u00e9 au meilleur texte, meilleure nouvelle et meilleure po\u00e9sie dans les langues arabe et fran\u00e7aise.\u00a0<br \/>La participation est ouverte \u00e0 toutes les tranches d&rsquo;\u00e2ge, a indiqu\u00e9 le pr\u00e9sident du club. Organis\u00e9e sous le patronage de la Direction de la culture d&rsquo;Oran, la manifestation est destin\u00e9e aux acteurs des domaines litt\u00e9raires des wilayas d&rsquo;Oran, Mostaganem, Relizane, Mascara, Sa\u00efda, Sidi Bel-Abb\u00e8s, A\u00efn-T\u00e9mouchent et Tlemcen, a fait savoir l&rsquo;\u00e9crivain Rouane Ali Cherif.\u00a0<br \/>La date limite de remise des textes est fix\u00e9e au 20 octobre prochain, a-t-il indiqu\u00e9, soulignant que l&rsquo;\u00e9valuation des \u0153uvres cr\u00e9atives du concours sera supervis\u00e9e par un jury compos\u00e9 d&rsquo;un groupe d&rsquo;\u00e9crivains sp\u00e9cialis\u00e9s dans les domaines mentionn\u00e9s. Les laur\u00e9ats du concours seront r\u00e9compens\u00e9s par des dipl\u00f4mes et des prix d&rsquo;encouragement lors de la c\u00e9l\u00e9bration du 66e anniversaire du d\u00e9clenchement de la glorieuse guerre de Lib\u00e9ration nationale au si\u00e8ge de la Maison de la culture Zeddour-Brahim-Belkacem d&rsquo;Oran.\u00a0<\/p>\n<p>Auteur:<br \/>\n<a href=\"https:\/\/www.lesoirdalgerie.com\/culture\/un-concours-regional-pour-la-medaille-de-lete-litteraire-44291\">Cliquez ici pour lire l&rsquo;article depuis sa source.<\/a><\/p>\n","protected":false},"excerpt":{"rendered":"<p>Le club litt\u00e9raire Athar-El-Abirine d&rsquo;Oran a lanc\u00e9 un concours litt\u00e9raire r\u00e9gional pour la m\u00e9daille de \u00abL&rsquo;\u00e9t\u00e9 litt\u00e9raire, a-t-on appris samedi des organisateurs. Le concours, qui a d\u00e9but\u00e9 jeudi dernier sous le slogan : \u00ab\u00e9criture au temps de la mort\u00bb, est consacr\u00e9 au meilleur texte, meilleure nouvelle et meilleure po\u00e9sie dans les langues arabe et fran\u00e7aise.\u00a0La [&hellip;]<\/p>\n","protected":false},"author":1741,"featured_media":0,"comment_status":"closed","ping_status":"closed","sticky":false,"template":"","format":"standard","meta":{"fifu_image_url":"","fifu_image_alt":"","footnotes":""},"categories":[73,53],"tags":[],"class_list":["post-90691","post","type-post","status-publish","format-standard","hentry","category-actualite","category-algerie"],"_links":{"self":[{"href":"https:\/\/linitiative.ca\/International\/wp-json\/wp\/v2\/posts\/90691","targetHints":{"allow":["GET"]}}],"collection":[{"href":"https:\/\/linitiative.ca\/International\/wp-json\/wp\/v2\/posts"}],"about":[{"href":"https:\/\/linitiative.ca\/International\/wp-json\/wp\/v2\/types\/post"}],"author":[{"embeddable":true,"href":"https:\/\/linitiative.ca\/International\/wp-json\/wp\/v2\/users\/1741"}],"replies":[{"embeddable":true,"href":"https:\/\/linitiative.ca\/International\/wp-json\/wp\/v2\/comments?post=90691"}],"version-history":[{"count":0,"href":"https:\/\/linitiative.ca\/International\/wp-json\/wp\/v2\/posts\/90691\/revisions"}],"wp:attachment":[{"href":"https:\/\/linitiative.ca\/International\/wp-json\/wp\/v2\/media?parent=90691"}],"wp:term":[{"taxonomy":"category","embeddable":true,"href":"https:\/\/linitiative.ca\/International\/wp-json\/wp\/v2\/categories?post=90691"},{"taxonomy":"post_tag","embeddable":true,"href":"https:\/\/linitiative.ca\/International\/wp-json\/wp\/v2\/tags?post=90691"}],"curies":[{"name":"wp","href":"https:\/\/api.w.org\/{rel}","templated":true}]}}