{"id":90692,"date":"2020-06-30T06:00:00","date_gmt":"2020-06-30T10:00:00","guid":{"rendered":"https:\/\/linitiative.ca\/International\/distribution-prochaine-de-plus-de-28-000-livres\/"},"modified":"2020-06-30T06:00:00","modified_gmt":"2020-06-30T10:00:00","slug":"distribution-prochaine-de-plus-de-28-000-livres","status":"publish","type":"post","link":"https:\/\/linitiative.ca\/International\/distribution-prochaine-de-plus-de-28-000-livres\/","title":{"rendered":"Distribution prochaine de plus de 28 000 livres"},"content":{"rendered":"<p>Un lot compos\u00e9 de 28 784 livres sera distribu\u00e9 la semaine prochaine au profit des annexes des biblioth\u00e8ques municipales dans plusieurs communes de la wilaya de M\u2019sila, \u00e0 l\u2019occasion de la c\u00e9l\u00e9bration du 58e anniversaire de la F\u00eate de l\u2019ind\u00e9pendance et de la jeunesse (5 juillet de chaque ann\u00e9e), a-t-on appris samedi du directeur de la biblioth\u00e8que centrale de la lecture publique de la wilaya. Pr\u00e8s de cinquante biblioth\u00e8ques municipales relevant de la biblioth\u00e8que centrale de M\u2019sila profiteront de cette op\u00e9ration, a pr\u00e9cis\u00e9 le directeur de la biblioth\u00e8que centrale de la wilaya, M. El Hadj Tyaiba. Il s\u2019agit d\u2019une initiative visant \u00e0 encourager la lecture, notamment en milieu rural, renforcer le lien entre la biblioth\u00e8que et le lecteur, et animer la sc\u00e8ne culturelle dans les communes de la wilaya, a pr\u00e9cis\u00e9 le m\u00eame responsable.\u00a0<br \/>D\u2019autres op\u00e9rations versant dans le m\u00eame sens seront concr\u00e9tis\u00e9es prochainement, a ajout\u00e9 M. Tyaiba, indiquant que les \u00e9lus des Assembl\u00e9s populaires communales (APC) sont appel\u00e9s \u00e0 adh\u00e9rer \u00e0 cette initiative.\u00a0<br \/>Une op\u00e9ration de distribution de<br \/>1 000 livres au profit de la biblioth\u00e8que de la zone d\u2019ombre Gamra, relevant de la commune de A\u00efn Errich, situ\u00e9e \u00e0 plus de 200 km au sud du chef-lieu de wilaya, a \u00e9t\u00e9 r\u00e9cemment concr\u00e9tis\u00e9e, a-t-on not\u00e9 de m\u00eame source qui a expliqu\u00e9 que les biblioth\u00e8ques op\u00e9rationnelles dans les zones d\u2019ombre seront dot\u00e9es de moyens pour promouvoir la lecture publique dans ces r\u00e9gions.\u00a0<br \/>La wilaya de M\u2019sila dispose actuellement d\u2019une cinquantaine de biblioth\u00e8ques r\u00e9parties sur les 47 communes, alors qu&rsquo;elle \u00e9tait d\u00e9pourvue de ces structures l&rsquo;an 2000, y compris au chef-lieu de wilaya.\u00a0<\/p>\n<p>Auteur:<br \/>\n<a href=\"https:\/\/www.lesoirdalgerie.com\/culture\/distribution-prochaine-de-plus-de-28-000-livres-44290\">Cliquez ici pour lire l&rsquo;article depuis sa source.<\/a><\/p>\n","protected":false},"excerpt":{"rendered":"<p>Un lot compos\u00e9 de 28 784 livres sera distribu\u00e9 la semaine prochaine au profit des annexes des biblioth\u00e8ques municipales dans plusieurs communes de la wilaya de M\u2019sila, \u00e0 l\u2019occasion de la c\u00e9l\u00e9bration du 58e anniversaire de la F\u00eate de l\u2019ind\u00e9pendance et de la jeunesse (5 juillet de chaque ann\u00e9e), a-t-on appris samedi du directeur de [&hellip;]<\/p>\n","protected":false},"author":1741,"featured_media":0,"comment_status":"closed","ping_status":"closed","sticky":false,"template":"","format":"standard","meta":{"fifu_image_url":"","fifu_image_alt":"","footnotes":""},"categories":[73,53],"tags":[],"class_list":["post-90692","post","type-post","status-publish","format-standard","hentry","category-actualite","category-algerie"],"_links":{"self":[{"href":"https:\/\/linitiative.ca\/International\/wp-json\/wp\/v2\/posts\/90692","targetHints":{"allow":["GET"]}}],"collection":[{"href":"https:\/\/linitiative.ca\/International\/wp-json\/wp\/v2\/posts"}],"about":[{"href":"https:\/\/linitiative.ca\/International\/wp-json\/wp\/v2\/types\/post"}],"author":[{"embeddable":true,"href":"https:\/\/linitiative.ca\/International\/wp-json\/wp\/v2\/users\/1741"}],"replies":[{"embeddable":true,"href":"https:\/\/linitiative.ca\/International\/wp-json\/wp\/v2\/comments?post=90692"}],"version-history":[{"count":0,"href":"https:\/\/linitiative.ca\/International\/wp-json\/wp\/v2\/posts\/90692\/revisions"}],"wp:attachment":[{"href":"https:\/\/linitiative.ca\/International\/wp-json\/wp\/v2\/media?parent=90692"}],"wp:term":[{"taxonomy":"category","embeddable":true,"href":"https:\/\/linitiative.ca\/International\/wp-json\/wp\/v2\/categories?post=90692"},{"taxonomy":"post_tag","embeddable":true,"href":"https:\/\/linitiative.ca\/International\/wp-json\/wp\/v2\/tags?post=90692"}],"curies":[{"name":"wp","href":"https:\/\/api.w.org\/{rel}","templated":true}]}}