{"id":90695,"date":"2020-06-30T11:08:07","date_gmt":"2020-06-30T15:08:07","guid":{"rendered":"https:\/\/linitiative.ca\/International\/la-can-2021-au-cameroun-repoussee-a-2022\/"},"modified":"2020-06-30T11:08:07","modified_gmt":"2020-06-30T15:08:07","slug":"la-can-2021-au-cameroun-repoussee-a-2022","status":"publish","type":"post","link":"https:\/\/linitiative.ca\/International\/la-can-2021-au-cameroun-repoussee-a-2022\/","title":{"rendered":"La CAN-2021 au Cameroun repouss\u00e9e \u00e0 2022"},"content":{"rendered":"<p><strong>La phase finale de la Coupe d\u2019Afrique des nations (CAN) 2021, pr\u00e9vue initialement du 9 janvier au 6 f\u00e9vrier prochains au Cameroun, a \u00e9t\u00e9 officiellement report\u00e9e \u00e0 janvier 2022 en raison de la pand\u00e9mie du coronavirus, a annonc\u00e9 mardi le pr\u00e9sident de la Conf\u00e9d\u00e9ration africaine de football (CAF), Ahmad Ahmad.<\/strong><\/p>\n<div class=\"c10\"\/>\n<p>R\u00e9uni par visioconf\u00e9rence, le comit\u00e9 ex\u00e9cutif de la Conf\u00e9d\u00e9ration africaine de football a tranch\u00e9. Le calendrier de la CAN-2021 a ainsi \u00e9t\u00e9 chamboul\u00e9 par la crise sanitaire li\u00e9e \u00e0 la Covid-19 et va subir le m\u00eame sort que l\u2019Euro 2020 et la Copa America qui ont \u00e9t\u00e9 report\u00e9s d\u2019une ann\u00e9e. Rendez-vous en 2022.<\/p>\n<p><strong>Lire aussi |<\/strong> <a href=\"https:\/\/www.challenge.ma\/au-commencement-etait-mohamed-ali-146563\/\"><strong>Au commencement \u00e9tait Mohamed Ali<\/strong><\/a><\/p>\n<p>\u00ab Le Comit\u00e9 Ex\u00e9cutif de la CAF est satisfait des autorit\u00e9s camerounaises pour leur engagement dans l\u2019accueil des deux comp\u00e9titions. Le Cameroun est pr\u00eat \u00e0 accueillir l\u2019une ou l\u2019autre comp\u00e9tition et respecte le calendrier pr\u00e9vu \u00bb, a d\u00e9clar\u00e9 le pr\u00e9sident de la CAF, Ahmad Ahmad.<\/p>\n<div class=\"wp-block-embed__wrapper\">\n<blockquote class=\"twitter-tweet\" data-width=\"550\" data-dnt=\"true\">\n<p lang=\"fr\" dir=\"ltr\">Le Comit\u00e9 Ex\u00e9cutif de la CAF s\u2019est r\u00e9uni le 30 juin 2020 par visioconf\u00e9rence pour discuter de l&rsquo;avenir des comp\u00e9titions africaines et d&rsquo;autres questions connexes, dans un contexte marqu\u00e9 par la pand\u00e9mie de COVID-19. A l\u2019issue de la r\u00e9union, les d\u00e9cisions suivantes ont \u00e9t\u00e9 prises:<\/p>\n<p>\u2014 CAF \u2013 FR (@caf_online_FR) <a href=\"https:\/\/twitter.com\/caf_online_FR\/status\/1277975478997889039?ref_src=twsrc%5Etfw\">June 30, 2020<\/a><\/p><\/blockquote>\n<\/div>\n<p>A l\u2019issue de cette r\u00e9union cruciale, une conf\u00e9rence de presse virtuelle se tiendra en soir\u00e9e en pr\u00e9sence du pr\u00e9sident de la CAF pour annoncer les d\u00e9cisions prises par le Comit\u00e9 ex\u00e9cutif.<\/p>\n<p><strong>Lire aussi|<a href=\"https:\/\/www.challenge.ma\/tout-ce-quil-faut-savoir-sur-la-reprise-de-la-botola-pro-146048\/\">Tout ce qu\u2019il faut savoir sur la reprise de la Botola Pro<\/a><\/strong><\/p>\n<div class=\"vw-sticky-sidebar-wrapper vw-sticky-sidebar widget_text awac-wrapper widget_text awac widget custom_html-4 textwidget custom-html-widget\">\n<p class=\"has-background c12\"><span class=\"widget-title c11\">Tribune et D\u00e9bats<\/span><\/p>\n<p>La tribune qui vous parle d\u2019une actu, d\u2019un sujet qui fait d\u00e9bat, les traitent et les analysent. \u00c9conomistes et autres experts, patrons d\u2019entreprises, d\u00e9cideurs, acteurs de la soci\u00e9t\u00e9 civile, s\u2019y prononcent et contribuent \u00e0 sa grande richesse. Vous avez votre opinion, convergente ou diff\u00e9rente. Exprimez-la et mesurez-vous ainsi \u00e0 nos tribuns et d\u00e9batteurs.<\/p>\n<p>Envoyez vos analyses \u00e0 : <a href=\"\/cdn-cgi\/l\/email-protection#d2b1bdbca6b3b1a692b1bab3bebeb7bcb5b7fcbfb3\"><span class=\"__cf_email__\" data-cfemail=\"573438392336342317343f363b3b32393032793a36\">[email\u00a0protected]<\/span><\/a>, en pr\u00e9cisant votre nom, votre pr\u00e9nom et votre m\u00e9tier.<\/p>\n<\/div>\n<p>Auteur: Hajar DARI<br \/>\n<a href=\"https:\/\/www.challenge.ma\/la-can-2021-au-cameroun-repoussee-a-2022-146878\/\">Cliquez ici pour lire l&rsquo;article depuis sa source.<\/a><\/p>\n","protected":false},"excerpt":{"rendered":"<p>La phase finale de la Coupe d\u2019Afrique des nations (CAN) 2021, pr\u00e9vue initialement du 9 janvier au 6 f\u00e9vrier prochains au Cameroun, a \u00e9t\u00e9 officiellement report\u00e9e \u00e0 janvier 2022 en raison de la pand\u00e9mie du coronavirus, a annonc\u00e9 mardi le pr\u00e9sident de la Conf\u00e9d\u00e9ration africaine de football (CAF), Ahmad Ahmad. R\u00e9uni par visioconf\u00e9rence, le comit\u00e9 [&hellip;]<\/p>\n","protected":false},"author":1787,"featured_media":0,"comment_status":"closed","ping_status":"closed","sticky":false,"template":"","format":"standard","meta":{"fifu_image_url":"","fifu_image_alt":"","footnotes":""},"categories":[78,54],"tags":[],"class_list":["post-90695","post","type-post","status-publish","format-standard","hentry","category-economie","category-maroc"],"_links":{"self":[{"href":"https:\/\/linitiative.ca\/International\/wp-json\/wp\/v2\/posts\/90695","targetHints":{"allow":["GET"]}}],"collection":[{"href":"https:\/\/linitiative.ca\/International\/wp-json\/wp\/v2\/posts"}],"about":[{"href":"https:\/\/linitiative.ca\/International\/wp-json\/wp\/v2\/types\/post"}],"author":[{"embeddable":true,"href":"https:\/\/linitiative.ca\/International\/wp-json\/wp\/v2\/users\/1787"}],"replies":[{"embeddable":true,"href":"https:\/\/linitiative.ca\/International\/wp-json\/wp\/v2\/comments?post=90695"}],"version-history":[{"count":0,"href":"https:\/\/linitiative.ca\/International\/wp-json\/wp\/v2\/posts\/90695\/revisions"}],"wp:attachment":[{"href":"https:\/\/linitiative.ca\/International\/wp-json\/wp\/v2\/media?parent=90695"}],"wp:term":[{"taxonomy":"category","embeddable":true,"href":"https:\/\/linitiative.ca\/International\/wp-json\/wp\/v2\/categories?post=90695"},{"taxonomy":"post_tag","embeddable":true,"href":"https:\/\/linitiative.ca\/International\/wp-json\/wp\/v2\/tags?post=90695"}],"curies":[{"name":"wp","href":"https:\/\/api.w.org\/{rel}","templated":true}]}}