{"id":90931,"date":"2020-07-02T17:17:54","date_gmt":"2020-07-02T21:17:54","guid":{"rendered":"https:\/\/linitiative.ca\/International\/tunisie-fakhfakh-chawki-tabib-nest-pas-magistrat-et-le-dossier-de-conflit-dinteret-est-etudie-par-des-instances-officielles-autorisees\/"},"modified":"2020-07-02T17:17:54","modified_gmt":"2020-07-02T21:17:54","slug":"tunisie-fakhfakh-chawki-tabib-nest-pas-magistrat-et-le-dossier-de-conflit-dinteret-est-etudie-par-des-instances-officielles-autorisees","status":"publish","type":"post","link":"https:\/\/linitiative.ca\/International\/tunisie-fakhfakh-chawki-tabib-nest-pas-magistrat-et-le-dossier-de-conflit-dinteret-est-etudie-par-des-instances-officielles-autorisees\/","title":{"rendered":"Tunisie \u2013 Fakhfakh\u00a0: Chawki Tabib n\u2019est pas magistrat et le dossier\u00a0 de conflit d\u2019int\u00e9r\u00eat est \u00e9tudi\u00e9 par des instances officielles autoris\u00e9es"},"content":{"rendered":"<div class=\"post-cont-in left relative\">\n<p>Le chef du gouvernement, <a href=\"https:\/\/www.tunisienumerique.com\/tunisie-actualite\/elyes-fakhfakh\/\" title=\"Elyes Fakhfakh\" target=\"_top\" class=\"auto-link\" rel=\"noopener noreferrer\">Elyes Fakhfakh<\/a>, a accord\u00e9, ce jeudi soir, un entretien au site Nawat, dans lequel il a affirm\u00e9, en rapport avec ce qu\u2019a d\u00e9clar\u00e9 il y a deux jours, le pr\u00e9sident de l\u2019INLUCC, Chawki Tabib, des faits accablant le chef du gouvernement dans le dossier de conflit d\u2019int\u00e9r\u00eat.<\/p>\n<div class=\"code-block code-block-1 c3\"><ins class=\"adsbygoogle c2\" data-ad-layout=\"in-article\" data-ad-format=\"fluid\" data-ad-client=\"ca-pub-2102118777505746\" data-ad-slot=\"7301775417\"\/> <\/div>\n<p>Fakhfakh a assur\u00e9 que Chawki Tabib n\u2019est pas magistrat et il n\u2019a pas \u00e0 se prononcer en lieu et place de la justice. Il a ajout\u00e9 que ce dossier est en cours d\u2019\u00e9tude par une mission d\u2019inspection administrative dont il ignore, m\u00eame, la composition, en plus d\u2019une \u00e9ventuelle saisie de la justice. Il a assur\u00e9 que le traitement de ce dossier est une le\u00e7on en termes de d\u00e9mocratie.<\/p>\n<p>Fakhfakh a assur\u00e9 qu\u2019il n\u2019est pas dans son tort dans ce dossier, et que ce qu\u2019on lui reproche comme d\u00e9passement des d\u00e9lais de d\u00e9claration est faux, car les d\u00e9lais ont, tous \u00e9t\u00e9 suspendus \u00e0 cause de la crise du covid.<\/p>\n<p>Il a ajout\u00e9 qu\u2019il va vendre compl\u00e8tement ses parts dans la soci\u00e9t\u00e9 objet du litige, et qu\u2019il va continuer son travail \u00e0 la t\u00eate du gouvernement.<\/p>\n<div class=\"swp_social_panel swp_horizontal_panel swp_flat_fresh swp_default_full_color swp_individual_full_color swp_other_full_color scale-100 scale-\" data-min-width=\"1100\" data-float-color=\"#ffffff\" data-float=\"bottom\" data-float-mobile=\"bottom\" data-transition=\"slide\">\n<div class=\"nc_tweetContainer swp_share_button total_shares total_sharesalt\"><span class=\"swp_count\">1 <span class=\"swp_label\">Partages<\/span><\/span><\/div>\n<\/div>\n<p><strong>Que se passe-t-il en Tunisie?<\/strong><br \/>Nous expliquons sur notre <a href=\"https:\/\/www.youtube.com\/channel\/UCRzypVq0B_yBad5eGrwBx0Q?sub_confirmation=1\" target=\"_blank\" rel=\"noopener noreferrer\">cha\u00eene YouTube<\/a> . <a href=\"https:\/\/www.youtube.com\/channel\/UCRzypVq0B_yBad5eGrwBx0Q?sub_confirmation=1\" target=\"_blank\" rel=\"noopener noreferrer\">Abonnez-vous!<\/a><\/p>\n<div class=\"mvp-org-wrap mvp-org-logo\" itemprop=\"publisher\" itemscope=\"\" itemtype=\"https:\/\/schema.org\/Organization\"><img decoding=\"async\" src=\"https:\/\/www.tunisienumerique.com\/wp-content\/uploads\/2017\/02\/logo_tunisie_numerique.png\"\/><\/div>\n<div class=\"mvp-related-posts left relative\">\n<h4 class=\"post-header\"><span class=\"post-header\">Lire aussi<\/span><\/h4>\n<\/div>\n<div id=\"article-ad\"><ins class=\"adsbygoogle c4\" data-ad-client=\"ca-pub-2102118777505746\" data-ad-slot=\"6513972734\" data-ad-format=\"auto\" data-full-width-responsive=\"true\"\/> <\/div>\n<\/div>\n<div id=\"post-sidebar-wrap\"><ins class=\"adsbygoogle c4\" data-ad-client=\"ca-pub-2102118777505746\" data-ad-slot=\"6168283410\" data-ad-format=\"auto\" data-full-width-responsive=\"true\"\/> <\/div>\n<p>Auteur: LM<br \/>\n<a href=\"https:\/\/www.tunisienumerique.com\/tunisie-fakhfakh-chawki-tabib-nest-pas-magistrat-et-le-dossier-de-conflit-dinteret-est-etudie-par-des-instances-officielles-autorisees\/\">Cliquez ici pour lire l&rsquo;article depuis sa source.<\/a><\/p>\n","protected":false},"excerpt":{"rendered":"<p>Le chef du gouvernement, Elyes Fakhfakh, a accord\u00e9, ce jeudi soir, un entretien au site Nawat, dans lequel il a affirm\u00e9, en rapport avec ce qu\u2019a d\u00e9clar\u00e9 il y a deux jours, le pr\u00e9sident de l\u2019INLUCC, Chawki Tabib, des faits accablant le chef du gouvernement dans le dossier de conflit d\u2019int\u00e9r\u00eat. Fakhfakh a assur\u00e9 que [&hellip;]<\/p>\n","protected":false},"author":1789,"featured_media":90932,"comment_status":"closed","ping_status":"closed","sticky":false,"template":"","format":"standard","meta":{"fifu_image_url":"","fifu_image_alt":"","footnotes":""},"categories":[73,55],"tags":[],"class_list":["post-90931","post","type-post","status-publish","format-standard","has-post-thumbnail","hentry","category-actualite","category-tunisie"],"_links":{"self":[{"href":"https:\/\/linitiative.ca\/International\/wp-json\/wp\/v2\/posts\/90931","targetHints":{"allow":["GET"]}}],"collection":[{"href":"https:\/\/linitiative.ca\/International\/wp-json\/wp\/v2\/posts"}],"about":[{"href":"https:\/\/linitiative.ca\/International\/wp-json\/wp\/v2\/types\/post"}],"author":[{"embeddable":true,"href":"https:\/\/linitiative.ca\/International\/wp-json\/wp\/v2\/users\/1789"}],"replies":[{"embeddable":true,"href":"https:\/\/linitiative.ca\/International\/wp-json\/wp\/v2\/comments?post=90931"}],"version-history":[{"count":0,"href":"https:\/\/linitiative.ca\/International\/wp-json\/wp\/v2\/posts\/90931\/revisions"}],"wp:featuredmedia":[{"embeddable":true,"href":"https:\/\/linitiative.ca\/International\/wp-json\/"}],"wp:attachment":[{"href":"https:\/\/linitiative.ca\/International\/wp-json\/wp\/v2\/media?parent=90931"}],"wp:term":[{"taxonomy":"category","embeddable":true,"href":"https:\/\/linitiative.ca\/International\/wp-json\/wp\/v2\/categories?post=90931"},{"taxonomy":"post_tag","embeddable":true,"href":"https:\/\/linitiative.ca\/International\/wp-json\/wp\/v2\/tags?post=90931"}],"curies":[{"name":"wp","href":"https:\/\/api.w.org\/{rel}","templated":true}]}}