{"id":90936,"date":"2020-07-02T17:04:03","date_gmt":"2020-07-02T21:04:03","guid":{"rendered":"https:\/\/linitiative.ca\/International\/acces-limite-de-pays-africains-a-lue-pour-cause-de-covid-19\/"},"modified":"2020-07-02T17:04:03","modified_gmt":"2020-07-02T21:04:03","slug":"acces-limite-de-pays-africains-a-lue-pour-cause-de-covid-19","status":"publish","type":"post","link":"https:\/\/linitiative.ca\/International\/acces-limite-de-pays-africains-a-lue-pour-cause-de-covid-19\/","title":{"rendered":"ACCES LIMITE DE PAYS AFRICAINS A L\u2019UE POUR CAUSE DE COVID-19"},"content":{"rendered":"<div class=\"stream-item stream-item-above-post-content\">\n<p><noscript><\/p>\n<p><a href=\"\/\/www3.smartadserver.com\/ac?jump=1&amp;nwid=2136&amp;siteid=240610&amp;pgname=rg&amp;fmtid=49046&amp;visit=m&amp;tmstp=[timestamp]&amp;out=nonrich\" target=\"_blank\" rel=\"noopener noreferrer\"><img decoding=\"async\" src=\"http:\/\/www3.smartadserver.com\/ac?out=nonrich&amp;nwid=2136&amp;siteid=240610&amp;pgname=rg&amp;fmtid=49046&amp;visit=m&amp;tmstp=[timestamp]\" border=\"0\" alt=\"\"\/><\/a><\/p>\n<p><\/noscript><\/div>\n<p class=\"c3\"><em>L\u2019Union europ\u00e9enne (UE) a rouvert ses fronti\u00e8res ferm\u00e9es depuis mars 2020, pour cause de Covid-19, \u00e0 une quinzaine de pays du monde r\u00e9pondant, entre autres, aux crit\u00e8res suivants\u00a0: avoir une pr\u00e9valence du Covid-19 \u00e0 peu pr\u00e8s identique ou moins importante qu\u2019en Europe, avoir de nouveaux cas de Covid-19 inf\u00e9rieur ou \u00e9gal \u00e0 16 pour 100\u00a0000 habitants, sur les 14 derniers jours, avec une tendance \u00e0 la baisse. Sur le continent africain, seuls quatre pays que sont le Maroc, la Tunisie, l\u2019Alg\u00e9rie et le Rwanda, sont jug\u00e9s aptes \u00e0 figurer sur la tr\u00e8s restrictive liste. Face \u00e0 une pand\u00e9mie qui \u00ab\u00a0r\u00e9pand la terreur\u00a0\u00bb \u00e0 travers le monde, l\u2019on ne saurait bl\u00e2mer l\u2019UE de chercher \u00e0 prot\u00e9ger ses citoyens. Elle est dans son bon droit d\u2019autant plus que les fronti\u00e8res de bien des pays, restent, jusqu\u2019\u00e0 ce jour, ferm\u00e9es. Seulement, on a l\u2019impression que les crit\u00e8res ont \u00e9t\u00e9 taill\u00e9s sur mesure. En effet, tout porte \u00e0 croire que la balance a pes\u00e9 du c\u00f4t\u00e9 des nations plus importantes, qui offrent plus d\u2019int\u00e9r\u00eats \u00e9conomiques \u00e0 l\u2019UE. En tout cas, il est difficile pour l\u2019UE, de convaincre le reste des pays africains que ces mesures n\u2019ont pas \u00e9t\u00e9 prises \u00e0 la t\u00eate du client. C\u2019est pourquoi il est difficile de condamner des pays comme le S\u00e9n\u00e9gal et le Gabon dont la r\u00e9action ne s\u2019est pas fait attendre. La r\u00e9ciprocit\u00e9 qu\u2019ils entendent appliquer, n\u2019est que justice. L\u2019on pourrait m\u00eame dire qu\u2019il y va de la dignit\u00e9 des pays africains. La circulation des personnes et des biens est si vitale pour l\u2019\u00e9conomie d\u2019un pays, qu\u2019on ne saurait rester indiff\u00e9rent face \u00e0 de telles mesures. Disons-le net, le choix des pays du Maghreb est beaucoup plus guid\u00e9 par des int\u00e9r\u00eats \u00e9conomiques, ce d\u2019autant que la France, on le sait, est le partenaire privil\u00e9gi\u00e9 de ces pays. Quant au Rwanda, l\u2019on pourrait dire que son choix ne se justifie pas seulement par le fait qu\u2019il fut le premier pays d\u2019Afrique subsaharien, \u00e0 confiner sa population, mais aussi et surtout par les craintes que suscite l\u2019homme mince de Kigali en France en particulier.<\/em><\/p>\n<p class=\"c3\"><strong><em>Il est temps que le continent noir fasse preuve de caract\u00e8re<\/em><\/strong><\/p>\n<p class=\"c3\"><em>Cela dit, il faut d\u00e9plorer le fait que la r\u00e9action africaine face \u00e0 ce traitement in\u00e9galitaire des Etats par l\u2019UE, n\u2019a pas \u00e9t\u00e9 commune. Certes, tous les pays africains ne sont pas log\u00e9s \u00e0 la m\u00eame enseigne en mati\u00e8re de lutte contre la maladie \u00e0 coronavirus, mais comme le dit l\u2019adage, l\u2019union fait la force. En tout cas, il est temps que le continent noir fasse preuve de caract\u00e8re en ne se soumettant plus docilement au diktat des puissances occidentales. Et cela passe par des d\u00e9cisions fortes et concert\u00e9es. C\u2019est dire si le Gabon ferait preuve de courage et de logique en appliquant strictement sa d\u00e9cision de ne pas d\u00e9livrer de visas de tourisme aux ressortissants de l\u2019UE jusqu\u2019\u00e0 nouvel ordre. Il donnerait ainsi une belle le\u00e7on \u00e0 l\u2019UE qui proclame sans cesse l\u2019\u00e9galit\u00e9 alors que ses actes sur le terrain prouvent tout le contraire. Mais le petit pays d\u2019Omar Bongo ira-t-il jusqu\u2019au bout de cette logique? On attend de voir. Il est vrai que l\u2019UE a pr\u00e9vu la r\u00e9vision, chaque deux semaines, de sa liste verte, mais elle doit se rendre \u00e0 l\u2019\u00e9vidence qu\u2019elle ne saurait imposer des mesures au reste du monde sans que cela ne provoque des frustrations suivies, dans certains cas, d\u2019actes de repr\u00e9sailles.<\/em><\/p>\n<p class=\"c3\"><strong><em>Dabadi ZOUMBARA<\/em><\/strong><\/p>\n<p>Auteur: Le Pays<br \/>\n<a href=\"http:\/\/lepays.bf\/acces-limite-de-pays-africains-a-lue-pour-cause-de-covid-19\/\">Cliquez ici pour lire l&rsquo;article depuis sa source.<\/a><\/p>\n","protected":false},"excerpt":{"rendered":"<p>L\u2019Union europ\u00e9enne (UE) a rouvert ses fronti\u00e8res ferm\u00e9es depuis mars 2020, pour cause de Covid-19, \u00e0 une quinzaine de pays du monde r\u00e9pondant, entre autres, aux crit\u00e8res suivants\u00a0: avoir une pr\u00e9valence du Covid-19 \u00e0 peu pr\u00e8s identique ou moins importante qu\u2019en Europe, avoir de nouveaux cas de Covid-19 inf\u00e9rieur ou \u00e9gal \u00e0 16 pour 100\u00a0000 [&hellip;]<\/p>\n","protected":false},"author":1813,"featured_media":0,"comment_status":"closed","ping_status":"closed","sticky":false,"template":"","format":"standard","meta":{"fifu_image_url":"","fifu_image_alt":"","footnotes":""},"categories":[73,81],"tags":[],"class_list":["post-90936","post","type-post","status-publish","format-standard","hentry","category-actualite","category-burkina-faso"],"_links":{"self":[{"href":"https:\/\/linitiative.ca\/International\/wp-json\/wp\/v2\/posts\/90936","targetHints":{"allow":["GET"]}}],"collection":[{"href":"https:\/\/linitiative.ca\/International\/wp-json\/wp\/v2\/posts"}],"about":[{"href":"https:\/\/linitiative.ca\/International\/wp-json\/wp\/v2\/types\/post"}],"author":[{"embeddable":true,"href":"https:\/\/linitiative.ca\/International\/wp-json\/wp\/v2\/users\/1813"}],"replies":[{"embeddable":true,"href":"https:\/\/linitiative.ca\/International\/wp-json\/wp\/v2\/comments?post=90936"}],"version-history":[{"count":0,"href":"https:\/\/linitiative.ca\/International\/wp-json\/wp\/v2\/posts\/90936\/revisions"}],"wp:attachment":[{"href":"https:\/\/linitiative.ca\/International\/wp-json\/wp\/v2\/media?parent=90936"}],"wp:term":[{"taxonomy":"category","embeddable":true,"href":"https:\/\/linitiative.ca\/International\/wp-json\/wp\/v2\/categories?post=90936"},{"taxonomy":"post_tag","embeddable":true,"href":"https:\/\/linitiative.ca\/International\/wp-json\/wp\/v2\/tags?post=90936"}],"curies":[{"name":"wp","href":"https:\/\/api.w.org\/{rel}","templated":true}]}}