{"id":90937,"date":"2020-07-02T17:07:12","date_gmt":"2020-07-02T21:07:12","guid":{"rendered":"https:\/\/linitiative.ca\/International\/travail-des-enfants-dans-les-plantations-de-cacao-en-rci\/"},"modified":"2020-07-02T17:07:12","modified_gmt":"2020-07-02T21:07:12","slug":"travail-des-enfants-dans-les-plantations-de-cacao-en-rci","status":"publish","type":"post","link":"https:\/\/linitiative.ca\/International\/travail-des-enfants-dans-les-plantations-de-cacao-en-rci\/","title":{"rendered":"TRAVAIL DES ENFANTS DANS LES PLANTATIONS DE CACAO EN RCI"},"content":{"rendered":"<div class=\"stream-item stream-item-above-post-content\">\n<p><noscript><\/p>\n<p><a href=\"\/\/www3.smartadserver.com\/ac?jump=1&amp;nwid=2136&amp;siteid=240610&amp;pgname=rg&amp;fmtid=49046&amp;visit=m&amp;tmstp=[timestamp]&amp;out=nonrich\" target=\"_blank\" rel=\"noopener noreferrer\"><img decoding=\"async\" src=\"http:\/\/www3.smartadserver.com\/ac?out=nonrich&amp;nwid=2136&amp;siteid=240610&amp;pgname=rg&amp;fmtid=49046&amp;visit=m&amp;tmstp=[timestamp]\" border=\"0\" alt=\"\"\/><\/a><\/p>\n<p><\/noscript><\/div>\n<p class=\"c3\"><em>La pand\u00e9mie du Covid-19 n\u2019aura finalement laiss\u00e9 indemne aucun secteur de l\u2019activit\u00e9 humaine, puisqu\u2019il aura touch\u00e9 m\u00eame les plus insoup\u00e7onn\u00e9s. C\u2019est le constat que l\u2019on peut faire \u00e0 partir de cette \u00e9tude de la Fondation internationale Cocoa Initiative aupr\u00e8s de 263 communaut\u00e9s productrices de cacao en C\u00f4te d\u2019Ivoire, qui rapporte que le nombre d\u2019enfants travaillant dans les plantations de cacao a augment\u00e9 de 16 % \u00e0 19 % pendant le confinement partiel entre le 15 mars et le 15 mai 2020. Et parmi les hypoth\u00e8ses retenues pour expliquer cette croissance, l\u2019on avance qu\u2019elle \u00ab pourrait \u00eatre due \u00e0 la fermeture des \u00e9coles, \u00e0 des restrictions de mouvements entrainant une moindre disponibilit\u00e9 de la main-d\u2019\u0153uvre adulte, \u00e0 un ralentissement \u00e9conomique affectant les producteurs de cacao ou \u00e0 une combinaison de ces facteurs et d\u2019autres encore \u00bb.\u00a0<\/em> <em>Quelles que soient les raisons avanc\u00e9es, ces nouveaux chiffres risquent de compliquer la t\u00e2che aux autorit\u00e9s ivoiriennes qui, jusque-l\u00e0, ont d\u00e9pens\u00e9 beaucoup d\u2019\u00e9nergie pour redorer l\u2019image \u00e9corn\u00e9e de la C\u00f4te d\u2019Ivoire. L\u2019on se souvient, en effet, que face aux menaces de boycott du cacao ivoirien accus\u00e9 d\u2019\u00eatre le fruit du travail des enfants par les acheteurs am\u00e9ricains, le sommet de l\u2019Etat avait pris le probl\u00e8me \u00e0 bras-le-corps. Une campagne nationale de sensibilisation et des brigades de lutte contre le trafic et le travail des enfants dans les plantations, avaient \u00e9t\u00e9 mises en place pour tenter d\u2019endiguer le ph\u00e9nom\u00e8ne en partie aliment\u00e9 par des pays voisins, en l\u2019occurrence le Burkina et le Mali. La Premi\u00e8re dame, Dominique Ouattara, faisant de ce combat une cause personnelle, avait m\u00eame effectu\u00e9 un d\u00e9placement au pays de l\u2019Oncle Sam pour se faire l\u2019avocate du cacao ivoirien. Ce rapport d\u2019\u00e9tude, s\u2019il en est, ressemble donc, \u00e0 bien des \u00e9gards, \u00e0 un coup de poignard dans le dos des autorit\u00e9s ivoiriennes.<\/em><\/p>\n<p class=\"c3\"><strong><em>Le travail des enfants aux c\u00f4t\u00e9s de leurs parents, a un aspect \u00e0 la fois \u00e9ducatif et socialisant<\/em><\/strong><\/p>\n<p class=\"c3\"><em>Mais si personne ne peut nier la r\u00e9alit\u00e9 du travail des enfants qui n\u2019est d\u2019ailleurs pas sp\u00e9cifique \u00e0 la C\u00f4te d\u2019Ivoire (le Burkina Faso, par exemple, est souvent cit\u00e9, avec des enfants travaillant dans les champs de coton ou sur les sites aurif\u00e8res), il y a lieu de faire une clarification s\u00e9mantique de la notion de travail des enfants et de replacer les r\u00e9alit\u00e9s dans le contexte africain. En effet, toute pr\u00e9sence d\u2019enfants dans les plantations, n\u2019est pas synonyme de prestations r\u00e9mun\u00e9r\u00e9es ou d\u2019exploitation. Le travail des enfants aux c\u00f4t\u00e9s de leurs parents, a un aspect \u00e0 la fois \u00e9ducatif et socialisant. Tout en se pr\u00e9parant en fonction de sa maturit\u00e9 physique et psychique \u00e0 son r\u00f4le de futur producteur, l\u2019enfant y apprend le sens de la famille et de la responsabilit\u00e9. Ce cas n\u2019est donc pas assimilable aux pires formes de travail des enfants, souvent aliment\u00e9es par des r\u00e9seaux de trafics transfrontaliers qui hypoth\u00e8quent leur scolarit\u00e9 et leur croissance humaine.\u00a0<\/em> <em>Cela dit, l\u2019Etat ivoirien ne doit pas c\u00e9der au d\u00e9couragement et rel\u00e2cher les efforts suite \u00e0 cette \u00e9tude. Il doit la consid\u00e9rer comme un rapport \u00e0 mi-parcours qui le renseigne sur le reste du chemin \u00e0 parcourir dans le combat qu\u2019il m\u00e8ne contre ce ph\u00e9nom\u00e8ne qui a la peau dure parce qu\u2019il tire ses origines des conditions humaines les plus dures \u00e0 combattre : l\u2019ignorance et la pauvret\u00e9. Et la le\u00e7on vaut pour tous les pays africains qui alimentent ce fl\u00e9au, par une offre \u00e9ducative inad\u00e9quate tant en quantit\u00e9 qu\u2019en qualit\u00e9. Quant aux Occidentaux si prompts \u00e0 donner des le\u00e7ons aux autres, ils doivent se rendre \u00e0 l\u2019\u00e9vidence que sans effort d\u2019adaptation au contexte africain des normes et des textes \u00e9labor\u00e9s \u00e0 l\u2019aune de leur vision \u00e9gocentrique du monde, il y aura toujours ces incompr\u00e9hensions qui sont toujours sources de conflits. Du reste, comme le disait J\u00e9sus \u00e0 propos de la femme adult\u00e8re,\u00ab que celui qui n\u2019a jamais p\u00e9ch\u00e9 lui jette la premi\u00e8re pierre \u00bb, l\u2019on peut en dire autant pour la C\u00f4te d\u2019Ivoire. Car, le souvenir des enfants ouvriers pendant la R\u00e9volution industrielle au 18\u00e8me si\u00e8cle ou celui des enfants esclaves noirs dans les plantations de coton, de tabac et de sucre en Am\u00e9rique, est encore pr\u00e9sent dans les esprits.<\/em><\/p>\n<p class=\"c3\"><strong><em>SAHO<\/em><\/strong><\/p>\n<p>Auteur: Le Pays<br \/>\n<a href=\"http:\/\/lepays.bf\/travail-des-enfants-dans-les-plantations-de-cacao-en-rci\/\">Cliquez ici pour lire l&rsquo;article depuis sa source.<\/a><\/p>\n","protected":false},"excerpt":{"rendered":"<p>La pand\u00e9mie du Covid-19 n\u2019aura finalement laiss\u00e9 indemne aucun secteur de l\u2019activit\u00e9 humaine, puisqu\u2019il aura touch\u00e9 m\u00eame les plus insoup\u00e7onn\u00e9s. C\u2019est le constat que l\u2019on peut faire \u00e0 partir de cette \u00e9tude de la Fondation internationale Cocoa Initiative aupr\u00e8s de 263 communaut\u00e9s productrices de cacao en C\u00f4te d\u2019Ivoire, qui rapporte que le nombre d\u2019enfants travaillant [&hellip;]<\/p>\n","protected":false},"author":1813,"featured_media":0,"comment_status":"closed","ping_status":"closed","sticky":false,"template":"","format":"standard","meta":{"fifu_image_url":"","fifu_image_alt":"","footnotes":""},"categories":[73,81],"tags":[],"class_list":["post-90937","post","type-post","status-publish","format-standard","hentry","category-actualite","category-burkina-faso"],"_links":{"self":[{"href":"https:\/\/linitiative.ca\/International\/wp-json\/wp\/v2\/posts\/90937","targetHints":{"allow":["GET"]}}],"collection":[{"href":"https:\/\/linitiative.ca\/International\/wp-json\/wp\/v2\/posts"}],"about":[{"href":"https:\/\/linitiative.ca\/International\/wp-json\/wp\/v2\/types\/post"}],"author":[{"embeddable":true,"href":"https:\/\/linitiative.ca\/International\/wp-json\/wp\/v2\/users\/1813"}],"replies":[{"embeddable":true,"href":"https:\/\/linitiative.ca\/International\/wp-json\/wp\/v2\/comments?post=90937"}],"version-history":[{"count":0,"href":"https:\/\/linitiative.ca\/International\/wp-json\/wp\/v2\/posts\/90937\/revisions"}],"wp:attachment":[{"href":"https:\/\/linitiative.ca\/International\/wp-json\/wp\/v2\/media?parent=90937"}],"wp:term":[{"taxonomy":"category","embeddable":true,"href":"https:\/\/linitiative.ca\/International\/wp-json\/wp\/v2\/categories?post=90937"},{"taxonomy":"post_tag","embeddable":true,"href":"https:\/\/linitiative.ca\/International\/wp-json\/wp\/v2\/tags?post=90937"}],"curies":[{"name":"wp","href":"https:\/\/api.w.org\/{rel}","templated":true}]}}