{"id":90959,"date":"2020-07-02T16:18:09","date_gmt":"2020-07-02T20:18:09","guid":{"rendered":"https:\/\/linitiative.ca\/International\/les-14-soldats-ivoiriens-tues-dans-une-attaque-terroriste-decores-a-titre-posthume\/"},"modified":"2020-07-02T16:18:09","modified_gmt":"2020-07-02T20:18:09","slug":"les-14-soldats-ivoiriens-tues-dans-une-attaque-terroriste-decores-a-titre-posthume","status":"publish","type":"post","link":"https:\/\/linitiative.ca\/International\/les-14-soldats-ivoiriens-tues-dans-une-attaque-terroriste-decores-a-titre-posthume\/","title":{"rendered":"Les 14 soldats ivoiriens tu\u00e9s dans une attaque terroriste d\u00e9cor\u00e9s \u00e0 titre posthume"},"content":{"rendered":"<div readability=\"32\">\n<p>Publi\u00e9 le 02.07.2020 \u00e0 21h18 par APA News<\/p>\n<\/div>\n<div readability=\"66\">\n<p>Quatorze soldats ivoiriens tu\u00e9s le 10 juin dernier \u00e0 Kafolo dans le Nord-Est de la C\u00f4te d\u2019Ivoire lors d\u2019une \u00ab attaque terroriste\u00bb, ont \u00e9t\u00e9 faits chevaliers dans l\u2019Ordre national jeudi \u00e0 Abidjan au cours d\u2019une c\u00e9r\u00e9monie d\u2019hommage national en pr\u00e9sence de plusieurs personnalit\u00e9s dont le chef de l\u2019\u00c9tat Alassane Ouattara, a constat\u00e9 APA sur place.Cet ultime hommage de l\u2019arm\u00e9e et de la nation \u00e0 ces soldats dont les d\u00e9pouilles ont \u00e9t\u00e9 expos\u00e9es pour l\u2019occasion \u00e0 la place d\u2019armes Ouattara Thomas d\u2019Acquin du camp Gallieni d\u2019Abidjan, s\u2019est fait dans la sobri\u00e9t\u00e9 en pr\u00e9sence de leurs familles respectives ainsi que de leurs amis et coll\u00e8gues.<\/p>\n<p>\u00abIls ont consenti le sacrifice supr\u00eame de leur vie pour sauver la C\u00f4te d\u2019Ivoire de la barbarie. Mourir pour la C\u00f4te d\u2019Ivoire, c\u2019est vivre \u00e0 jamais dans le coeur des ivoiriens et des ivoiriennes\u00bb, a dit dans une oraison fun\u00e8bre, le G\u00e9n\u00e9ral de brigade, Dem Aly Justin.<\/p>\n<p>\u00a0\u00ab H\u00e9ros de Kafolo, la R\u00e9publique gardera de vous des hommes de conviction. Votre mort n\u2019aura pas \u00e9t\u00e9 inutile. Elle suscite en chacun de nous une introspection \u00bb, a ajout\u00e9 l\u2019officier sup\u00e9rieur appelant ses \u00ab fr\u00e8res d\u2019arme \u00ab \u00e0 faire barrage \u00e0 tous ceux qui terrorisent cette nation\u00bb.<\/p>\n<p>\u00a0La pose d\u2019une gerbe de fleur par la pr\u00e9sident ivoirien Alassane Ouattara sur la st\u00e8le aux morts du camp Gallieni a cl\u00f4tur\u00e9 cette c\u00e9r\u00e9monie d\u2019hommage national. Dans la nuit du 10 au 11 juin dernier, une position de l\u2019arm\u00e9e ivoirienne a \u00e9t\u00e9 attaqu\u00e9e par des \u00abterroristes\u00bb \u00e0 Kafolo dans le Nord-Est du pays, faisant 14 morts (13 militaires et 1 gendarme) et 05 bless\u00e9s.\u00a0<\/p>\n<p>La semaine derni\u00e8re, les autorit\u00e9s ivoiriennes \u00a0ont annonc\u00e9 l\u2019arrestation de plusieurs terroristes impliqu\u00e9s dans cette attaque dont le burkinab\u00e9 Ali Sidib\u00e9 dit Sofiane, le \u00abcoordonnateur\u00bb de l\u2019attaque.<\/p>\n<\/div>\n<p>Auteur: APA News<br \/>\n<a href=\"https:\/\/www.journalducameroun.com\/les-14-soldats-ivoiriens-tues-dans-une-attaque-terroriste-decores-a-titre-posthume\/\">Cliquez ici pour lire l&rsquo;article depuis sa source.<\/a><\/p>\n","protected":false},"excerpt":{"rendered":"<p>Publi\u00e9 le 02.07.2020 \u00e0 21h18 par APA News Quatorze soldats ivoiriens tu\u00e9s le 10 juin dernier \u00e0 Kafolo dans le Nord-Est de la C\u00f4te d\u2019Ivoire lors d\u2019une \u00ab attaque terroriste\u00bb, ont \u00e9t\u00e9 faits chevaliers dans l\u2019Ordre national jeudi \u00e0 Abidjan au cours d\u2019une c\u00e9r\u00e9monie d\u2019hommage national en pr\u00e9sence de plusieurs personnalit\u00e9s dont le chef de [&hellip;]<\/p>\n","protected":false},"author":1965,"featured_media":0,"comment_status":"closed","ping_status":"closed","sticky":false,"template":"","format":"standard","meta":{"fifu_image_url":"","fifu_image_alt":"","footnotes":""},"categories":[73,82],"tags":[],"class_list":["post-90959","post","type-post","status-publish","format-standard","hentry","category-actualite","category-cameroun"],"_links":{"self":[{"href":"https:\/\/linitiative.ca\/International\/wp-json\/wp\/v2\/posts\/90959","targetHints":{"allow":["GET"]}}],"collection":[{"href":"https:\/\/linitiative.ca\/International\/wp-json\/wp\/v2\/posts"}],"about":[{"href":"https:\/\/linitiative.ca\/International\/wp-json\/wp\/v2\/types\/post"}],"author":[{"embeddable":true,"href":"https:\/\/linitiative.ca\/International\/wp-json\/wp\/v2\/users\/1965"}],"replies":[{"embeddable":true,"href":"https:\/\/linitiative.ca\/International\/wp-json\/wp\/v2\/comments?post=90959"}],"version-history":[{"count":0,"href":"https:\/\/linitiative.ca\/International\/wp-json\/wp\/v2\/posts\/90959\/revisions"}],"wp:attachment":[{"href":"https:\/\/linitiative.ca\/International\/wp-json\/wp\/v2\/media?parent=90959"}],"wp:term":[{"taxonomy":"category","embeddable":true,"href":"https:\/\/linitiative.ca\/International\/wp-json\/wp\/v2\/categories?post=90959"},{"taxonomy":"post_tag","embeddable":true,"href":"https:\/\/linitiative.ca\/International\/wp-json\/wp\/v2\/tags?post=90959"}],"curies":[{"name":"wp","href":"https:\/\/api.w.org\/{rel}","templated":true}]}}