{"id":90960,"date":"2020-07-02T17:08:51","date_gmt":"2020-07-02T21:08:51","guid":{"rendered":"https:\/\/linitiative.ca\/International\/cameroun-une-explosion-au-rond-point-damas-cree-la-panique-a-yaounde\/"},"modified":"2020-07-02T17:08:51","modified_gmt":"2020-07-02T21:08:51","slug":"cameroun-une-explosion-au-rond-point-damas-cree-la-panique-a-yaounde","status":"publish","type":"post","link":"https:\/\/linitiative.ca\/International\/cameroun-une-explosion-au-rond-point-damas-cree-la-panique-a-yaounde\/","title":{"rendered":"Cameroun : une explosion au Rond-point Damas cr\u00e9e la panique \u00e0 Yaound\u00e9"},"content":{"rendered":"<div readability=\"32\">\n<p>Publi\u00e9 le 02.07.2020 \u00e0 22h08 par Christian Djimadeu<\/p>\n<\/div>\n<div readability=\"44.947769314472\">\n<h2 class=\"c6\">Une forte d\u00e9tonation a \u00e9t\u00e9 entendue ce soir\u00a0 2 juillet 2020 au Rond-Point Damas \u00e0 Yaound\u00e9 dans le 6e arrondisement.<\/h2>\n<p class=\"c7\">Une explosion a bris\u00e9 la s\u00e9r\u00e9nit\u00e9 des populations du quartier Rond-Point\u00a0 Damas\u00a0 \u00e0 Yaound\u00e9.<\/p>\n<p class=\"c7\">Selon les t\u00e9moignages de quelques habitants, la puissance de la d\u00e9tonation a suscit\u00e9 la panique. Les personnes pr\u00e9sentes sur les lieux ont pris fuite.<\/p>\n<p class=\"c7\">la police est\u00a0 descendue sur les lieux. Le Rond-point Damas est en ce moment encercl\u00e9 par les Forces de l\u2019ordre.<\/p>\n<p class=\"c7\">Ces derni\u00e8res ont pu identifier le mat\u00e9riel utilis\u00e9 pour l\u2019explosion.<\/p>\n<div id=\"attachment_369892\" class=\"wp-caption aligncenter c9\" readability=\"32\"><img loading=\"lazy\" decoding=\"async\" class=\"size-medium wp-image-369892\" src=\"https:\/\/www.journalducameroun.com\/wp-content\/uploads\/2020\/07\/WhatsApp-Image-2020-07-02-at-22.30.02-225x300.jpeg\" alt=\"\" width=\"225\" height=\"300\" srcset=\"https:\/\/www.journalducameroun.com\/wp-content\/uploads\/2020\/07\/WhatsApp-Image-2020-07-02-at-22.30.02-225x300.jpeg 225w, https:\/\/www.journalducameroun.com\/wp-content\/uploads\/2020\/07\/WhatsApp-Image-2020-07-02-at-22.30.02-768x1024.jpeg 768w, https:\/\/www.journalducameroun.com\/wp-content\/uploads\/2020\/07\/WhatsApp-Image-2020-07-02-at-22.30.02-330x440.jpeg 330w, https:\/\/www.journalducameroun.com\/wp-content\/uploads\/2020\/07\/WhatsApp-Image-2020-07-02-at-22.30.02-600x800.jpeg 600w, https:\/\/www.journalducameroun.com\/wp-content\/uploads\/2020\/07\/WhatsApp-Image-2020-07-02-at-22.30.02.jpeg 780w\" sizes=\"auto, (max-width: 225px) 100vw, 225px\"\/><\/p>\n<p class=\"wp-caption-text\">Mat\u00e9riel artisanal utilis\u00e9 pour l\u2019explosion<\/p>\n<\/div>\n<p class=\"c7\">C\u2019est la troisi\u00e8me d\u00e9tonation \u00e0 Yaound\u00e9 en l\u2019espace de quelques jours. <a href=\"https:\/\/www.journalducameroun.com\/cameroun-yaounde%E2%80%A6plosifs-cameroun\/%20%E2%80%8E\">Deux autres avaient \u00e9t\u00e9 entendues dans la nuit du 20 au 21 juin dernier.\u00a0<\/a><\/p>\n<p class=\"c7\">Sous la conduite du D\u00e9l\u00e9gu\u00e9 r\u00e9gional \u00e0 la s\u00fbret\u00e9 nationale, les \u00e9l\u00e9ments de police notamment ont effectu\u00e9 des rafles\u00a0 dans la capitale.<\/p>\n<\/div>\n<p>Auteur: Christian DJIMADEU<br \/>\n<a href=\"https:\/\/www.journalducameroun.com\/cameroun-une-explosion-au-rond-point-damas-cree-la-panique-a-yaounde\/\">Cliquez ici pour lire l&rsquo;article depuis sa source.<\/a><\/p>\n","protected":false},"excerpt":{"rendered":"<p>Publi\u00e9 le 02.07.2020 \u00e0 22h08 par Christian Djimadeu Une forte d\u00e9tonation a \u00e9t\u00e9 entendue ce soir\u00a0 2 juillet 2020 au Rond-Point Damas \u00e0 Yaound\u00e9 dans le 6e arrondisement. Une explosion a bris\u00e9 la s\u00e9r\u00e9nit\u00e9 des populations du quartier Rond-Point\u00a0 Damas\u00a0 \u00e0 Yaound\u00e9. Selon les t\u00e9moignages de quelques habitants, la puissance de la d\u00e9tonation a suscit\u00e9 [&hellip;]<\/p>\n","protected":false},"author":1965,"featured_media":90961,"comment_status":"closed","ping_status":"closed","sticky":false,"template":"","format":"standard","meta":{"fifu_image_url":"","fifu_image_alt":"","footnotes":""},"categories":[73,82],"tags":[],"class_list":["post-90960","post","type-post","status-publish","format-standard","has-post-thumbnail","hentry","category-actualite","category-cameroun"],"_links":{"self":[{"href":"https:\/\/linitiative.ca\/International\/wp-json\/wp\/v2\/posts\/90960","targetHints":{"allow":["GET"]}}],"collection":[{"href":"https:\/\/linitiative.ca\/International\/wp-json\/wp\/v2\/posts"}],"about":[{"href":"https:\/\/linitiative.ca\/International\/wp-json\/wp\/v2\/types\/post"}],"author":[{"embeddable":true,"href":"https:\/\/linitiative.ca\/International\/wp-json\/wp\/v2\/users\/1965"}],"replies":[{"embeddable":true,"href":"https:\/\/linitiative.ca\/International\/wp-json\/wp\/v2\/comments?post=90960"}],"version-history":[{"count":0,"href":"https:\/\/linitiative.ca\/International\/wp-json\/wp\/v2\/posts\/90960\/revisions"}],"wp:featuredmedia":[{"embeddable":true,"href":"https:\/\/linitiative.ca\/International\/wp-json\/"}],"wp:attachment":[{"href":"https:\/\/linitiative.ca\/International\/wp-json\/wp\/v2\/media?parent=90960"}],"wp:term":[{"taxonomy":"category","embeddable":true,"href":"https:\/\/linitiative.ca\/International\/wp-json\/wp\/v2\/categories?post=90960"},{"taxonomy":"post_tag","embeddable":true,"href":"https:\/\/linitiative.ca\/International\/wp-json\/wp\/v2\/tags?post=90960"}],"curies":[{"name":"wp","href":"https:\/\/api.w.org\/{rel}","templated":true}]}}