{"id":90974,"date":"2020-07-02T16:45:19","date_gmt":"2020-07-02T20:45:19","guid":{"rendered":"https:\/\/linitiative.ca\/International\/cnss-lensemble-des-employes-de-la-caisse-beneficie-de-leurs-droits-sociaux\/"},"modified":"2020-07-02T16:45:19","modified_gmt":"2020-07-02T20:45:19","slug":"cnss-lensemble-des-employes-de-la-caisse-beneficie-de-leurs-droits-sociaux","status":"publish","type":"post","link":"https:\/\/linitiative.ca\/International\/cnss-lensemble-des-employes-de-la-caisse-beneficie-de-leurs-droits-sociaux\/","title":{"rendered":"CNSS: l\u2019ensemble des employ\u00e9s de la Caisse b\u00e9n\u00e9ficie de leurs droits sociaux"},"content":{"rendered":"<p class=\"has-text-color has-vivid-cyan-blue-color\"><strong>L\u2019ensemble des employ\u00e9s de la Caisse nationale de s\u00e9curit\u00e9 sociale (CNSS) b\u00e9n\u00e9ficie de la totalit\u00e9 de leurs droits en mati\u00e8re de couverture m\u00e9dicale et sociale, affirme, mercredi, cet \u00e9tablissement.<\/strong><\/p>\n<p>\u201cLes employ\u00e9s de la CNSS, qui sont au nombre de 3.837 r\u00e9partis entre le r\u00e9gime g\u00e9n\u00e9ral (2.850) et les unit\u00e9s m\u00e9dicales (987) en date du 30 juin 2020, jouissent, sans exclusive, de la couverture m\u00e9dicale et sociale, \u00e0 c\u00f4t\u00e9 d\u2019une retraite compl\u00e9mentaire\u201d, pr\u00e9cise la m\u00eame source dans une mise au point.<\/p>\n<p>La CNSS rappelle que, pour honorer ses diff\u00e9rentes engagements, elle a recours \u00e0 des prestataires de services dans les domaines du gardiennage, de la propret\u00e9 et des d\u00e9veloppeurs informatiques, entre autres, \u00e0 la condition qu\u2019ils soient en situation r\u00e9guli\u00e8re vis-\u00e0-vis de la Caisse, aient d\u00e9clar\u00e9 leurs employ\u00e9s et versent leurs cotisations sociales.<\/p>\n<p>\u00c9voquant la situation des polycliniques de la CNSS, la m\u00eame source explique que, depuis la cr\u00e9ation de l\u2019\u00e9tablissement, il a \u00e9t\u00e9 fait appel aux services de m\u00e9decins et d\u2019infirmiers vacataires du secteur public, \u00e0 la faveur d\u2019un accord avec le minist\u00e8re de la Sant\u00e9, ainsi qu\u2019\u00e0 d\u2019autres exer\u00e7ant de mani\u00e8re ind\u00e9pendante et pouvant travailler pour toute autre clinique priv\u00e9e.<\/p>\n<p>D\u2019apr\u00e8s le m\u00eame document, il existe 572 vacataires issus du public, qui sont r\u00e9gis par le r\u00e9gime de la fonction publique, tandis que le nombre des m\u00e9decins et infirmiers ind\u00e9pendants est de l\u2019ordre de 1.256 vacataires, qui op\u00e8rent en tant que prestataires de services r\u00e9mun\u00e9r\u00e9s en vertu d\u2019un contrat avec les polycliniques de la CNSS d\u00e9terminant droits et obligations des chaque partie.<\/p>\n<p>Ces derniers sont encadr\u00e9s par la couverture m\u00e9dicale et sociale d\u00e9di\u00e9e aux travailleurs non salari\u00e9s, \u00e0 la lumi\u00e8re de la loi 98.15 relative au r\u00e9gime de l\u2019assurance maladie obligatoire de base pour les cat\u00e9gories des professionnels, des travailleurs ind\u00e9pendants et des personnes non salari\u00e9es exer\u00e7ant une activit\u00e9 lib\u00e9rale et la loi 99.15 portant institution d\u2019un r\u00e9gime de pensions au profit des m\u00eames cat\u00e9gories.<\/p>\n<p>Les m\u00e9decins et infirmiers ind\u00e9pendants pourront jouir de ce dispositif apr\u00e8s la promulgation des d\u00e9crets d\u2019application des deux lois, souligne la m\u00eame source.<\/p>\n<p>D\u00e8s l\u2019entr\u00e9e en vigueur de ces l\u00e9gislations, pr\u00e9cise-t-on, ces professionnels devront s\u2019acquitter de leurs cotisations directement \u00e0 la CNSS, qui a \u00e9t\u00e9 charg\u00e9e de la gestion des deux r\u00e9gimes, \u00e0 l\u2019image des sages-femmes et des kin\u00e9sith\u00e9rapeutes, qui en b\u00e9n\u00e9ficient d\u00e9j\u00e0 suite \u00e0 la publication des textes organisationnels les concernant.<\/p>\n<p>Auteur: M&rsquo;hammed rahal<br \/>\n<a href=\"http:\/\/albayane.press.ma\/cnss-lensemble-des-employes-de-la-caisse-beneficie-de-leurs-droits-sociaux.html\">Cliquez ici pour lire l&rsquo;article depuis sa source.<\/a><\/p>\n","protected":false},"excerpt":{"rendered":"<p>L\u2019ensemble des employ\u00e9s de la Caisse nationale de s\u00e9curit\u00e9 sociale (CNSS) b\u00e9n\u00e9ficie de la totalit\u00e9 de leurs droits en mati\u00e8re de couverture m\u00e9dicale et sociale, affirme, mercredi, cet \u00e9tablissement. \u201cLes employ\u00e9s de la CNSS, qui sont au nombre de 3.837 r\u00e9partis entre le r\u00e9gime g\u00e9n\u00e9ral (2.850) et les unit\u00e9s m\u00e9dicales (987) en date du 30 [&hellip;]<\/p>\n","protected":false},"author":1760,"featured_media":0,"comment_status":"closed","ping_status":"closed","sticky":false,"template":"","format":"standard","meta":{"fifu_image_url":"","fifu_image_alt":"","footnotes":""},"categories":[73,54],"tags":[],"class_list":["post-90974","post","type-post","status-publish","format-standard","hentry","category-actualite","category-maroc"],"_links":{"self":[{"href":"https:\/\/linitiative.ca\/International\/wp-json\/wp\/v2\/posts\/90974","targetHints":{"allow":["GET"]}}],"collection":[{"href":"https:\/\/linitiative.ca\/International\/wp-json\/wp\/v2\/posts"}],"about":[{"href":"https:\/\/linitiative.ca\/International\/wp-json\/wp\/v2\/types\/post"}],"author":[{"embeddable":true,"href":"https:\/\/linitiative.ca\/International\/wp-json\/wp\/v2\/users\/1760"}],"replies":[{"embeddable":true,"href":"https:\/\/linitiative.ca\/International\/wp-json\/wp\/v2\/comments?post=90974"}],"version-history":[{"count":0,"href":"https:\/\/linitiative.ca\/International\/wp-json\/wp\/v2\/posts\/90974\/revisions"}],"wp:attachment":[{"href":"https:\/\/linitiative.ca\/International\/wp-json\/wp\/v2\/media?parent=90974"}],"wp:term":[{"taxonomy":"category","embeddable":true,"href":"https:\/\/linitiative.ca\/International\/wp-json\/wp\/v2\/categories?post=90974"},{"taxonomy":"post_tag","embeddable":true,"href":"https:\/\/linitiative.ca\/International\/wp-json\/wp\/v2\/tags?post=90974"}],"curies":[{"name":"wp","href":"https:\/\/api.w.org\/{rel}","templated":true}]}}