{"id":90977,"date":"2020-07-02T17:02:18","date_gmt":"2020-07-02T21:02:18","guid":{"rendered":"https:\/\/linitiative.ca\/International\/les-axes-de-la-riposte-du-maroc-guidee-par-la-vision-royale\/"},"modified":"2020-07-02T17:02:18","modified_gmt":"2020-07-02T21:02:18","slug":"les-axes-de-la-riposte-du-maroc-guidee-par-la-vision-royale","status":"publish","type":"post","link":"https:\/\/linitiative.ca\/International\/les-axes-de-la-riposte-du-maroc-guidee-par-la-vision-royale\/","title":{"rendered":"Les axes de la riposte du Maroc guid\u00e9e par la Vision Royale"},"content":{"rendered":"<p class=\"has-text-color has-vivid-red-color c2\"><strong>Covid 19 : anticipation, proactivit\u00e9 et primaut\u00e9 de la sant\u00e9 des citoyens<\/strong><\/p>\n<p class=\"has-text-color c3\"><strong>La riposte du Maroc \u00e0 la pand\u00e9mie de la COVID-19 est guid\u00e9e par une Vision Royale reposant sur les piliers de l\u2019anticipation, de la proactivit\u00e9, et de la primaut\u00e9 de la sant\u00e9 des citoyens, a affirm\u00e9 le ministre des Affaires \u00e9trang\u00e8res, de la Coop\u00e9ration africaine et des Marocains r\u00e9sidant \u00e0 l\u2019\u00e9tranger, Nasser Bourita.<\/strong><\/p>\n<p>Dans un discours adress\u00e9 mercredi \u00e0 la conf\u00e9rence minist\u00e9rielle sur la r\u00e9ponse digitale \u00e0 la Covid 19, M. Bourita a ajout\u00e9 que cette Vision Royale est mise en \u0153uvre \u00e0 travers une approche associant l\u2019ensemble des d\u00e9partements minist\u00e9riels et l\u2019ensemble des segments de la soci\u00e9t\u00e9, notant que cette approche fut couronn\u00e9e de succ\u00e8s dans la ma\u00eetrise de la situation \u00e9pid\u00e9miologique.<\/p>\n<p>Le ministre a en outre relev\u00e9 que la transformation digitale en cours au Maroc fut cruciale au succ\u00e8s de cette strat\u00e9gie, puisque le Royaume a rapidement d\u00e9ploy\u00e9 son infrastructure digitale pour relever le d\u00e9fi de la diffusion de messages de sant\u00e9 publique exacts, opportuns et coh\u00e9rents ce qui a amen\u00e9 99.5% de la population marocaine \u00e0 adopter, de fa\u00e7on massive, les mesures de pr\u00e9vention.<\/p>\n<p>Il a aussi indiqu\u00e9 que l\u2019infod\u00e9mie fut frein\u00e9e d\u00e8s ses d\u00e9buts, gr\u00e2ce \u00e0 une lutte efficace contre la d\u00e9sinformation, tout en prot\u00e9geant les droits garantis par la Constitution, faisant savoir que la police nationale a mis en place une unit\u00e9 sp\u00e9cifiquement d\u00e9di\u00e9e \u00e0 la surveillance et l\u2019investigation des cas de d\u00e9sinformation en ligne, tandis que des enqu\u00eates judiciaires ont \u00e9t\u00e9 lanc\u00e9es pour 100 affaires de d\u00e9sinformation.<\/p>\n<p>Le ministre a \u00e9galement relev\u00e9 que les services publics essentiels ont \u00e9t\u00e9 largement pr\u00e9serv\u00e9s, citant l\u2019\u00e9ducation, \u00e0 travers les plateformes digitales et les cours en ligne et le secteur de la justice, gr\u00e2ce \u00e0 la tenue de proc\u00e8s en visioconf\u00e9rence dans le plein respect des normes nationales et internationales de justice, ainsi que la sant\u00e9, gr\u00e2ce \u00e0 l\u2019usage intensif de la t\u00e9l\u00e9m\u00e9decine.<\/p>\n<p>Dans les institutions publiques et dans le secteur priv\u00e9, un effort majeur de digitalisation a \u00e9t\u00e9 entrepris afin de garantir la continuit\u00e9 du service \u00e0 travers le t\u00e9l\u00e9travail, a-t-il poursuivi, estimant par ailleurs que cette pand\u00e9mie, qui a ravag\u00e9 les soci\u00e9t\u00e9s, les syst\u00e8mes de sant\u00e9, et les \u00e9conomies, est un v\u00e9ritable test de la capacit\u00e9 du multilat\u00e9ralisme \u00e0 innover et sortir des sentiers battus dans la recherche de solutions aux questions pos\u00e9es par la COVID-19.<\/p>\n<p>Fondamentalement, la pand\u00e9mie de la COVID-19 a impos\u00e9 aux Etats trois d\u00e9fis interd\u00e9pendants en freinant la transmission y compris \u00e0 travers le confinement et d\u2019autres mesures de distanciation sociale, a dit le ministre, ajoutant qu\u2019il s\u2019agit aussi de la mise \u00e0 niveau de leurs syst\u00e8mes de sant\u00e9 pour faire face \u00e0 un afflux rapide de patients de la COVID-19, tout en maintenant une capacit\u00e9 ad\u00e9quate pour g\u00e9rer les autres maladies ; ainsi que de la pr\u00e9servation des services essentiels \u00e0 leurs populations, y compris l\u2019\u00e9ducation, l\u2019assainissement, l\u2019\u00e9nergie, la justice, et les services de police.<\/p>\n<p>Les outils num\u00e9riques furent cruciaux \u00e0 la gestion de cet \u00e9ventail de d\u00e9fis, d\u00e9montrant l\u2019importance d\u2019acc\u00e9l\u00e9rer la transformation num\u00e9rique pour la pr\u00e9paration et la riposte aux urgences, a-t-il soutenu, estimant que l\u2019infod\u00e9mie qui s\u2019est propag\u00e9e comme une tra\u00een\u00e9e de poudre dans le cyberespace fut une menace aussi grave que la maladie elle-m\u00eame \u00e0 la riposte \u00e0 la pand\u00e9mie.<\/p>\n<p>Le Ministre des Affaires Etrang\u00e8res, de la Coop\u00e9ration Africaine, et des Marocains R\u00e9sidant \u00e0 l\u2019Etranger a donn\u00e9 une d\u00e9claration \u00e0 la Conf\u00e9rence minist\u00e9rielle sur la R\u00e9ponse digitale \u00e0 la COVID-19 organis\u00e9e par l\u2019Estonie et Singapour dans l\u2019objectif d\u2019explorer les voies du renforcement de la r\u00e9silience des soci\u00e9t\u00e9s \u00e0 travers l\u2019utilisation de technologies digitales innovantes et flexibles.<\/p>\n<p>Cette Conf\u00e9rence a \u00e9t\u00e9 organis\u00e9e par l\u2019Estonie et Singapour en tant que co-Pr\u00e9sidents du Groupe des Amis sur la Gouvernance \u00e9lectronique et la cybers\u00e9curit\u00e9, dont fait partie le Maroc. Ce Groupe a pour objectif de sensibiliser les Etats, partager les meilleures pratiques, et promouvoir le renforcement des capacit\u00e9s sur la gouvernance \u00e9lectronique et la cybers\u00e9curit\u00e9.<\/p>\n<p><strong>La Conf\u00e9rence minist\u00e9rielle a connu la participation de quarante-sept Etats.<\/strong><\/p>\n<p>Auteur: M&rsquo;hammed rahal<br \/>\n<a href=\"http:\/\/albayane.press.ma\/les-axes-de-la-riposte-du-maroc-guidee-par-la-vision-royale.html\">Cliquez ici pour lire l&rsquo;article depuis sa source.<\/a><\/p>\n","protected":false},"excerpt":{"rendered":"<p>Covid 19 : anticipation, proactivit\u00e9 et primaut\u00e9 de la sant\u00e9 des citoyens La riposte du Maroc \u00e0 la pand\u00e9mie de la COVID-19 est guid\u00e9e par une Vision Royale reposant sur les piliers de l\u2019anticipation, de la proactivit\u00e9, et de la primaut\u00e9 de la sant\u00e9 des citoyens, a affirm\u00e9 le ministre des Affaires \u00e9trang\u00e8res, de la [&hellip;]<\/p>\n","protected":false},"author":1760,"featured_media":0,"comment_status":"closed","ping_status":"closed","sticky":false,"template":"","format":"standard","meta":{"fifu_image_url":"","fifu_image_alt":"","footnotes":""},"categories":[73,54],"tags":[],"class_list":["post-90977","post","type-post","status-publish","format-standard","hentry","category-actualite","category-maroc"],"_links":{"self":[{"href":"https:\/\/linitiative.ca\/International\/wp-json\/wp\/v2\/posts\/90977","targetHints":{"allow":["GET"]}}],"collection":[{"href":"https:\/\/linitiative.ca\/International\/wp-json\/wp\/v2\/posts"}],"about":[{"href":"https:\/\/linitiative.ca\/International\/wp-json\/wp\/v2\/types\/post"}],"author":[{"embeddable":true,"href":"https:\/\/linitiative.ca\/International\/wp-json\/wp\/v2\/users\/1760"}],"replies":[{"embeddable":true,"href":"https:\/\/linitiative.ca\/International\/wp-json\/wp\/v2\/comments?post=90977"}],"version-history":[{"count":0,"href":"https:\/\/linitiative.ca\/International\/wp-json\/wp\/v2\/posts\/90977\/revisions"}],"wp:attachment":[{"href":"https:\/\/linitiative.ca\/International\/wp-json\/wp\/v2\/media?parent=90977"}],"wp:term":[{"taxonomy":"category","embeddable":true,"href":"https:\/\/linitiative.ca\/International\/wp-json\/wp\/v2\/categories?post=90977"},{"taxonomy":"post_tag","embeddable":true,"href":"https:\/\/linitiative.ca\/International\/wp-json\/wp\/v2\/tags?post=90977"}],"curies":[{"name":"wp","href":"https:\/\/api.w.org\/{rel}","templated":true}]}}