{"id":90979,"date":"2020-07-03T08:46:30","date_gmt":"2020-07-03T12:46:30","guid":{"rendered":"https:\/\/linitiative.ca\/International\/reunion-du-conseil-des-ministres-le-gouvernement-denonce-les-tiraillements-politiques\/"},"modified":"2020-07-03T08:46:30","modified_gmt":"2020-07-03T12:46:30","slug":"reunion-du-conseil-des-ministres-le-gouvernement-denonce-les-tiraillements-politiques","status":"publish","type":"post","link":"https:\/\/linitiative.ca\/International\/reunion-du-conseil-des-ministres-le-gouvernement-denonce-les-tiraillements-politiques\/","title":{"rendered":"R\u00e9union du conseil des ministres : Le gouvernement d\u00e9nonce les tiraillements politiques"},"content":{"rendered":"<p>Le conseil des ministres tenu, jeudi, au Palais du gouvernement \u00e0 la Kasbah, a approuv\u00e9 deux projets de loi organique et trois projets de d\u00e9cret gouvernementaux, a indiqu\u00e9 la porte-parole du gouvernement, Asma Shiri, \u00e0 l\u2019issue de la r\u00e9union du conseil.<\/p>\n<p>La porte-parole a indiqu\u00e9 que le conseil des ministres a, au d\u00e9but de la r\u00e9union, soulign\u00e9 l\u2019importance \u00ab d\u2019\u00eatre \u00e0 l\u2019\u00e9coute de toutes les cat\u00e9gories et les r\u00e9gions qui revendiquent de mani\u00e8re l\u00e9gitime et l\u00e9gale leur droit \u00e0 l\u2019emploi et au d\u00e9veloppement \u00bb.<\/p>\n<p>Shiri a rappel\u00e9 que les membres du gouvernement ont \u00e9voqu\u00e9 \u00ab les tiraillements politiques qui ont refait surface sur la sc\u00e8ne politique \u00bb et qui risquent de \u00ab d\u00e9stabiliser l\u2019action du gouvernement \u00bb.<\/p>\n<p>L\u2019accent a \u00e9t\u00e9, \u00e9galement, mis sur \u00ab l\u2019importance de la solidarit\u00e9 gouvernementale et la coh\u00e9sion entre les membres du gouvernement, pour leur permettre de relever les d\u00e9fis rencontr\u00e9s et r\u00e9pondre aux aspirations des Tunisiens et \u00e0 leurs pr\u00e9occupations \u00bb.<\/p>\n<p>Ainsi, le premier projet de loi organique examin\u00e9 concerne l\u2019accord sur le trait\u00e9 portant cr\u00e9ation de l\u2019Agence africaine du m\u00e9dicament qui si\u00e8gera \u00e0 Tunis. Le deuxi\u00e8me projet de loi porte sur l\u2019accord portant cr\u00e9ation de la zone de libre-\u00e9change continentale africaine, qui a d\u00e9j\u00e0 \u00e9t\u00e9 pr\u00e9sent\u00e9 au parlement depuis trois mois, sans \u00eatre adopt\u00e9 pour absence de quorum.<\/p>\n<p>Le conseil des ministres a adopt\u00e9, \u00e9galement, un projet de d\u00e9cret portant exon\u00e9ration de payement des frais de r\u00e9gularisation de la situation pour les \u00e9trangers se trouvant en Tunisie et d\u00e9sirant quitter le territoire, alors qu\u2019ils ont d\u00e9pass\u00e9 la dur\u00e9e de leur s\u00e9jour en raison de la pand\u00e9mie de Covid-19.<\/p>\n<p>Le deuxi\u00e8me d\u00e9cret concerne la lev\u00e9e du confinement total et la fin de l\u2019application des dispositions du d\u00e9cret \u00e9mis le 22 mars 2020, relatif aux mesures de confinement total.<\/p>\n<p>Le troisi\u00e8me d\u00e9cret porte sur la suspension des d\u00e9lais relatifs \u00e0 des mesures douani\u00e8res d\u00e9cid\u00e9es pendant la phase de confinement total.<\/p>\n<p>La r\u00e9union des conseils des ministres a, en outre, salu\u00e9 la d\u00e9cision annonc\u00e9e par le chef du gouvernement Ely\u00e8s Fakhfakh, relative \u00e0 la cr\u00e9ation d\u2019une commission de suivi de l\u2019ex\u00e9cution des projets publics et priv\u00e9s, g\u00e9n\u00e9rateurs d\u2019emploi, dans les r\u00e9gions.<\/p>\n<div class=\"wp-post-author-wrap wp-post-author-shortcode left\">\n<h3 class=\"awpa-title\"\/>\n<div class=\"wp-post-author\">\n<div class=\"awpa-img awpa-author-block square\"><a href=\"http:\/\/lexpertjournal.net\/fr\/?author=5\"><img loading=\"lazy\" decoding=\"async\" alt=\"\" src=\"http:\/\/0.gravatar.com\/avatar\/97f8e10a1c1125ba104a76514ee07b16?s=150&amp;d=mm&amp;r=g\" srcset=\"http:\/\/0.gravatar.com\/avatar\/97f8e10a1c1125ba104a76514ee07b16?s=300&amp;d=mm&amp;r=g 2x\" class=\"avatar avatar-150 photo\" height=\"150\" width=\"150\"\/><\/a><\/div>\n<\/div>\n<\/div>\n<aside class=\"mashsb-container mashsb-main mashsb-stretched\">\n<\/aside>\n<p>Auteur: L&rsquo;expert<br \/>\n<a href=\"http:\/\/lexpertjournal.net\/fr\/?p=15584\">Cliquez ici pour lire l&rsquo;article depuis sa source.<\/a><\/p>\n","protected":false},"excerpt":{"rendered":"<p>Le conseil des ministres tenu, jeudi, au Palais du gouvernement \u00e0 la Kasbah, a approuv\u00e9 deux projets de loi organique et trois projets de d\u00e9cret gouvernementaux, a indiqu\u00e9 la porte-parole du gouvernement, Asma Shiri, \u00e0 l\u2019issue de la r\u00e9union du conseil. La porte-parole a indiqu\u00e9 que le conseil des ministres a, au d\u00e9but de la [&hellip;]<\/p>\n","protected":false},"author":1775,"featured_media":0,"comment_status":"closed","ping_status":"closed","sticky":false,"template":"","format":"standard","meta":{"fifu_image_url":"","fifu_image_alt":"","footnotes":""},"categories":[78,55],"tags":[],"class_list":["post-90979","post","type-post","status-publish","format-standard","hentry","category-economie","category-tunisie"],"_links":{"self":[{"href":"https:\/\/linitiative.ca\/International\/wp-json\/wp\/v2\/posts\/90979","targetHints":{"allow":["GET"]}}],"collection":[{"href":"https:\/\/linitiative.ca\/International\/wp-json\/wp\/v2\/posts"}],"about":[{"href":"https:\/\/linitiative.ca\/International\/wp-json\/wp\/v2\/types\/post"}],"author":[{"embeddable":true,"href":"https:\/\/linitiative.ca\/International\/wp-json\/wp\/v2\/users\/1775"}],"replies":[{"embeddable":true,"href":"https:\/\/linitiative.ca\/International\/wp-json\/wp\/v2\/comments?post=90979"}],"version-history":[{"count":0,"href":"https:\/\/linitiative.ca\/International\/wp-json\/wp\/v2\/posts\/90979\/revisions"}],"wp:attachment":[{"href":"https:\/\/linitiative.ca\/International\/wp-json\/wp\/v2\/media?parent=90979"}],"wp:term":[{"taxonomy":"category","embeddable":true,"href":"https:\/\/linitiative.ca\/International\/wp-json\/wp\/v2\/categories?post=90979"},{"taxonomy":"post_tag","embeddable":true,"href":"https:\/\/linitiative.ca\/International\/wp-json\/wp\/v2\/tags?post=90979"}],"curies":[{"name":"wp","href":"https:\/\/api.w.org\/{rel}","templated":true}]}}