{"id":90980,"date":"2020-07-03T08:48:29","date_gmt":"2020-07-03T12:48:29","guid":{"rendered":"https:\/\/linitiative.ca\/International\/vetuste-des-navires-la-flotte-marchande-tunisienne-sur-liste-noire\/"},"modified":"2020-07-03T08:48:29","modified_gmt":"2020-07-03T12:48:29","slug":"vetuste-des-navires-la-flotte-marchande-tunisienne-sur-liste-noire","status":"publish","type":"post","link":"https:\/\/linitiative.ca\/International\/vetuste-des-navires-la-flotte-marchande-tunisienne-sur-liste-noire\/","title":{"rendered":"V\u00e9tust\u00e9 des navires :  La flotte marchande tunisienne sur liste noire !"},"content":{"rendered":"<p>Le classement de la Tunisie sur la liste noire du \u00bb M\u00e9morandum d\u2019entente de Paris sur le contr\u00f4le des navires par l\u2019Etat du Port \u00bb (Paris MoU), est du due aux pannes r\u00e9currentes et \u00e0 la v\u00e9tust\u00e9 des navires qui sont \u00e2g\u00e9s de plus de vingt ans, \u00e0 l\u2019exception du \u00ab Tanit \u00bb, affirme le minist\u00e8re du Transport.<\/p>\n<p>Ce m\u00e9morandum avait class\u00e9, mercredi dernier, la Tunisie sur la liste noire en tant que pays \u00e0 \u00ab risque moyen \u00bb, occupant le 58\u00e8me rang sur un total de 70 pays. D\u2019apr\u00e8s le m\u00e9morandum, la Tunisie a \u00e9t\u00e9 class\u00e9e sur cette liste en raison de la mauvaise qualit\u00e9 de ses navires, en termes de s\u00e9curit\u00e9, du respect de la propret\u00e9 des oc\u00e9ans, de la qualit\u00e9 de la flotte et de la garantie des droits des travailleurs.<\/p>\n<p>Dans un communiqu\u00e9 publi\u00e9, vendredi, le minist\u00e8re du Transport a rappel\u00e9 que le classement des flottes de la marine marchande par les organismes internationaux est bas\u00e9 sur les r\u00e9sultats des op\u00e9rations de contr\u00f4le effectu\u00e9es dans leurs ports, pr\u00e9cisant que ce classement est actualis\u00e9 d\u2019une mani\u00e8re p\u00e9riodique. Pour rem\u00e9dier \u00e0 cette situation, le minist\u00e8re a fait savoir qu\u2019un plan d\u2019action vient d\u2019\u00eatre mis en place. Il consiste \u00e0 assurer un suivi r\u00e9gulier et continu de la flotte de la marine marchande, en appelant les compagnies maritimes \u00e0 mener davantage d\u2019op\u00e9rations de maintenance de leurs navires.<\/p>\n<p>Il s\u2019agit, \u00e9galement, de d\u00e9velopper les ressources humaines, notamment les agents maritimes et les experts charg\u00e9s des op\u00e9rations d\u2019inspection (formation et recyclage) et d\u2019investir dans une nouvelle flotte. Malgr\u00e9 ce classement, le minist\u00e8re estime que les navires commerciaux tunisiens demeurent conformes aux normes et standards pr\u00e9vus par les accords internationaux.<\/p>\n<p>Le \u00bb M\u00e9morandum d\u2019entente de Paris sur le contr\u00f4le des navires par l\u2019Etat du Port \u00bb est un accord international sign\u00e9 en 1982 entre 14 nations maritimes, et qui en regroupe aujourd\u2019hui 27.<\/p>\n<p>Il vise \u00e0 am\u00e9liorer la s\u00e9curit\u00e9 maritime par un meilleur contr\u00f4le des navires dans les ports. Il pr\u00e9voit des inspections v\u00e9rifiant (toujours dans les ports), que les navires sont conformes aux diverses conventions internationales en vigueur dans le domaine maritime<\/p>\n<div class=\"wp-post-author-wrap wp-post-author-shortcode left\">\n<h3 class=\"awpa-title\"\/>\n<div class=\"wp-post-author\">\n<div class=\"awpa-img awpa-author-block square\"><a href=\"http:\/\/lexpertjournal.net\/fr\/?author=5\"><img loading=\"lazy\" decoding=\"async\" alt=\"\" src=\"http:\/\/0.gravatar.com\/avatar\/97f8e10a1c1125ba104a76514ee07b16?s=150&amp;d=mm&amp;r=g\" srcset=\"http:\/\/0.gravatar.com\/avatar\/97f8e10a1c1125ba104a76514ee07b16?s=300&amp;d=mm&amp;r=g 2x\" class=\"avatar avatar-150 photo\" height=\"150\" width=\"150\"\/><\/a><\/div>\n<\/div>\n<\/div>\n<aside class=\"mashsb-container mashsb-main mashsb-stretched\">\n<\/aside>\n<p>Auteur: L&rsquo;expert<br \/>\n<a href=\"http:\/\/lexpertjournal.net\/fr\/?p=15587\">Cliquez ici pour lire l&rsquo;article depuis sa source.<\/a><\/p>\n","protected":false},"excerpt":{"rendered":"<p>Le classement de la Tunisie sur la liste noire du \u00bb M\u00e9morandum d\u2019entente de Paris sur le contr\u00f4le des navires par l\u2019Etat du Port \u00bb (Paris MoU), est du due aux pannes r\u00e9currentes et \u00e0 la v\u00e9tust\u00e9 des navires qui sont \u00e2g\u00e9s de plus de vingt ans, \u00e0 l\u2019exception du \u00ab Tanit \u00bb, affirme le [&hellip;]<\/p>\n","protected":false},"author":1775,"featured_media":0,"comment_status":"closed","ping_status":"closed","sticky":false,"template":"","format":"standard","meta":{"fifu_image_url":"","fifu_image_alt":"","footnotes":""},"categories":[78,55],"tags":[],"class_list":["post-90980","post","type-post","status-publish","format-standard","hentry","category-economie","category-tunisie"],"_links":{"self":[{"href":"https:\/\/linitiative.ca\/International\/wp-json\/wp\/v2\/posts\/90980","targetHints":{"allow":["GET"]}}],"collection":[{"href":"https:\/\/linitiative.ca\/International\/wp-json\/wp\/v2\/posts"}],"about":[{"href":"https:\/\/linitiative.ca\/International\/wp-json\/wp\/v2\/types\/post"}],"author":[{"embeddable":true,"href":"https:\/\/linitiative.ca\/International\/wp-json\/wp\/v2\/users\/1775"}],"replies":[{"embeddable":true,"href":"https:\/\/linitiative.ca\/International\/wp-json\/wp\/v2\/comments?post=90980"}],"version-history":[{"count":0,"href":"https:\/\/linitiative.ca\/International\/wp-json\/wp\/v2\/posts\/90980\/revisions"}],"wp:attachment":[{"href":"https:\/\/linitiative.ca\/International\/wp-json\/wp\/v2\/media?parent=90980"}],"wp:term":[{"taxonomy":"category","embeddable":true,"href":"https:\/\/linitiative.ca\/International\/wp-json\/wp\/v2\/categories?post=90980"},{"taxonomy":"post_tag","embeddable":true,"href":"https:\/\/linitiative.ca\/International\/wp-json\/wp\/v2\/tags?post=90980"}],"curies":[{"name":"wp","href":"https:\/\/api.w.org\/{rel}","templated":true}]}}