{"id":90989,"date":"2020-07-03T06:57:00","date_gmt":"2020-07-03T10:57:00","guid":{"rendered":"https:\/\/linitiative.ca\/International\/said-chanegriha-confirme-dans-le-poste-de-chef-detat-major-de-lanp\/"},"modified":"2020-07-03T06:57:00","modified_gmt":"2020-07-03T10:57:00","slug":"said-chanegriha-confirme-dans-le-poste-de-chef-detat-major-de-lanp","status":"publish","type":"post","link":"https:\/\/linitiative.ca\/International\/said-chanegriha-confirme-dans-le-poste-de-chef-detat-major-de-lanp\/","title":{"rendered":"Sa\u00efd Chanegriha confirm\u00e9 dans le poste de Chef d\u2019\u00e9tat-major de l\u2019ANP"},"content":{"rendered":"<div id=\"originalText\" readability=\"47\">\n<p>Le g\u00e9n\u00e9ral-major, Sa\u00efd Chanegriha, a \u00e9t\u00e9 confirm\u00e9, hier, dans le poste de Chef d\u2019\u00e9tat-major de l\u2019Arm\u00e9e Nationale Populaire (ANP), par le\u00a0Pr\u00e9sident de la R\u00e9publique, Abdelmadjid Tebboune,\u00a0a indiqu\u00e9 un communique du minist\u00e8re de la D\u00e9fense Nationale (MDN).<\/p>\n<p>Pour rappel, Sa\u00efd Chanegriha, occupait le poste de Chef d&rsquo;\u00e9tat-major de l&rsquo;ANP par int\u00e9rim depuis le 23 d\u00e9cembre 2019, suite au d\u00e9c\u00e8s du G\u00e9n\u00e9ral de Corps d&rsquo;Arm\u00e9e Ahmed Gaid Salah.<\/p>\n<p class=\"c6\"><strong>R\u00e9daction Web<\/strong><\/p>\n<\/div>\n<div id=\"text_core\" readability=\"47\">\n<p>Le g\u00e9n\u00e9ral-major, Sa\u00efd Chanegriha, a \u00e9t\u00e9 confirm\u00e9, hier, dans le poste de Chef d\u2019\u00e9tat-major de l\u2019Arm\u00e9e Nationale Populaire (ANP), par le\u00a0Pr\u00e9sident de la R\u00e9publique, Abdelmadjid Tebboune,\u00a0a indiqu\u00e9 un communique du minist\u00e8re de la D\u00e9fense Nationale (MDN).<\/p>\n<p>Pour rappel, Sa\u00efd Chanegriha, occupait le poste de Chef d&rsquo;\u00e9tat-major de l&rsquo;ANP par int\u00e9rim depuis le 23 d\u00e9cembre 2019, suite au d\u00e9c\u00e8s du G\u00e9n\u00e9ral de Corps d&rsquo;Arm\u00e9e Ahmed Gaid Salah.<\/p>\n<p class=\"c6\"><strong>R\u00e9daction Web<\/strong><\/p>\n<\/div>\n<p>Auteur:<br \/>\n<a href=\"https:\/\/www.liberte-algerie.com\/actualite\/said-chanegriha-confirme-dans-le-poste-de-chef-detat-major-de-lanp-341362\">Cliquez ici pour lire l&rsquo;article depuis sa source.<\/a><\/p>\n","protected":false},"excerpt":{"rendered":"<p>Le g\u00e9n\u00e9ral-major, Sa\u00efd Chanegriha, a \u00e9t\u00e9 confirm\u00e9, hier, dans le poste de Chef d\u2019\u00e9tat-major de l\u2019Arm\u00e9e Nationale Populaire (ANP), par le\u00a0Pr\u00e9sident de la R\u00e9publique, Abdelmadjid Tebboune,\u00a0a indiqu\u00e9 un communique du minist\u00e8re de la D\u00e9fense Nationale (MDN). Pour rappel, Sa\u00efd Chanegriha, occupait le poste de Chef d&rsquo;\u00e9tat-major de l&rsquo;ANP par int\u00e9rim depuis le 23 d\u00e9cembre 2019, [&hellip;]<\/p>\n","protected":false},"author":1742,"featured_media":0,"comment_status":"closed","ping_status":"closed","sticky":false,"template":"","format":"standard","meta":{"fifu_image_url":"","fifu_image_alt":"","footnotes":""},"categories":[73,53],"tags":[],"class_list":["post-90989","post","type-post","status-publish","format-standard","hentry","category-actualite","category-algerie"],"_links":{"self":[{"href":"https:\/\/linitiative.ca\/International\/wp-json\/wp\/v2\/posts\/90989","targetHints":{"allow":["GET"]}}],"collection":[{"href":"https:\/\/linitiative.ca\/International\/wp-json\/wp\/v2\/posts"}],"about":[{"href":"https:\/\/linitiative.ca\/International\/wp-json\/wp\/v2\/types\/post"}],"author":[{"embeddable":true,"href":"https:\/\/linitiative.ca\/International\/wp-json\/wp\/v2\/users\/1742"}],"replies":[{"embeddable":true,"href":"https:\/\/linitiative.ca\/International\/wp-json\/wp\/v2\/comments?post=90989"}],"version-history":[{"count":0,"href":"https:\/\/linitiative.ca\/International\/wp-json\/wp\/v2\/posts\/90989\/revisions"}],"wp:attachment":[{"href":"https:\/\/linitiative.ca\/International\/wp-json\/wp\/v2\/media?parent=90989"}],"wp:term":[{"taxonomy":"category","embeddable":true,"href":"https:\/\/linitiative.ca\/International\/wp-json\/wp\/v2\/categories?post=90989"},{"taxonomy":"post_tag","embeddable":true,"href":"https:\/\/linitiative.ca\/International\/wp-json\/wp\/v2\/tags?post=90989"}],"curies":[{"name":"wp","href":"https:\/\/api.w.org\/{rel}","templated":true}]}}