{"id":90990,"date":"2020-07-03T08:33:00","date_gmt":"2020-07-03T12:33:00","guid":{"rendered":"https:\/\/linitiative.ca\/International\/rapatriement-des-restes-mortuaires-des-resistants-algeriens\/"},"modified":"2020-07-03T08:33:00","modified_gmt":"2020-07-03T12:33:00","slug":"rapatriement-des-restes-mortuaires-des-resistants-algeriens","status":"publish","type":"post","link":"https:\/\/linitiative.ca\/International\/rapatriement-des-restes-mortuaires-des-resistants-algeriens\/","title":{"rendered":"Rapatriement des restes mortuaires des r\u00e9sistants alg\u00e9riens"},"content":{"rendered":"<div id=\"originalText\" readability=\"53\">\n<p>L&rsquo;avion transportant les cr\u00e2nes des r\u00e9sistants\u00a0alg\u00e9riens \u00e0 l&rsquo;invasion et la colonisation fran\u00e7aises, conserv\u00e9s depuis plus\u00a0d&rsquo;un si\u00e8cle et demi au Mus\u00e9e d&rsquo;histoire naturelle de Paris, a atterri, ce vendredi, \u00e0 l&rsquo;a\u00e9roport international Houari Boumedienne \u00e0 Alger.\u00a0<\/p>\n<p>L&rsquo;avion militaire C-130 transportant les restes mortuaires des 24\u00a0\u00a0<br \/>r\u00e9sistants alg\u00e9riens \u00e0 la colonisation fran\u00e7aise, escort\u00e9 par des avions de\u00a0\u00a0<br \/>chasse, en provenance de France, a atterri en ce d\u00e9but d&rsquo;apr\u00e8s-midi \u00e0\u00a0\u00a0<br \/>l&rsquo;a\u00e9roport Houari Boumediene.\u00a0<\/p>\n<p>Le Pr\u00e9sident de la R\u00e9publique, M. Abdelmadjid Tebboune, qui a annonc\u00e9\u00a0\u00a0<br \/>jeudi que les restes mortuaires d&rsquo;autres martyrs\u00a0 seront rapatri\u00e9s \u00e0\u00a0\u00a0<br \/>l&rsquo;avenir, le processus devant se poursuivre jusqu&rsquo;\u00e0 son terme, a pr\u00e9sid\u00e9 la\u00a0\u00a0<br \/>c\u00e9r\u00e9monie d&rsquo;accueil des cercueils.<\/p>\n<p><iframe loading=\"lazy\" allowfullscreen=\"true\" allowtransparency=\"true\" frameborder=\"0\" height=\"315\" scrolling=\"no\" src=\"https:\/\/www.facebook.com\/plugins\/video.php?href=https%3A%2F%2Fwww.facebook.com%2Feptv.dz%2Fvideos%2F287124369157561%2F&amp;show_text=0&amp;width=560\" class=\"c6\" width=\"560\">[embedded content]<\/iframe><\/p>\n<p class=\"c7\"><strong>R\u00e9daction Web<\/strong><br \/>\u00a0<\/p>\n<\/div>\n<div id=\"text_core\" readability=\"53\">\n<p>L&rsquo;avion transportant les cr\u00e2nes des r\u00e9sistants\u00a0alg\u00e9riens \u00e0 l&rsquo;invasion et la colonisation fran\u00e7aises, conserv\u00e9s depuis plus\u00a0d&rsquo;un si\u00e8cle et demi au Mus\u00e9e d&rsquo;histoire naturelle de Paris, a atterri, ce vendredi, \u00e0 l&rsquo;a\u00e9roport international Houari Boumedienne \u00e0 Alger.\u00a0<\/p>\n<p>L&rsquo;avion militaire C-130 transportant les restes mortuaires des 24\u00a0\u00a0<br \/>r\u00e9sistants alg\u00e9riens \u00e0 la colonisation fran\u00e7aise, escort\u00e9 par des avions de\u00a0\u00a0<br \/>chasse, en provenance de France, a atterri en ce d\u00e9but d&rsquo;apr\u00e8s-midi \u00e0\u00a0\u00a0<br \/>l&rsquo;a\u00e9roport Houari Boumediene.\u00a0<\/p>\n<p>Le Pr\u00e9sident de la R\u00e9publique, M. Abdelmadjid Tebboune, qui a annonc\u00e9\u00a0\u00a0<br \/>jeudi que les restes mortuaires d&rsquo;autres martyrs\u00a0 seront rapatri\u00e9s \u00e0\u00a0\u00a0<br \/>l&rsquo;avenir, le processus devant se poursuivre jusqu&rsquo;\u00e0 son terme, a pr\u00e9sid\u00e9 la\u00a0\u00a0<br \/>c\u00e9r\u00e9monie d&rsquo;accueil des cercueils.<\/p>\n<p><iframe loading=\"lazy\" allowfullscreen=\"true\" allowtransparency=\"true\" frameborder=\"0\" height=\"315\" scrolling=\"no\" src=\"https:\/\/www.facebook.com\/plugins\/video.php?href=https%3A%2F%2Fwww.facebook.com%2Feptv.dz%2Fvideos%2F287124369157561%2F&amp;show_text=0&amp;width=560\" class=\"c6\" width=\"560\">[embedded content]<\/iframe><\/p>\n<p class=\"c7\"><strong>R\u00e9daction Web<\/strong><br \/>\u00a0<\/p>\n<\/div>\n<p>Auteur:<br \/>\n<a href=\"https:\/\/www.liberte-algerie.com\/actualite\/rapatriement-des-restes-mortuaires-des-resistants-algeriens-341363\">Cliquez ici pour lire l&rsquo;article depuis sa source.<\/a><\/p>\n","protected":false},"excerpt":{"rendered":"<p>L&rsquo;avion transportant les cr\u00e2nes des r\u00e9sistants\u00a0alg\u00e9riens \u00e0 l&rsquo;invasion et la colonisation fran\u00e7aises, conserv\u00e9s depuis plus\u00a0d&rsquo;un si\u00e8cle et demi au Mus\u00e9e d&rsquo;histoire naturelle de Paris, a atterri, ce vendredi, \u00e0 l&rsquo;a\u00e9roport international Houari Boumedienne \u00e0 Alger.\u00a0 L&rsquo;avion militaire C-130 transportant les restes mortuaires des 24\u00a0\u00a0r\u00e9sistants alg\u00e9riens \u00e0 la colonisation fran\u00e7aise, escort\u00e9 par des avions de\u00a0\u00a0chasse, en [&hellip;]<\/p>\n","protected":false},"author":1742,"featured_media":0,"comment_status":"closed","ping_status":"closed","sticky":false,"template":"","format":"standard","meta":{"fifu_image_url":"","fifu_image_alt":"","footnotes":""},"categories":[73,53],"tags":[],"class_list":["post-90990","post","type-post","status-publish","format-standard","hentry","category-actualite","category-algerie"],"_links":{"self":[{"href":"https:\/\/linitiative.ca\/International\/wp-json\/wp\/v2\/posts\/90990","targetHints":{"allow":["GET"]}}],"collection":[{"href":"https:\/\/linitiative.ca\/International\/wp-json\/wp\/v2\/posts"}],"about":[{"href":"https:\/\/linitiative.ca\/International\/wp-json\/wp\/v2\/types\/post"}],"author":[{"embeddable":true,"href":"https:\/\/linitiative.ca\/International\/wp-json\/wp\/v2\/users\/1742"}],"replies":[{"embeddable":true,"href":"https:\/\/linitiative.ca\/International\/wp-json\/wp\/v2\/comments?post=90990"}],"version-history":[{"count":0,"href":"https:\/\/linitiative.ca\/International\/wp-json\/wp\/v2\/posts\/90990\/revisions"}],"wp:attachment":[{"href":"https:\/\/linitiative.ca\/International\/wp-json\/wp\/v2\/media?parent=90990"}],"wp:term":[{"taxonomy":"category","embeddable":true,"href":"https:\/\/linitiative.ca\/International\/wp-json\/wp\/v2\/categories?post=90990"},{"taxonomy":"post_tag","embeddable":true,"href":"https:\/\/linitiative.ca\/International\/wp-json\/wp\/v2\/tags?post=90990"}],"curies":[{"name":"wp","href":"https:\/\/api.w.org\/{rel}","templated":true}]}}