{"id":90991,"date":"2020-07-02T19:35:52","date_gmt":"2020-07-02T23:35:52","guid":{"rendered":"https:\/\/linitiative.ca\/International\/rencontre-sur-la-situation-de-lactivite-du-guidage-touristique\/"},"modified":"2020-07-02T19:35:52","modified_gmt":"2020-07-02T23:35:52","slug":"rencontre-sur-la-situation-de-lactivite-du-guidage-touristique","status":"publish","type":"post","link":"https:\/\/linitiative.ca\/International\/rencontre-sur-la-situation-de-lactivite-du-guidage-touristique\/","title":{"rendered":"Rencontre sur la situation de l\u2019activit\u00e9 du guidage touristique"},"content":{"rendered":"<div readability=\"37\">\n<p>Marrakech \u2013 L\u2019Association r\u00e9gionale des guides touristiques de Marrakech-Safi (ARGT-MS) a tenu, mercredi, une r\u00e9union avec le Conseil R\u00e9gional du Tourisme (CRT), consacr\u00e9e notamment \u00e0 la situation de l\u2019activit\u00e9 du guidage touristique \u00e0 l\u2019\u00e9chelle de la r\u00e9gion.<\/p>\n<\/div>\n<div readability=\"104\">\n<p>Les d\u00e9bats lors de cette rencontre ont \u00e9t\u00e9 ax\u00e9s sur deux points essentiels, dont le premier concerne le statut juridique et effectif de l\u2019ARGT-MS au sein du CRT et la n\u00e9cessit\u00e9 de renforcer son r\u00f4le en tant que force de proposition et repr\u00e9sentant de la profession du guidage touristique, indique un communiqu\u00e9 de l\u2019association.<\/p>\n<p>A cette occasion, le pr\u00e9sident du CRT, Hamid Bentahar a expliqu\u00e9 que les pr\u00e9sidents de toutes les associations r\u00e9gionales des professionnels du secteur touristique jouissent d\u2019une repr\u00e9sentativit\u00e9 au sein du Conseil, outre la repr\u00e9sentativit\u00e9 des \u00e9lus et des autorit\u00e9s, \u00e0 travers certains \u00e9tablissements publics.<\/p>\n<p>Quant au deuxi\u00e8me point, il a trait au fonctionnement du CRT et \u00e0 la place de l\u2019ensemble des parties qui y sont repr\u00e9sent\u00e9es, sachant que chaque instance peut proposer des id\u00e9es ou des projets sur lesquels elle peut travailler en coordination avec le Conseil.<\/p>\n<p>Dans ce cadre, M. Bentahar a soulign\u00e9 que le CRT s\u2019appuie, dans la mise en oeuvre de son programme annuel, sur les propositions, id\u00e9es et projets pr\u00e9sent\u00e9s par les instances et parties qui y sont repr\u00e9sent\u00e9es.<\/p>\n<p>Selon la m\u00eame source, les d\u00e9bats lors de cette rencontre ont \u00e9t\u00e9 marqu\u00e9s par le franc-parler et empreints d\u2019un haut niveau de dialogue, ce qui constitue un pas important pour aller de l\u2019avant ensemble et de \u00ab\u00a0r\u00e9duire le foss\u00e9 potentiel\u00a0\u00bb entre l\u2019Association et le Conseil.<\/p>\n<p>Les deux parties ont, ainsi, affirm\u00e9 qu\u2019il est temps de cr\u00e9er un espace de dialogue bilat\u00e9ral, d\u2019oeuvrer pour concevoir de nouveaux produits garantissant la continuit\u00e9 et la promotion du tourisme durable dans la r\u00e9gion, en collaboration avec les autres professionnels du secteur repr\u00e9sent\u00e9s au Conseil, et de changer la m\u00e9thodologie de travail en adoptant une approche pratique, bas\u00e9e sur la force d\u2019id\u00e9es et l\u2019efficacit\u00e9 dans leur concr\u00e9tisation sur le terrain, rel\u00e8ve le communiqu\u00e9.<\/p>\n<p>Elles ont, en outre, convenu d\u2019entamer imm\u00e9diatement l\u2019application des recommandations de cette r\u00e9union, en veillant \u00e0 traduire dans les faits les id\u00e9es et projets port\u00e9s par le guide touristique, partant de son exp\u00e9rience et de sa connaissance de la situation du secteur du tourisme ainsi que de l\u2019ensemble des probl\u00e8mes auxquels il est confront\u00e9.<\/p>\n<p>Dans ce sillage, M. Bentahar a tenu \u00e0 souligner que les portes du Conseil sont toujours ouvertes devant l\u2019association, dont le pr\u00e9sident est un membre du conseil d\u2019administration du CRT.<\/p>\n<p>De son c\u00f4t\u00e9, l\u2019association a fait part de son enti\u00e8re disposition \u00e0 proposer des projets et \u00e0 s\u2019atteler \u00e0 les r\u00e9aliser en coordination avec le Conseil R\u00e9gional du Tourisme.<\/p>\n<p>Cette rencontre intervient dans le cadre de l\u2019ouverture sur cette institution en tant qu\u2019instance active dans le secteur touristique au niveau de la r\u00e9gion, en vue d\u2019\u00e9tablir des passerelles de communication et d\u2019interaction, d\u2019\u00e9changer les id\u00e9es et d\u2019\u0153uvrer afin de les traduire en projets productifs et efficients, conclut le communiqu\u00e9.<\/p>\n<\/div>\n<p>Auteur: Meriem IGASS<br \/>\n<a href=\"http:\/\/www.mapmarrakech.ma\/fr\/rencontre-sur-la-situation-de-lactivite-du-guidage-touristique\/\">Cliquez ici pour lire l&rsquo;article depuis sa source.<\/a><\/p>\n","protected":false},"excerpt":{"rendered":"<p>Marrakech \u2013 L\u2019Association r\u00e9gionale des guides touristiques de Marrakech-Safi (ARGT-MS) a tenu, mercredi, une r\u00e9union avec le Conseil R\u00e9gional du Tourisme (CRT), consacr\u00e9e notamment \u00e0 la situation de l\u2019activit\u00e9 du guidage touristique \u00e0 l\u2019\u00e9chelle de la r\u00e9gion. Les d\u00e9bats lors de cette rencontre ont \u00e9t\u00e9 ax\u00e9s sur deux points essentiels, dont le premier concerne le [&hellip;]<\/p>\n","protected":false},"author":1788,"featured_media":0,"comment_status":"closed","ping_status":"closed","sticky":false,"template":"","format":"standard","meta":{"fifu_image_url":"","fifu_image_alt":"","footnotes":""},"categories":[54,76],"tags":[],"class_list":["post-90991","post","type-post","status-publish","format-standard","hentry","category-maroc","category-regions"],"_links":{"self":[{"href":"https:\/\/linitiative.ca\/International\/wp-json\/wp\/v2\/posts\/90991","targetHints":{"allow":["GET"]}}],"collection":[{"href":"https:\/\/linitiative.ca\/International\/wp-json\/wp\/v2\/posts"}],"about":[{"href":"https:\/\/linitiative.ca\/International\/wp-json\/wp\/v2\/types\/post"}],"author":[{"embeddable":true,"href":"https:\/\/linitiative.ca\/International\/wp-json\/wp\/v2\/users\/1788"}],"replies":[{"embeddable":true,"href":"https:\/\/linitiative.ca\/International\/wp-json\/wp\/v2\/comments?post=90991"}],"version-history":[{"count":0,"href":"https:\/\/linitiative.ca\/International\/wp-json\/wp\/v2\/posts\/90991\/revisions"}],"wp:attachment":[{"href":"https:\/\/linitiative.ca\/International\/wp-json\/wp\/v2\/media?parent=90991"}],"wp:term":[{"taxonomy":"category","embeddable":true,"href":"https:\/\/linitiative.ca\/International\/wp-json\/wp\/v2\/categories?post=90991"},{"taxonomy":"post_tag","embeddable":true,"href":"https:\/\/linitiative.ca\/International\/wp-json\/wp\/v2\/tags?post=90991"}],"curies":[{"name":"wp","href":"https:\/\/api.w.org\/{rel}","templated":true}]}}