{"id":90994,"date":"2020-07-03T07:04:44","date_gmt":"2020-07-03T11:04:44","guid":{"rendered":"https:\/\/linitiative.ca\/International\/amenagement-dun-centre-daccueil-des-enfants-abandonnes\/"},"modified":"2020-07-03T07:04:44","modified_gmt":"2020-07-03T11:04:44","slug":"amenagement-dun-centre-daccueil-des-enfants-abandonnes","status":"publish","type":"post","link":"https:\/\/linitiative.ca\/International\/amenagement-dun-centre-daccueil-des-enfants-abandonnes\/","title":{"rendered":"Am\u00e9nagement d\u2019un centre d\u2019accueil des enfants abandonn\u00e9s"},"content":{"rendered":"<div readability=\"36\">\n<p>Benguerir (province de Rehamna) \u2013 La pr\u00e9fecture de la province de Rehamna a proc\u00e9d\u00e9, dans le cadre de l\u2019Initiative Nationale pour le D\u00e9veloppement humain (INDH), \u00e0 l\u2019am\u00e9nagement et \u00e0 l\u2019\u00e9quipement d\u2019un centre d\u2019accueil des enfants abandonn\u00e9s \u00e0 Benguerir.<\/p>\n<\/div>\n<div readability=\"73\">Ainsi, le gouverneur de la province, Aziz Bouignane, qui \u00e9tait accompagn\u00e9 du pr\u00e9sident du Tribunal de premi\u00e8re instance de Bengu\u00e9rir, du substitut du procureur du Roi pr\u00e8s cette Juridiction, du juge charg\u00e9 des affaires des mineurs audit Tribunal, ainsi que des d\u00e9l\u00e9gu\u00e9s provinciaux de l\u2019Entraide nationale et de la Sant\u00e9, a effectu\u00e9 une visite \u00e0 ce centre qui accueille actuellement 13 enfants, dont 7 filles.L\u2019am\u00e9nagement et l\u2019\u00e9quipement de cette structure ont \u00e9t\u00e9 r\u00e9alis\u00e9s dans le cadre de l\u2019INDH, en partenariat avec la D\u00e9l\u00e9gation provinciale de l\u2019Entraide nationale, alors que la gestion de cet \u00e9tablissement a \u00e9t\u00e9 confi\u00e9e \u00e0 l\u2019Association \u00ab\u00a0Oum Al Mouminine Aicha\u00a0\u00bb pour le d\u00e9veloppement social.<\/p>\n<p>D\u2019une capacit\u00e9 d\u2019accueil de 50 b\u00e9n\u00e9ficiaires, le centre est compos\u00e9 de deux pavillons pour l\u2019h\u00e9bergement des enfants, d\u2019un hall, de d\u00e9pendances sanitaires, d\u2019un entrep\u00f4t pour le stockage des produits alimentaires, d\u2019une cuisine, d\u2019un jardin et d\u2019une salle de jeux.<\/p>\n<p>La mise en place de ce centre vise \u00e0 subvenir aux besoins des enfants abandonn\u00e9s, en leur assurant l\u2019accueil, l\u2019h\u00e9bergement, l\u2019alimentation et le suivi social, \u00e9ducatif et sanitaire, ainsi qu\u2019\u00e0 fournir des prestations r\u00e9pondant aux besoins des enfants, gr\u00e2ce au soutien mat\u00e9riel et en nature apport\u00e9 par le Comit\u00e9 provincial du D\u00e9veloppement humain (CPDH) et l\u2019Institution de l\u2019Entraide nationale.<\/p>\n<p>La cr\u00e9ation de ce centre intervient conform\u00e9ment aux dispositions de la Loi N\u00b014.05 fixant les conditions d\u2019ouverture et de gestion des \u00e9tablissements de protection sociale, afin d\u2019accueillir chaque enfant en situation difficile suite \u00e0 une d\u00e9cision du juge charg\u00e9 des affaires des mineurs au Tribunal de premi\u00e8re instance, sur la base d\u2019une requ\u00eate du parquet g\u00e9n\u00e9ral en application de l\u2019article 512 du Code de proc\u00e9dure p\u00e9nale.<\/p>\n<\/div>\n<p>Auteur: Meriem IGASS<br \/>\n<a href=\"http:\/\/www.mapmarrakech.ma\/fr\/amenagement-dun-centre-daccueil-des-enfants-abandonnes\/\">Cliquez ici pour lire l&rsquo;article depuis sa source.<\/a><\/p>\n","protected":false},"excerpt":{"rendered":"<p>Benguerir (province de Rehamna) \u2013 La pr\u00e9fecture de la province de Rehamna a proc\u00e9d\u00e9, dans le cadre de l\u2019Initiative Nationale pour le D\u00e9veloppement humain (INDH), \u00e0 l\u2019am\u00e9nagement et \u00e0 l\u2019\u00e9quipement d\u2019un centre d\u2019accueil des enfants abandonn\u00e9s \u00e0 Benguerir. Ainsi, le gouverneur de la province, Aziz Bouignane, qui \u00e9tait accompagn\u00e9 du pr\u00e9sident du Tribunal de premi\u00e8re [&hellip;]<\/p>\n","protected":false},"author":1788,"featured_media":0,"comment_status":"closed","ping_status":"closed","sticky":false,"template":"","format":"standard","meta":{"fifu_image_url":"","fifu_image_alt":"","footnotes":""},"categories":[54,76],"tags":[],"class_list":["post-90994","post","type-post","status-publish","format-standard","hentry","category-maroc","category-regions"],"_links":{"self":[{"href":"https:\/\/linitiative.ca\/International\/wp-json\/wp\/v2\/posts\/90994","targetHints":{"allow":["GET"]}}],"collection":[{"href":"https:\/\/linitiative.ca\/International\/wp-json\/wp\/v2\/posts"}],"about":[{"href":"https:\/\/linitiative.ca\/International\/wp-json\/wp\/v2\/types\/post"}],"author":[{"embeddable":true,"href":"https:\/\/linitiative.ca\/International\/wp-json\/wp\/v2\/users\/1788"}],"replies":[{"embeddable":true,"href":"https:\/\/linitiative.ca\/International\/wp-json\/wp\/v2\/comments?post=90994"}],"version-history":[{"count":0,"href":"https:\/\/linitiative.ca\/International\/wp-json\/wp\/v2\/posts\/90994\/revisions"}],"wp:attachment":[{"href":"https:\/\/linitiative.ca\/International\/wp-json\/wp\/v2\/media?parent=90994"}],"wp:term":[{"taxonomy":"category","embeddable":true,"href":"https:\/\/linitiative.ca\/International\/wp-json\/wp\/v2\/categories?post=90994"},{"taxonomy":"post_tag","embeddable":true,"href":"https:\/\/linitiative.ca\/International\/wp-json\/wp\/v2\/tags?post=90994"}],"curies":[{"name":"wp","href":"https:\/\/api.w.org\/{rel}","templated":true}]}}