{"id":91001,"date":"2020-07-02T17:55:57","date_gmt":"2020-07-02T21:55:57","guid":{"rendered":"https:\/\/linitiative.ca\/International\/saidia-forte-mobilisation-pour-accueillir-les-estivants\/"},"modified":"2020-07-02T17:55:57","modified_gmt":"2020-07-02T21:55:57","slug":"saidia-forte-mobilisation-pour-accueillir-les-estivants","status":"publish","type":"post","link":"https:\/\/linitiative.ca\/International\/saidia-forte-mobilisation-pour-accueillir-les-estivants\/","title":{"rendered":"Sa\u00efdia: Forte mobilisation pour accueillir les estivants"},"content":{"rendered":"<p class=\"c4\">Destination touristique de plus en plus attractive, la ville de Sa\u00efdia conna\u00eet une forte mobilisation pour assurer une bonne pr\u00e9paration de la saison estivale et r\u00e9unir toutes les conditions n\u00e9cessaires pour le confort et la qui\u00e9tude des estivants et des visiteurs.<\/p>\n<p class=\"c4\">Chaque ann\u00e9e pendant cette p\u00e9riode, Sa\u00efdia, la perle bleue qui offre tout un \u00e9ventail d\u2019endroits o\u00f9 s\u00e9journer, de quoi satisfaire tous les go\u00fbts, accueille un nombre important de visiteurs et d\u2019estivants venant notamment des diff\u00e9rentes villes et r\u00e9gions du Royaume.<\/p>\n<p class=\"c4\">Attir\u00e9s et s\u00e9duits par le plaisir des activit\u00e9s nautiques en ces temps de canicule, avec l\u2019une des plus longues et magnifiques plages du Maroc, les estivants ont aussi la possibilit\u00e9 de profiter d\u2019une escapade au centre de la ville pour appr\u00e9cier la Kasbah de Sa\u00efdia, un lieu charg\u00e9 d\u2019histoire construit en 1883 par le Sultan Hassan Premier, avant d\u2019aller aux souks locaux o\u00f9 sont expos\u00e9s divers produits d\u2019artisanat.<\/p>\n<p class=\"c4\">La ville de Sa\u00efdia se d\u00e9marque aussi par sa station baln\u00e9aire M\u00e9diterrania Sa\u00efdia, \u00e9difi\u00e9e dans le cadre du Plan Azur, un port de plaisance et un Aquaparc, en plus d\u2019un arri\u00e8re-pays qui rec\u00e8le un fort potentiel touristique qui donne envie \u00e0 la d\u00e9couverte et l\u2019exploration, en particulier la vall\u00e9e du Zegzel, la grotte du Chameau, la grotte des Pigeons et le village pittoresque de Tafoughalt avec ses sources naturelles.<\/p>\n<p class=\"c4\">Soucieux de permettre aux vacanciers qui choisissent cette destination de trouver le confort et la qualit\u00e9 des services recherch\u00e9s, la commune et les autres parties concern\u00e9es poursuivent la mobilisation de leurs \u00e9quipes pour mettre la derni\u00e8re touche aux pr\u00e9paratifs visant \u00e0 assurer le d\u00e9roulement de la saison estivale dans les meilleures conditions, tout en tenant compte du contexte exceptionnel li\u00e9 \u00e0 la lutte contre la propagation de la pand\u00e9mie du coronavirus (Covid-19).<\/p>\n<p class=\"c4\">Dans une d\u00e9claration \u00e0 la MAP, le directeur des services de la commune de Sa\u00efdia, Ibrahim Kadaoui, a fait savoir que dans le cadre de la mobilisation pour une bonne pr\u00e9paration de l\u2019actuelle saison estivale, le conseil communal, en coordination avec les autorit\u00e9s locales et provinciales, a \u00e9labor\u00e9 un programme bien ficel\u00e9 comportant plusieurs volets.<\/p>\n<p class=\"c4\">Il s\u2019agit selon lui des volets de la propret\u00e9 de la plage et du nettoyage des diff\u00e9rentes places et art\u00e8res de la ville, l\u2019am\u00e9lioration de la fluidit\u00e9 de la circulation, l\u2019embellissement de la ville et le renforcement de l\u2019\u00e9clairage public, en plus de l\u2019entretien et la pr\u00e9servation des espaces verts.<\/p>\n<p><img class=\"wp-image-22449 aligncenter\" data-src=\"http:\/\/www.mapoujda.ma\/map\/uploads\/2020\/07\/Forte-mobilisation-dans-la-plage-de-Sa&#xEF;dia-M750&#xD7;430-MAP.jpg\" alt=\"\" width=\"576\" height=\"330\" srcset=\"http:\/\/www.mapoujda.ma\/map\/uploads\/2020\/07\/Forte-mobilisation-dans-la-plage-de-Sa&#xEF;dia-M750&#xD7;430-MAP.jpg 750w, http:\/\/www.mapoujda.ma\/map\/uploads\/2020\/07\/Forte-mobilisation-dans-la-plage-de-Sa&#xEF;dia-M750&#xD7;430-MAP-300x172.jpg 300w\" sizes=\"(max-width: 576px) 100vw, 576px\"\/><\/p>\n<p class=\"c4\">M. Kadaoui a pr\u00e9cis\u00e9 dans ce sens qu\u2019il a \u00e9t\u00e9 proc\u00e9d\u00e9 \u00e0 la mise en place de commissions compos\u00e9es de repr\u00e9sentants des parties concern\u00e9es pour veiller notamment sur la propret\u00e9 de la plage, l\u2019\u00e9clairage public, l\u2019environnement, la pr\u00e9servation de la sant\u00e9 et le contr\u00f4le des caf\u00e9s et restaurants, et la lutte contres les insectes nuisibles.<\/p>\n<p class=\"c4\">Il a \u00e9galement mis l\u2019accent sur les mesures prises pour le strict respect des consignes et des r\u00e8gles de s\u00e9curit\u00e9 sanitaire pour emp\u00eacher la propagation du Covid-19, plus particuli\u00e8rement la d\u00e9sinfection et la distanciation sociale.<\/p>\n<p class=\"c4\">De son c\u00f4t\u00e9, le directeur de la soci\u00e9t\u00e9 \u2019\u2019Ozone environnement et services\u2019\u2019 pour la r\u00e9gion de l\u2019Oriental, Mohamed Ouazzani Chahdi a indiqu\u00e9 que dans le cadre de cette mobilisation totale, la soci\u00e9t\u00e9, en charge de la propret\u00e9 de la ville, a \u00e9labor\u00e9 un plan d\u2019actions qui couvre toute la p\u00e9riode estivale avec un engagement rigoureux dans les efforts visant \u00e0 enrayer la propagation du coronavirus.<\/p>\n<p class=\"c4\">Il a ainsi mis l\u2019accent sur l\u2019int\u00e9r\u00eat accord\u00e9 au renforcement des op\u00e9rations de collecte des ordures, de nettoiement, de propret\u00e9 de la plage et de d\u00e9sinfection pour lesquelles la soci\u00e9t\u00e9 a mobilis\u00e9 plusieurs engins et d\u2019importantes quantit\u00e9s de produits pour st\u00e9riliser et d\u00e9sinfecter les rues, les places et les \u00e9tablissements publics.<\/p>\n<p class=\"c4\">Il a aussi not\u00e9 la mise \u00e0 disposition des moyens logistiques et humains n\u00e9cessaires, et l\u2019adoption des pr\u00e9cautions essentielles pour prot\u00e9ger la s\u00e9curit\u00e9 et la sant\u00e9 des travailleurs de la soci\u00e9t\u00e9 (masques, gants et produits st\u00e9rilisants).<\/p>\n<p class=\"c4\">Dans des d\u00e9clarations similaires, Okba Moncif, g\u00e9rant d\u2019un caf\u00e9, et Zaryouh Rachid, directeur d\u2019un camping, ils ont mis en avant les mesures prises pour accueillir les estivants et les visiteurs de la ville dans de meilleures conditions et leur assurer un service de qualit\u00e9 dans le respect total des r\u00e8gles de s\u00e9curit\u00e9 sanitaire.<\/p>\n<p class=\"c4\">Ils ont par ailleurs fait remarquer que la ville compte cette ann\u00e9e sur les touristes nationaux pour sauver la saison estivale et conforter l\u2019attractivit\u00e9 et la notori\u00e9t\u00e9 touristiques de cette destination.<\/p>\n<p>Auteur: Soufiane ELAHMAR<br \/>\n<a href=\"http:\/\/www.mapoujda.ma\/fr\/saidia-forte-mobilisation-pour-accueillir-les-estivants\/\">Cliquez ici pour lire l&rsquo;article depuis sa source.<\/a><\/p>\n","protected":false},"excerpt":{"rendered":"<p>Destination touristique de plus en plus attractive, la ville de Sa\u00efdia conna\u00eet une forte mobilisation pour assurer une bonne pr\u00e9paration de la saison estivale et r\u00e9unir toutes les conditions n\u00e9cessaires pour le confort et la qui\u00e9tude des estivants et des visiteurs. Chaque ann\u00e9e pendant cette p\u00e9riode, Sa\u00efdia, la perle bleue qui offre tout un \u00e9ventail [&hellip;]<\/p>\n","protected":false},"author":1788,"featured_media":91002,"comment_status":"closed","ping_status":"closed","sticky":false,"template":"","format":"standard","meta":{"fifu_image_url":"","fifu_image_alt":"","footnotes":""},"categories":[54,76],"tags":[],"class_list":["post-91001","post","type-post","status-publish","format-standard","has-post-thumbnail","hentry","category-maroc","category-regions"],"_links":{"self":[{"href":"https:\/\/linitiative.ca\/International\/wp-json\/wp\/v2\/posts\/91001","targetHints":{"allow":["GET"]}}],"collection":[{"href":"https:\/\/linitiative.ca\/International\/wp-json\/wp\/v2\/posts"}],"about":[{"href":"https:\/\/linitiative.ca\/International\/wp-json\/wp\/v2\/types\/post"}],"author":[{"embeddable":true,"href":"https:\/\/linitiative.ca\/International\/wp-json\/wp\/v2\/users\/1788"}],"replies":[{"embeddable":true,"href":"https:\/\/linitiative.ca\/International\/wp-json\/wp\/v2\/comments?post=91001"}],"version-history":[{"count":0,"href":"https:\/\/linitiative.ca\/International\/wp-json\/wp\/v2\/posts\/91001\/revisions"}],"wp:featuredmedia":[{"embeddable":true,"href":"https:\/\/linitiative.ca\/International\/wp-json\/"}],"wp:attachment":[{"href":"https:\/\/linitiative.ca\/International\/wp-json\/wp\/v2\/media?parent=91001"}],"wp:term":[{"taxonomy":"category","embeddable":true,"href":"https:\/\/linitiative.ca\/International\/wp-json\/wp\/v2\/categories?post=91001"},{"taxonomy":"post_tag","embeddable":true,"href":"https:\/\/linitiative.ca\/International\/wp-json\/wp\/v2\/tags?post=91001"}],"curies":[{"name":"wp","href":"https:\/\/api.w.org\/{rel}","templated":true}]}}