{"id":91005,"date":"2020-07-03T06:01:46","date_gmt":"2020-07-03T10:01:46","guid":{"rendered":"https:\/\/linitiative.ca\/International\/ram-addou-preside-le-comite-dentreprise\/"},"modified":"2020-07-03T06:01:46","modified_gmt":"2020-07-03T10:01:46","slug":"ram-addou-preside-le-comite-dentreprise","status":"publish","type":"post","link":"https:\/\/linitiative.ca\/International\/ram-addou-preside-le-comite-dentreprise\/","title":{"rendered":"RAM: Addou pr\u00e9side le Comit\u00e9 d&rsquo;entreprise"},"content":{"rendered":"<div class=\"author\" readability=\"5.7931034482759\"> Par <a href=\"\/content\/amin-rboub\">Amin RBOUB<\/a> <a href=\"\/node\/\"> <\/a> | Edition N\u00b0:5796 Le 03\/07\/2020 | Partager <\/div>\n<div class=\"body\">\n<div class=\"field field-name-body field-type-text-with-summary field-label-hidden\">\n<div class=\"field-items\" readability=\"10.5\">\n<div class=\"field-item even\" property=\"content:encoded\" readability=\"16\">\n<p class=\"rtejustify\">A l&rsquo;heure o\u00f9 nous mettions sous presse hier jeudi 2 juillet, Royal Air Maroc tenait une r\u00e9union d&rsquo;une extr\u00eame importance. En effet, le Comit\u00e9 d&rsquo;entreprise s&rsquo;est tenu, en d\u00e9but d&rsquo;apr\u00e8s midi au si\u00e8ge, sous la pr\u00e9sidence de Abdelhamid Addou, PDG de la compagnie. Ce comit\u00e9 a \u00e9t\u00e9 consacr\u00e9 \u00e0 l&rsquo;analyse de la situation \u00e9conomique et financi\u00e8re de RAM ainsi que des projections sur le plan de sortie de crise. Pour rappel, le plan de sauvetage de la compagnie sera d\u00e9voil\u00e9 dans quelques jours. Les aides de l&rsquo;Etat figurent dans le projet de loi de finances rectificative.<br \/><em>A.R.<\/em><\/p>\n<\/div>\n<\/div>\n<\/div>\n<\/div>\n<div class=\"eco-conseil\">\n<div class=\"view view-eco-conseil-16 view-id-eco_conseil_16 view-display-id-cookies view-dom-id-5da33bca415f11b67f2ddcb8ce061e63\">\n<div class=\"view-content\">\n<div id=\"views-bootstrap-grid-1\" class=\"views-bootstrap-grid-plugin-style\">\n<div class=\"row\">\n<div class=\" col-xs-12 col-lg-4\">\n<div class=\"row\">\n<div class=\"col col-xs-12 col-lg-12\">\n<div class=\"field-content\"><a href=\"\/article\/1064224-l-ex-pdg-de-platinum-power-rebondit-mais\"><img loading=\"lazy\" decoding=\"async\" class=\"img-responsive\" typeof=\"foaf:Image\" src=\"https:\/\/www.leconomiste.com\/sites\/default\/files\/eco7\/public\/styles\/800x400\/public\/default_images\/default_une.jpg?itok=4jZlgnIZ\" width=\"660\" height=\"330\" alt=\"\"\/><\/a><\/div>\n<\/div>\n<div class=\" title_suite_2 col col-xs-12 col-lg-12\"> <a href=\"\/article\/1064224-l-ex-pdg-de-platinum-power-rebondit-mais\"\/><span class=\"field-content\">L\u2019ex-PDG de Platinum Power rebondit mais&#8230;<\/span><\/div>\n<\/div>\n<\/div>\n<div class=\" col-xs-12 col-lg-4\">\n<div class=\"row\">\n<div class=\"col col-xs-12 col-lg-12\">\n<div class=\"field-content\"><a href=\"\/article\/1064223-amzazi-vs-platinum-power-saison-ii\"><img loading=\"lazy\" decoding=\"async\" class=\"img-responsive\" typeof=\"foaf:Image\" src=\"https:\/\/www.leconomiste.com\/sites\/default\/files\/eco7\/public\/styles\/800x400\/public\/default_images\/default_une.jpg?itok=4jZlgnIZ\" width=\"660\" height=\"330\" alt=\"\"\/><\/a><\/div>\n<\/div>\n<div class=\" title_suite_2 col col-xs-12 col-lg-12\"> <a href=\"\/article\/1064223-amzazi-vs-platinum-power-saison-ii\"\/><span class=\"field-content\">Amzazi vs Platinum Power: Saison II<\/span><\/div>\n<\/div>\n<\/div>\n<div class=\" col-xs-12 col-lg-4\">\n<div class=\"row\">\n<div class=\"col col-xs-12 col-lg-12\">\n<div class=\"field-content\"><a href=\"\/article\/1064222-bcp-etend-son-partenariat-avec-huawei-en-afrique\"><img loading=\"lazy\" decoding=\"async\" class=\"img-responsive\" typeof=\"foaf:Image\" src=\"https:\/\/www.leconomiste.com\/sites\/default\/files\/eco7\/public\/styles\/800x400\/public\/default_images\/default_une.jpg?itok=4jZlgnIZ\" width=\"660\" height=\"330\" alt=\"\"\/><\/a><\/div>\n<\/div>\n<div class=\" title_suite_2 col col-xs-12 col-lg-12\"> <a href=\"\/article\/1064222-bcp-etend-son-partenariat-avec-huawei-en-afrique\"\/><span class=\"field-content\">BCP \u00e9tend son partenariat avec Huawei en Afrique <\/span><\/div>\n<\/div>\n<\/div>\n<\/div>\n<\/div>\n<\/div>\n<\/div>\n<\/div>\n<p>Auteur: hlafriqi<br \/>\n<a href=\"https:\/\/www.leconomiste.com\/article\/1064221-ram-addou-preside-le-comite-d-entreprise\">Cliquez ici pour lire l&rsquo;article depuis sa source.<\/a><\/p>\n","protected":false},"excerpt":{"rendered":"<p>Par Amin RBOUB | Edition N\u00b0:5796 Le 03\/07\/2020 | Partager A l&rsquo;heure o\u00f9 nous mettions sous presse hier jeudi 2 juillet, Royal Air Maroc tenait une r\u00e9union d&rsquo;une extr\u00eame importance. En effet, le Comit\u00e9 d&rsquo;entreprise s&rsquo;est tenu, en d\u00e9but d&rsquo;apr\u00e8s midi au si\u00e8ge, sous la pr\u00e9sidence de Abdelhamid Addou, PDG de la compagnie. Ce comit\u00e9 [&hellip;]<\/p>\n","protected":false},"author":1763,"featured_media":0,"comment_status":"closed","ping_status":"closed","sticky":false,"template":"","format":"standard","meta":{"fifu_image_url":"","fifu_image_alt":"","footnotes":""},"categories":[78,54],"tags":[],"class_list":["post-91005","post","type-post","status-publish","format-standard","hentry","category-economie","category-maroc"],"_links":{"self":[{"href":"https:\/\/linitiative.ca\/International\/wp-json\/wp\/v2\/posts\/91005","targetHints":{"allow":["GET"]}}],"collection":[{"href":"https:\/\/linitiative.ca\/International\/wp-json\/wp\/v2\/posts"}],"about":[{"href":"https:\/\/linitiative.ca\/International\/wp-json\/wp\/v2\/types\/post"}],"author":[{"embeddable":true,"href":"https:\/\/linitiative.ca\/International\/wp-json\/wp\/v2\/users\/1763"}],"replies":[{"embeddable":true,"href":"https:\/\/linitiative.ca\/International\/wp-json\/wp\/v2\/comments?post=91005"}],"version-history":[{"count":0,"href":"https:\/\/linitiative.ca\/International\/wp-json\/wp\/v2\/posts\/91005\/revisions"}],"wp:attachment":[{"href":"https:\/\/linitiative.ca\/International\/wp-json\/wp\/v2\/media?parent=91005"}],"wp:term":[{"taxonomy":"category","embeddable":true,"href":"https:\/\/linitiative.ca\/International\/wp-json\/wp\/v2\/categories?post=91005"},{"taxonomy":"post_tag","embeddable":true,"href":"https:\/\/linitiative.ca\/International\/wp-json\/wp\/v2\/tags?post=91005"}],"curies":[{"name":"wp","href":"https:\/\/api.w.org\/{rel}","templated":true}]}}