{"id":91006,"date":"2020-07-03T06:02:44","date_gmt":"2020-07-03T10:02:44","guid":{"rendered":"https:\/\/linitiative.ca\/International\/bcp-etend-son-partenariat-avec-huawei-en-afrique\/"},"modified":"2020-07-03T06:02:44","modified_gmt":"2020-07-03T10:02:44","slug":"bcp-etend-son-partenariat-avec-huawei-en-afrique","status":"publish","type":"post","link":"https:\/\/linitiative.ca\/International\/bcp-etend-son-partenariat-avec-huawei-en-afrique\/","title":{"rendered":"BCP \u00e9tend son partenariat avec Huawei en Afrique"},"content":{"rendered":"<div class=\"body\">\n<div class=\"field field-name-body field-type-text-with-summary field-label-hidden\">\n<div class=\"field-items\" readability=\"9\">\n<div class=\"field-item even\" property=\"content:encoded\" readability=\"13\">\n<p class=\"rtejustify\">BCP et Huawei donnent un coup d\u2019acc\u00e9l\u00e9rateur \u00e0 leur partenariat \u00e0 l\u2019\u00e9chelle du continent africain. Ils viennent de signer un M\u00e9morandum d\u2019Entente (MoU). Par ce biais, BCP fournira un appui bancaire multiforme aux activit\u00e9s du g\u00e9ant technologique dans ses pays de pr\u00e9sence en Afrique. Alors que Huawei soutiendra les efforts d\u00e9ploy\u00e9s par le groupe bancaire dans le domaine des nouvelles technologies, que ce soit pour l\u2019acc\u00e9l\u00e9ration du processus de digitalisation d\u00e9j\u00e0 entam\u00e9 ou pour le d\u00e9veloppement de nouvelles solutions financi\u00e8res innovantes et \u00e0 forte valeur ajout\u00e9e, sur tous les segments de client\u00e8le.<br \/><em>M.A.B.<\/em><\/p>\n<\/div>\n<\/div>\n<\/div>\n<\/div>\n<div class=\"eco-conseil\">\n<div class=\"view view-eco-conseil-16 view-id-eco_conseil_16 view-display-id-cookies view-dom-id-7f517155e5523494866ce3ae99dfb22c\">\n<div class=\"view-content\">\n<div id=\"views-bootstrap-grid-1\" class=\"views-bootstrap-grid-plugin-style\">\n<div class=\"row\">\n<div class=\" col-xs-12 col-lg-4\">\n<div class=\"row\">\n<div class=\"col col-xs-12 col-lg-12\">\n<div class=\"field-content\"><a href=\"\/article\/1064224-l-ex-pdg-de-platinum-power-rebondit-mais\"><img loading=\"lazy\" decoding=\"async\" class=\"img-responsive\" typeof=\"foaf:Image\" src=\"https:\/\/www.leconomiste.com\/sites\/default\/files\/eco7\/public\/styles\/800x400\/public\/default_images\/default_une.jpg?itok=4jZlgnIZ\" width=\"660\" height=\"330\" alt=\"\"\/><\/a><\/div>\n<\/div>\n<div class=\" title_suite_2 col col-xs-12 col-lg-12\"> <a href=\"\/article\/1064224-l-ex-pdg-de-platinum-power-rebondit-mais\"\/><span class=\"field-content\">L\u2019ex-PDG de Platinum Power rebondit mais&#8230;<\/span><\/div>\n<\/div>\n<\/div>\n<div class=\" col-xs-12 col-lg-4\">\n<div class=\"row\">\n<div class=\"col col-xs-12 col-lg-12\">\n<div class=\"field-content\"><a href=\"\/article\/1064223-amzazi-vs-platinum-power-saison-ii\"><img loading=\"lazy\" decoding=\"async\" class=\"img-responsive\" typeof=\"foaf:Image\" src=\"https:\/\/www.leconomiste.com\/sites\/default\/files\/eco7\/public\/styles\/800x400\/public\/default_images\/default_une.jpg?itok=4jZlgnIZ\" width=\"660\" height=\"330\" alt=\"\"\/><\/a><\/div>\n<\/div>\n<div class=\" title_suite_2 col col-xs-12 col-lg-12\"> <a href=\"\/article\/1064223-amzazi-vs-platinum-power-saison-ii\"\/><span class=\"field-content\">Amzazi vs Platinum Power: Saison II<\/span><\/div>\n<\/div>\n<\/div>\n<div class=\" col-xs-12 col-lg-4\">\n<div class=\"row\">\n<div class=\"col col-xs-12 col-lg-12\">\n<div class=\"field-content\"><a href=\"\/article\/1064221-ram-addou-preside-le-comite-d-entreprise\"><img loading=\"lazy\" decoding=\"async\" class=\"img-responsive\" typeof=\"foaf:Image\" src=\"https:\/\/www.leconomiste.com\/sites\/default\/files\/eco7\/public\/styles\/800x400\/public\/default_images\/default_une.jpg?itok=4jZlgnIZ\" width=\"660\" height=\"330\" alt=\"\"\/><\/a><\/div>\n<\/div>\n<div class=\" title_suite_2 col col-xs-12 col-lg-12\"> <a href=\"\/article\/1064221-ram-addou-preside-le-comite-d-entreprise\"\/><span class=\"field-content\">RAM: Addou pr\u00e9side le Comit\u00e9 d&rsquo;entreprise<\/span><\/div>\n<\/div>\n<\/div>\n<\/div>\n<\/div>\n<\/div>\n<\/div>\n<\/div>\n<p>Auteur: hlafriqi<br \/>\n<a href=\"https:\/\/www.leconomiste.com\/article\/1064222-bcp-etend-son-partenariat-avec-huawei-en-afrique\">Cliquez ici pour lire l&rsquo;article depuis sa source.<\/a><\/p>\n","protected":false},"excerpt":{"rendered":"<p>BCP et Huawei donnent un coup d\u2019acc\u00e9l\u00e9rateur \u00e0 leur partenariat \u00e0 l\u2019\u00e9chelle du continent africain. Ils viennent de signer un M\u00e9morandum d\u2019Entente (MoU). Par ce biais, BCP fournira un appui bancaire multiforme aux activit\u00e9s du g\u00e9ant technologique dans ses pays de pr\u00e9sence en Afrique. Alors que Huawei soutiendra les efforts d\u00e9ploy\u00e9s par le groupe bancaire [&hellip;]<\/p>\n","protected":false},"author":1763,"featured_media":0,"comment_status":"closed","ping_status":"closed","sticky":false,"template":"","format":"standard","meta":{"fifu_image_url":"","fifu_image_alt":"","footnotes":""},"categories":[78,54],"tags":[],"class_list":["post-91006","post","type-post","status-publish","format-standard","hentry","category-economie","category-maroc"],"_links":{"self":[{"href":"https:\/\/linitiative.ca\/International\/wp-json\/wp\/v2\/posts\/91006","targetHints":{"allow":["GET"]}}],"collection":[{"href":"https:\/\/linitiative.ca\/International\/wp-json\/wp\/v2\/posts"}],"about":[{"href":"https:\/\/linitiative.ca\/International\/wp-json\/wp\/v2\/types\/post"}],"author":[{"embeddable":true,"href":"https:\/\/linitiative.ca\/International\/wp-json\/wp\/v2\/users\/1763"}],"replies":[{"embeddable":true,"href":"https:\/\/linitiative.ca\/International\/wp-json\/wp\/v2\/comments?post=91006"}],"version-history":[{"count":0,"href":"https:\/\/linitiative.ca\/International\/wp-json\/wp\/v2\/posts\/91006\/revisions"}],"wp:attachment":[{"href":"https:\/\/linitiative.ca\/International\/wp-json\/wp\/v2\/media?parent=91006"}],"wp:term":[{"taxonomy":"category","embeddable":true,"href":"https:\/\/linitiative.ca\/International\/wp-json\/wp\/v2\/categories?post=91006"},{"taxonomy":"post_tag","embeddable":true,"href":"https:\/\/linitiative.ca\/International\/wp-json\/wp\/v2\/tags?post=91006"}],"curies":[{"name":"wp","href":"https:\/\/api.w.org\/{rel}","templated":true}]}}