{"id":91007,"date":"2020-07-03T06:03:45","date_gmt":"2020-07-03T10:03:45","guid":{"rendered":"https:\/\/linitiative.ca\/International\/amzazi-vs-platinum-power-saison-ii\/"},"modified":"2020-07-03T06:03:45","modified_gmt":"2020-07-03T10:03:45","slug":"amzazi-vs-platinum-power-saison-ii","status":"publish","type":"post","link":"https:\/\/linitiative.ca\/International\/amzazi-vs-platinum-power-saison-ii\/","title":{"rendered":"Amzazi vs Platinum Power: Saison II"},"content":{"rendered":"<div class=\"body\">\n<div class=\"field field-name-body field-type-text-with-summary field-label-hidden\">\n<div class=\"field-items\" readability=\"8\">\n<div class=\"field-item even\" property=\"content:encoded\" readability=\"11\">\n<p class=\"rtejustify\">Platinum Power a d\u00e9cid\u00e9 de poursuivre son ex-directeur administratif et financier, Mohamed Amine Amzazi. Elle compte l\u2019assigner au p\u00e9nal pour un pr\u00e9sum\u00e9 \u00abd\u00e9tournement d\u2019actifs\u00bb. L\u2019ex-salari\u00e9 n\u2019en est pas \u00e0 ses premi\u00e8res escarmouches avec son employeur. Mohamed Amine Amzazi\u00a0 a d\u00e9j\u00e0 gagn\u00e9 une proc\u00e9dure pour licenciement abusif. Le tribunal lui a accord\u00e9 un million de DH de d\u00e9dommagement. L\u2019int\u00e9ress\u00e9 a\u00a0 obtenu la vente aux ench\u00e8res des meubles de Platinum Power. Elle va se tenir incessamment.<br \/><em>F.F.<\/em><\/p>\n<\/div>\n<\/div>\n<\/div>\n<\/div>\n<div class=\"eco-conseil\">\n<div class=\"view view-eco-conseil-16 view-id-eco_conseil_16 view-display-id-cookies view-dom-id-8023c54a8af006b724e0490351a83960\">\n<div class=\"view-content\">\n<div id=\"views-bootstrap-grid-1\" class=\"views-bootstrap-grid-plugin-style\">\n<div class=\"row\">\n<div class=\" col-xs-12 col-lg-4\">\n<div class=\"row\">\n<div class=\"col col-xs-12 col-lg-12\">\n<div class=\"field-content\"><a href=\"\/article\/1064224-l-ex-pdg-de-platinum-power-rebondit-mais\"><img loading=\"lazy\" decoding=\"async\" class=\"img-responsive\" typeof=\"foaf:Image\" src=\"https:\/\/www.leconomiste.com\/sites\/default\/files\/eco7\/public\/styles\/800x400\/public\/default_images\/default_une.jpg?itok=4jZlgnIZ\" width=\"660\" height=\"330\" alt=\"\"\/><\/a><\/div>\n<\/div>\n<div class=\" title_suite_2 col col-xs-12 col-lg-12\"> <a href=\"\/article\/1064224-l-ex-pdg-de-platinum-power-rebondit-mais\"\/><span class=\"field-content\">L\u2019ex-PDG de Platinum Power rebondit mais&#8230;<\/span><\/div>\n<\/div>\n<\/div>\n<div class=\" col-xs-12 col-lg-4\">\n<div class=\"row\">\n<div class=\"col col-xs-12 col-lg-12\">\n<div class=\"field-content\"><a href=\"\/article\/1064222-bcp-etend-son-partenariat-avec-huawei-en-afrique\"><img loading=\"lazy\" decoding=\"async\" class=\"img-responsive\" typeof=\"foaf:Image\" src=\"https:\/\/www.leconomiste.com\/sites\/default\/files\/eco7\/public\/styles\/800x400\/public\/default_images\/default_une.jpg?itok=4jZlgnIZ\" width=\"660\" height=\"330\" alt=\"\"\/><\/a><\/div>\n<\/div>\n<div class=\" title_suite_2 col col-xs-12 col-lg-12\"> <a href=\"\/article\/1064222-bcp-etend-son-partenariat-avec-huawei-en-afrique\"\/><span class=\"field-content\">BCP \u00e9tend son partenariat avec Huawei en Afrique <\/span><\/div>\n<\/div>\n<\/div>\n<div class=\" col-xs-12 col-lg-4\">\n<div class=\"row\">\n<div class=\"col col-xs-12 col-lg-12\">\n<div class=\"field-content\"><a href=\"\/article\/1064221-ram-addou-preside-le-comite-d-entreprise\"><img loading=\"lazy\" decoding=\"async\" class=\"img-responsive\" typeof=\"foaf:Image\" src=\"https:\/\/www.leconomiste.com\/sites\/default\/files\/eco7\/public\/styles\/800x400\/public\/default_images\/default_une.jpg?itok=4jZlgnIZ\" width=\"660\" height=\"330\" alt=\"\"\/><\/a><\/div>\n<\/div>\n<div class=\" title_suite_2 col col-xs-12 col-lg-12\"> <a href=\"\/article\/1064221-ram-addou-preside-le-comite-d-entreprise\"\/><span class=\"field-content\">RAM: Addou pr\u00e9side le Comit\u00e9 d&rsquo;entreprise<\/span><\/div>\n<\/div>\n<\/div>\n<\/div>\n<\/div>\n<\/div>\n<\/div>\n<\/div>\n<p>Auteur: hlafriqi<br \/>\n<a href=\"https:\/\/www.leconomiste.com\/article\/1064223-amzazi-vs-platinum-power-saison-ii\">Cliquez ici pour lire l&rsquo;article depuis sa source.<\/a><\/p>\n","protected":false},"excerpt":{"rendered":"<p>Platinum Power a d\u00e9cid\u00e9 de poursuivre son ex-directeur administratif et financier, Mohamed Amine Amzazi. Elle compte l\u2019assigner au p\u00e9nal pour un pr\u00e9sum\u00e9 \u00abd\u00e9tournement d\u2019actifs\u00bb. L\u2019ex-salari\u00e9 n\u2019en est pas \u00e0 ses premi\u00e8res escarmouches avec son employeur. Mohamed Amine Amzazi\u00a0 a d\u00e9j\u00e0 gagn\u00e9 une proc\u00e9dure pour licenciement abusif. Le tribunal lui a accord\u00e9 un million de DH [&hellip;]<\/p>\n","protected":false},"author":1763,"featured_media":0,"comment_status":"closed","ping_status":"closed","sticky":false,"template":"","format":"standard","meta":{"fifu_image_url":"","fifu_image_alt":"","footnotes":""},"categories":[78,54],"tags":[],"class_list":["post-91007","post","type-post","status-publish","format-standard","hentry","category-economie","category-maroc"],"_links":{"self":[{"href":"https:\/\/linitiative.ca\/International\/wp-json\/wp\/v2\/posts\/91007","targetHints":{"allow":["GET"]}}],"collection":[{"href":"https:\/\/linitiative.ca\/International\/wp-json\/wp\/v2\/posts"}],"about":[{"href":"https:\/\/linitiative.ca\/International\/wp-json\/wp\/v2\/types\/post"}],"author":[{"embeddable":true,"href":"https:\/\/linitiative.ca\/International\/wp-json\/wp\/v2\/users\/1763"}],"replies":[{"embeddable":true,"href":"https:\/\/linitiative.ca\/International\/wp-json\/wp\/v2\/comments?post=91007"}],"version-history":[{"count":0,"href":"https:\/\/linitiative.ca\/International\/wp-json\/wp\/v2\/posts\/91007\/revisions"}],"wp:attachment":[{"href":"https:\/\/linitiative.ca\/International\/wp-json\/wp\/v2\/media?parent=91007"}],"wp:term":[{"taxonomy":"category","embeddable":true,"href":"https:\/\/linitiative.ca\/International\/wp-json\/wp\/v2\/categories?post=91007"},{"taxonomy":"post_tag","embeddable":true,"href":"https:\/\/linitiative.ca\/International\/wp-json\/wp\/v2\/tags?post=91007"}],"curies":[{"name":"wp","href":"https:\/\/api.w.org\/{rel}","templated":true}]}}