{"id":91009,"date":"2020-07-03T07:42:37","date_gmt":"2020-07-03T11:42:37","guid":{"rendered":"https:\/\/linitiative.ca\/International\/royal-air-maroc-le-detail-du-plan-de-departs-volontaires\/"},"modified":"2020-07-03T07:42:37","modified_gmt":"2020-07-03T11:42:37","slug":"royal-air-maroc-le-detail-du-plan-de-departs-volontaires","status":"publish","type":"post","link":"https:\/\/linitiative.ca\/International\/royal-air-maroc-le-detail-du-plan-de-departs-volontaires\/","title":{"rendered":"Royal Air Maroc: Le d\u00e9tail du plan de d\u00e9parts \u00ab\u00a0volontaires\u00a0\u00bb"},"content":{"rendered":"<p class=\"rtejustify\">La compagnie a\u00e9rienne Royal air Maroc (RAM)\u00a0s&rsquo;est enfin r\u00e9solue \u00e0 se s\u00e9parer d&rsquo;une bonne partie de son personnel PNT (pilotes) et PNC (h\u00f4tesses et stewards). La d\u00e9cision vient de tomber comme un couperet suite au Comit\u00e9 d&rsquo;entreprise tenu jeudi 2 juillet sous la pr\u00e9sidence du PDG, Abdelhamid Addou.\u00a0 Cette rencontre s&rsquo;est sold\u00e9e par un plan de sortie de crise d\u00e9clin\u00e9 en une s\u00e9rie de d\u00e9cisions et de mesures \u00e0 la fois douloureuses et in\u00e9luctables. Parmi les r\u00e9solutions majeures adopt\u00e9es en pr\u00e9sence des d\u00e9l\u00e9gu\u00e9s du personnel, un plan de d\u00e9parts volontaires pour pr\u00e8s de 900 salari\u00e9s.\u00a0\u00a0\u00a0\u00a0<\/p>\n<p class=\"rtejustify\">En effet, RAM compte se s\u00e9parer de 180 pilotes et de plus de 500 h\u00f4tesses et stewards. D&rsquo;autres postes sont concern\u00e9s par le licenciement \u00e9conomique, notamment les salari\u00e9s ayant moins de 3 ans d&rsquo;anciennet\u00e9, les nouvelles recrues. \u00ab\u00a0La formule adopt\u00e9e consiste aussi \u00e0 privil\u00e9gier les d\u00e9parts volontaires en faveur des salari\u00e9 \u00e2g\u00e9s de 55 ans et plus avec au moins une quinzaine d&rsquo;ann\u00e9es d&rsquo;exp\u00e9rience\u00a0\u00bb, confie une source proche du management de RAM. \u00ab\u00a0Ces d\u00e9cisions interviennent suite \u00e0 une s\u00e9rie de n\u00e9gociations avec le gouvernement afin d&rsquo;\u00e9laborer un plan de restructuration de la compagnie\u00a0\u00bb, tient \u00e0 pr\u00e9ciser une source aupr\u00e8s du minist\u00e8re de tutelle.<\/p>\n<p class=\"rtejustify\">Compte tenu de la fragilit\u00e9 de la situation financi\u00e8re de Royal Air Maroc et de la baisse d&rsquo;activit\u00e9 du trafic a\u00e9rien qui pourra se poursuivre jusqu&rsquo;\u00e0 2023, l&rsquo;Etat a pr\u00e9conis\u00e9 la r\u00e9duction des co\u00fbts. Th\u00e9oriquement, l&rsquo;activit\u00e9 de la compagnie devra enregistrer une baisse de l&rsquo;outil de production de l&rsquo;ordre de 30%. Par cons\u00e9quent, cela devra se traduire syst\u00e9matiquement par des suppressions d&#8217;emplois, surtout pour les postes et op\u00e9rations d&rsquo;exploitation (personnel navigant: pilotes, h\u00f4tesses, stewards&#8230;) Parmi les autres postes concern\u00e9s par les r\u00e9ductions du personnel, figurent l&rsquo;enregistrement, le commercial, les repr\u00e9sentations des escales \u00e0 l&rsquo;international ou encore le handling et le personnel qui a un lien direct avec les op\u00e9rations li\u00e9es \u00e0 l&rsquo;exploitation des vols.\u00a0 Par ailleurs, une vingtaine d&rsquo;appareils resteront clou\u00e9s au sol. Ils resteront immobilis\u00e9s en attendant la d\u00e9cision de leur cession ou location. Autrement dit, la compagnie devra op\u00e9rer avec 38 appareils seulement.\u00a0 Parmi les avions en immobilisation, figurent quatre Dreamliners (Boeing 787), 4 Embraer ainsi que des 737. \u00a0\u00a0\u00a0\u00a0\u00a0\u00a0\u00a0\u00a0\u00a0\u00a0\u00a0\u00a0\u00a0\u00a0\u00a0<\/p>\n<p class=\"rtejustify\">A noter que l&rsquo;AMPL (Association marocaine des pilotes de ligne) a bott\u00e9 en touche. L&rsquo;instance a refus\u00e9 de participer \u00e0 la r\u00e9union du Comit\u00e9 d&rsquo;entreprise de jeudi dernier. Et pour cause: les pilotes privil\u00e9gient plut\u00f4t une rencontre \u00a0\u00ab\u00a0exclusivement \u00e0 caract\u00e8re bilat\u00e9ral\u00a0\u00bb avec le management afin \u00ab\u00a0d&rsquo;apporter des r\u00e9ponses ad\u00e9quates \u00e0 m\u00eame de pr\u00e9server les int\u00e9r\u00eats, la p\u00e9rennit\u00e9 et les \u00e9quilibres macro-\u00e9conomiques de la compagnie\u00a0\u00bb. Voil\u00e0 ce qui annonce un \u00e9ni\u00e8me \u00e9pisode de bras de fer entre les pilotes et les dirigeants.<\/p>\n<p class=\"rtejustify\"><em>A.R.<\/em><\/p>\n<p>Auteur: leco_web_admin<br \/>\n<a href=\"https:\/\/www.leconomiste.com\/article\/1064230-royal-air-maroc-le-detail-du-plan-de-departs-volontaires\">Cliquez ici pour lire l&rsquo;article depuis sa source.<\/a><\/p>\n","protected":false},"excerpt":{"rendered":"<p>La compagnie a\u00e9rienne Royal air Maroc (RAM)\u00a0s&rsquo;est enfin r\u00e9solue \u00e0 se s\u00e9parer d&rsquo;une bonne partie de son personnel PNT (pilotes) et PNC (h\u00f4tesses et stewards). La d\u00e9cision vient de tomber comme un couperet suite au Comit\u00e9 d&rsquo;entreprise tenu jeudi 2 juillet sous la pr\u00e9sidence du PDG, Abdelhamid Addou.\u00a0 Cette rencontre s&rsquo;est sold\u00e9e par un plan [&hellip;]<\/p>\n","protected":false},"author":1763,"featured_media":0,"comment_status":"closed","ping_status":"closed","sticky":false,"template":"","format":"standard","meta":{"fifu_image_url":"","fifu_image_alt":"","footnotes":""},"categories":[78,54],"tags":[],"class_list":["post-91009","post","type-post","status-publish","format-standard","hentry","category-economie","category-maroc"],"_links":{"self":[{"href":"https:\/\/linitiative.ca\/International\/wp-json\/wp\/v2\/posts\/91009","targetHints":{"allow":["GET"]}}],"collection":[{"href":"https:\/\/linitiative.ca\/International\/wp-json\/wp\/v2\/posts"}],"about":[{"href":"https:\/\/linitiative.ca\/International\/wp-json\/wp\/v2\/types\/post"}],"author":[{"embeddable":true,"href":"https:\/\/linitiative.ca\/International\/wp-json\/wp\/v2\/users\/1763"}],"replies":[{"embeddable":true,"href":"https:\/\/linitiative.ca\/International\/wp-json\/wp\/v2\/comments?post=91009"}],"version-history":[{"count":0,"href":"https:\/\/linitiative.ca\/International\/wp-json\/wp\/v2\/posts\/91009\/revisions"}],"wp:attachment":[{"href":"https:\/\/linitiative.ca\/International\/wp-json\/wp\/v2\/media?parent=91009"}],"wp:term":[{"taxonomy":"category","embeddable":true,"href":"https:\/\/linitiative.ca\/International\/wp-json\/wp\/v2\/categories?post=91009"},{"taxonomy":"post_tag","embeddable":true,"href":"https:\/\/linitiative.ca\/International\/wp-json\/wp\/v2\/tags?post=91009"}],"curies":[{"name":"wp","href":"https:\/\/api.w.org\/{rel}","templated":true}]}}