{"id":91026,"date":"2020-07-03T06:00:00","date_gmt":"2020-07-03T10:00:00","guid":{"rendered":"https:\/\/linitiative.ca\/International\/le-president-abdelmadjid-tebboune-preside-la-ceremonie-du-rapatriement-des-premiers-restes-mortuaires-des-24-resistants-algeriensen-presence-du-chef-detat-major-de-lanp\/"},"modified":"2020-07-03T06:00:00","modified_gmt":"2020-07-03T10:00:00","slug":"le-president-abdelmadjid-tebboune-preside-la-ceremonie-du-rapatriement-des-premiers-restes-mortuaires-des-24-resistants-algeriensen-presence-du-chef-detat-major-de-lanp","status":"publish","type":"post","link":"https:\/\/linitiative.ca\/International\/le-president-abdelmadjid-tebboune-preside-la-ceremonie-du-rapatriement-des-premiers-restes-mortuaires-des-24-resistants-algeriensen-presence-du-chef-detat-major-de-lanp\/","title":{"rendered":"Le pr\u00e9sident Abdelmadjid Tebboune pr\u00e9side la c\u00e9r\u00e9monie  du rapatriement des premiers restes mortuaires des 24 r\u00e9sistants alg\u00e9riens,en pr\u00e9sence du chef d&rsquo;\u00c9tat-major de l&rsquo;ANP"},"content":{"rendered":"<div class=\"TxArtcile\" readability=\"14\">\n<div class=\"ImgCapt\"><img loading=\"lazy\" decoding=\"async\" width=\"208\" height=\"208\" src=\"http:\/\/www.elmoudjahid.com\/temp\/fr\/actualite2[155853].jpg\" alt=\"\" \/><span>D.R<\/span><\/div>\n<p>Le Pr\u00e9sident de la R\u00e9publique, Abdelmadjid Tebboune a annonc\u00e9 jeudi le rapatriement vendredi des restes mortuaires de 24 chefs de la R\u00e9sistance populaire \u00e0 bord d&rsquo;un avion militaire des Forces arm\u00e9es en provenance de France, affirmant que le rapatriement des restes mortuaires des autres Chouhada d\u00e9port\u00e9s post-mortem suivra, car l\u2019Etat est r\u00e9solu \u00e0 mener \u00e0 bout cette entreprise pour r\u00e9unir tous nos Chouhada sur cette terre qu\u2019ils ont tant ch\u00e9ri et pour laquelle ils ont sacrifi\u00e9 ce qu\u2019ils avaient de plus cher, leur vie.<\/p>\n<\/div>\n<div class=\"ModliArtilUne\">\n<ul>\n<li><strong>Publi\u00e9 dans :<\/strong><\/li>\n<\/ul>\n<\/div>\n<div class=\"MbComIns\" id=\"newcom\" readability=\"5.6940298507463\">\n<h6>DONNEZ VOTRE AVIS<\/h6>\n<p>Il n&rsquo;y a actuellement aucune r\u00e9action \u00e0 cette information. Soyez le premier \u00e0 r\u00e9agir !<\/p>\n<p><a href=\"\" rel=\"#popup\" class=\"login resetbutton\">Identifiez-vous<\/a><a class=\"button\" href=\"http:\/\/www.elmoudjahid.com\/fr\/inscription\/\"><span>S&rsquo;inscrire<\/span><\/a><\/p>\n<\/div>\n<p>Auteur: elmoudjahid<br \/>\n<a href=\"http:\/\/www.elmoudjahid.com\/fr\/actualites\/155853\">Cliquez ici pour lire l&rsquo;article depuis sa source.<\/a><\/p>\n","protected":false},"excerpt":{"rendered":"<p>D.R Le Pr\u00e9sident de la R\u00e9publique, Abdelmadjid Tebboune a annonc\u00e9 jeudi le rapatriement vendredi des restes mortuaires de 24 chefs de la R\u00e9sistance populaire \u00e0 bord d&rsquo;un avion militaire des Forces arm\u00e9es en provenance de France, affirmant que le rapatriement des restes mortuaires des autres Chouhada d\u00e9port\u00e9s post-mortem suivra, car l\u2019Etat est r\u00e9solu \u00e0 mener [&hellip;]<\/p>\n","protected":false},"author":1744,"featured_media":91027,"comment_status":"closed","ping_status":"closed","sticky":false,"template":"","format":"standard","meta":{"fifu_image_url":"","fifu_image_alt":"","footnotes":""},"categories":[73,53],"tags":[],"class_list":["post-91026","post","type-post","status-publish","format-standard","has-post-thumbnail","hentry","category-actualite","category-algerie"],"_links":{"self":[{"href":"https:\/\/linitiative.ca\/International\/wp-json\/wp\/v2\/posts\/91026","targetHints":{"allow":["GET"]}}],"collection":[{"href":"https:\/\/linitiative.ca\/International\/wp-json\/wp\/v2\/posts"}],"about":[{"href":"https:\/\/linitiative.ca\/International\/wp-json\/wp\/v2\/types\/post"}],"author":[{"embeddable":true,"href":"https:\/\/linitiative.ca\/International\/wp-json\/wp\/v2\/users\/1744"}],"replies":[{"embeddable":true,"href":"https:\/\/linitiative.ca\/International\/wp-json\/wp\/v2\/comments?post=91026"}],"version-history":[{"count":0,"href":"https:\/\/linitiative.ca\/International\/wp-json\/wp\/v2\/posts\/91026\/revisions"}],"wp:featuredmedia":[{"embeddable":true,"href":"https:\/\/linitiative.ca\/International\/wp-json\/"}],"wp:attachment":[{"href":"https:\/\/linitiative.ca\/International\/wp-json\/wp\/v2\/media?parent=91026"}],"wp:term":[{"taxonomy":"category","embeddable":true,"href":"https:\/\/linitiative.ca\/International\/wp-json\/wp\/v2\/categories?post=91026"},{"taxonomy":"post_tag","embeddable":true,"href":"https:\/\/linitiative.ca\/International\/wp-json\/wp\/v2\/tags?post=91026"}],"curies":[{"name":"wp","href":"https:\/\/api.w.org\/{rel}","templated":true}]}}