{"id":91059,"date":"2020-07-03T08:09:03","date_gmt":"2020-07-03T12:09:03","guid":{"rendered":"https:\/\/linitiative.ca\/International\/france-emmanuel-macron-nomme-jean-castex-premier-ministre\/"},"modified":"2020-07-03T08:09:03","modified_gmt":"2020-07-03T12:09:03","slug":"france-emmanuel-macron-nomme-jean-castex-premier-ministre","status":"publish","type":"post","link":"https:\/\/linitiative.ca\/International\/france-emmanuel-macron-nomme-jean-castex-premier-ministre\/","title":{"rendered":"France : Emmanuel Macron nomme Jean Castex Premier ministre"},"content":{"rendered":"<div class=\"td-post-sharing-top td-post-sharing td-ps-bg td-ps-padding td-ps-bar td-post-sharing-style6\">\n<div class=\"td-post-sharing-visible\"><a class=\"td-social-sharing-button td-social-sharing-button-js td-social-network td-social-facebook\" href=\"https:\/\/www.facebook.com\/sharer.php?u=https%3A%2F%2Fwww.sidwaya.info%2Fblog%2F2020%2F07%2F03%2Ffrance-emmanuel-macron-nomme-jean-castex-premier-ministre%2F\"\/><\/p>\n<p>Facebook<\/p>\n<p><a class=\"td-social-sharing-button td-social-sharing-button-js td-social-network td-social-twitter\" href=\"https:\/\/twitter.com\/intent\/tweet?text=France+%3A+Emmanuel+Macron+nomme+Jean+Castex+Premier+ministre&amp;url=https%3A%2F%2Fwww.sidwaya.info%2Fblog%2F2020%2F07%2F03%2Ffrance-emmanuel-macron-nomme-jean-castex-premier-ministre%2F&amp;via=Quotidien+Sidwaya\"\/><\/p>\n<p>Twitter<\/p>\n<p><a class=\"td-social-sharing-button td-social-sharing-button-js td-social-network td-social-pinterest\" href=\"https:\/\/pinterest.com\/pin\/create\/button\/?url=https:\/\/www.sidwaya.info\/blog\/2020\/07\/03\/france-emmanuel-macron-nomme-jean-castex-premier-ministre\/&amp;media=https:\/\/www.sidwaya.info\/wp-content\/uploads\/2020\/07\/Jean-Castex-1.jpg&amp;description=France+%3A+Emmanuel+Macron+nomme+Jean+Castex+Premier+ministre\"\/><\/p>\n<p>Pinterest<\/p>\n<p><a class=\"td-social-sharing-button td-social-sharing-button-js td-social-network td-social-whatsapp\" href=\"whatsapp:\/\/send?text=France+%3A+Emmanuel+Macron+nomme+Jean+Castex+Premier+ministre%20%0A%0A%20https:\/\/www.sidwaya.info\/blog\/2020\/07\/03\/france-emmanuel-macron-nomme-jean-castex-premier-ministre\/\"\/><\/p>\n<p>WhatsApp<\/p>\n<p><a class=\"td-social-sharing-button td-social-sharing-button-js td-social-network td-social-linkedin\" href=\"https:\/\/www.linkedin.com\/shareArticle?mini=true&amp;url=https:\/\/www.sidwaya.info\/blog\/2020\/07\/03\/france-emmanuel-macron-nomme-jean-castex-premier-ministre\/&amp;title=France+%3A+Emmanuel+Macron+nomme+Jean+Castex+Premier+ministre\"\/><\/p>\n<p>Linkedin<\/p>\n<p><a class=\"td-social-sharing-button td-social-sharing-button-js td-social-network td-social-mail\" href=\"mailto:?subject=France%20:%20Emmanuel%20Macron%20nomme%20Jean%20Castex%20Premier%20ministre&amp;body=https:\/\/www.sidwaya.info\/blog\/2020\/07\/03\/france-emmanuel-macron-nomme-jean-castex-premier-ministre\/\"\/><\/p>\n<p>Email<\/p>\n<p><a class=\"td-social-sharing-button td-social-sharing-button-js td-social-network td-social-print\" href=\"#\"\/><\/p>\n<p>Print<\/p>\n<p><a class=\"td-social-sharing-button td-social-sharing-button-js td-social-network td-social-tumblr\" href=\"https:\/\/www.tumblr.com\/share\/link?url=https:\/\/www.sidwaya.info\/blog\/2020\/07\/03\/france-emmanuel-macron-nomme-jean-castex-premier-ministre\/&amp;name=France%20:%20Emmanuel%20Macron%20nomme%20Jean%20Castex%20Premier%20ministre\"\/><\/p>\n<p>Tumblr<\/p>\n<p><a class=\"td-social-sharing-button td-social-sharing-button-js td-social-network td-social-telegram\" href=\"https:\/\/telegram.me\/share\/url?url=https:\/\/www.sidwaya.info\/blog\/2020\/07\/03\/france-emmanuel-macron-nomme-jean-castex-premier-ministre\/&amp;text=France+%3A+Emmanuel+Macron+nomme+Jean+Castex+Premier+ministre\"\/><\/p>\n<p>Telegram<\/p>\n<p><a class=\"td-social-sharing-button td-social-sharing-button-js td-social-network td-social-viber\" href=\"viber:\/\/forward?text=France+%3A+Emmanuel+Macron+nomme+Jean+Castex+Premier+ministre%20https:\/\/www.sidwaya.info\/blog\/2020\/07\/03\/france-emmanuel-macron-nomme-jean-castex-premier-ministre\/\"\/><\/p>\n<p>Viber<\/p>\n<p><a class=\"td-social-sharing-button td-social-sharing-button-js td-social-network td-social-naver\" href=\"https:\/\/share.naver.com\/web\/shareView.nhn?url=https:\/\/www.sidwaya.info\/blog\/2020\/07\/03\/france-emmanuel-macron-nomme-jean-castex-premier-ministre\/&amp;title=France+%3A+Emmanuel+Macron+nomme+Jean+Castex+Premier+ministre\"\/><\/p>\n<p>Naver<\/p>\n<\/div>\n<\/div>\n<div class=\"td-post-content tagdiv-type\" readability=\"37\">\n<div class=\"td-post-featured-image\"><a href=\"https:\/\/www.sidwaya.info\/wp-content\/uploads\/2020\/07\/Jean-Castex-1.jpg\" data-caption=\"\"><img loading=\"lazy\" decoding=\"async\" width=\"330\" height=\"153\" class=\"entry-thumb td-modal-image\" src=\"https:\/\/www.sidwaya.info\/wp-content\/uploads\/2020\/07\/Jean-Castex-1.jpg\" srcset=\"https:\/\/www.sidwaya.info\/wp-content\/uploads\/2020\/07\/Jean-Castex-1.jpg 330w, https:\/\/www.sidwaya.info\/wp-content\/uploads\/2020\/07\/Jean-Castex-1-300x139.jpg 300w\" sizes=\"auto, (max-width: 330px) 100vw, 330px\" alt=\"\" title=\"Jean Castex\"\/><\/a><\/div>\n<p>Jean Castex (55 ans), a \u00e9t\u00e9 nomm\u00e9 dans la matin\u00e9e du vendredi 03 juillet 2020, comme premier ministre du nouveau gouvernement d\u2019Emmanuel Macron. Il remplace ainsi \u00c9douard Philippe qui a pr\u00e9sent\u00e9 sa d\u00e9mission plus t\u00f4t dans la matin\u00e9e. Jean Castex est un ancien fonctionnaire et homme d\u2019\u00c9tat fran\u00e7ais de droite. Il avait \u00e9t\u00e9 missionn\u00e9 en avril par le gouvernement pour pr\u00e9parer le deconfinement.<\/p>\n<div class=\"td-a-rec td-a-rec-id-content_bottom tdi_30_555 td_block_template_1\"><img loading=\"lazy\" decoding=\"async\" class=\"aligncenter size-full wp-image-22415\" src=\"https:\/\/www.sidwaya.info\/wp-content\/uploads\/2020\/05\/Bandeau-paiement-mobile-site.png\" alt=\"\" width=\"728\" height=\"90\"\/><\/div>\n<\/div>\n<footer>\n<div class=\"td-post-sharing-bottom\">\n<p><iframe frameborder=\"0\" src=\"https:\/\/www.facebook.com\/plugins\/like.php?href=https:\/\/www.sidwaya.info\/blog\/2020\/07\/03\/france-emmanuel-macron-nomme-jean-castex-premier-ministre\/&amp;layout=button_count&amp;show_faces=false&amp;width=105&amp;action=like&amp;colorscheme=light&amp;height=21\" class=\"c1\">[embedded content]<\/iframe><\/p>\n<div id=\"td_social_sharing_article_bottom\" class=\"td-post-sharing td-ps-bg td-ps-padding td-post-sharing-style7\">\n<div class=\"td-post-sharing-visible\"><a class=\"td-social-sharing-button td-social-sharing-button-js td-social-network td-social-facebook\" href=\"https:\/\/www.facebook.com\/sharer.php?u=https%3A%2F%2Fwww.sidwaya.info%2Fblog%2F2020%2F07%2F03%2Ffrance-emmanuel-macron-nomme-jean-castex-premier-ministre%2F\"\/><\/p>\n<p>Facebook<\/p>\n<p><a class=\"td-social-sharing-button td-social-sharing-button-js td-social-network td-social-twitter\" href=\"https:\/\/twitter.com\/intent\/tweet?text=France+%3A+Emmanuel+Macron+nomme+Jean+Castex+Premier+ministre&amp;url=https%3A%2F%2Fwww.sidwaya.info%2Fblog%2F2020%2F07%2F03%2Ffrance-emmanuel-macron-nomme-jean-castex-premier-ministre%2F&amp;via=Quotidien+Sidwaya\"\/><\/p>\n<p>Twitter<\/p>\n<p><a class=\"td-social-sharing-button td-social-sharing-button-js td-social-network td-social-pinterest\" href=\"https:\/\/pinterest.com\/pin\/create\/button\/?url=https:\/\/www.sidwaya.info\/blog\/2020\/07\/03\/france-emmanuel-macron-nomme-jean-castex-premier-ministre\/&amp;media=https:\/\/www.sidwaya.info\/wp-content\/uploads\/2020\/07\/Jean-Castex-1.jpg&amp;description=France+%3A+Emmanuel+Macron+nomme+Jean+Castex+Premier+ministre\"\/><\/p>\n<p>Pinterest<\/p>\n<p><a class=\"td-social-sharing-button td-social-sharing-button-js td-social-network td-social-whatsapp\" href=\"whatsapp:\/\/send?text=France+%3A+Emmanuel+Macron+nomme+Jean+Castex+Premier+ministre%20%0A%0A%20https:\/\/www.sidwaya.info\/blog\/2020\/07\/03\/france-emmanuel-macron-nomme-jean-castex-premier-ministre\/\"\/><\/p>\n<p>WhatsApp<\/p>\n<p><a class=\"td-social-sharing-button td-social-sharing-button-js td-social-network td-social-linkedin\" href=\"https:\/\/www.linkedin.com\/shareArticle?mini=true&amp;url=https:\/\/www.sidwaya.info\/blog\/2020\/07\/03\/france-emmanuel-macron-nomme-jean-castex-premier-ministre\/&amp;title=France+%3A+Emmanuel+Macron+nomme+Jean+Castex+Premier+ministre\"\/><\/p>\n<p>Linkedin<\/p>\n<p><a class=\"td-social-sharing-button td-social-sharing-button-js td-social-network td-social-mail\" href=\"mailto:?subject=France%20:%20Emmanuel%20Macron%20nomme%20Jean%20Castex%20Premier%20ministre&amp;body=https:\/\/www.sidwaya.info\/blog\/2020\/07\/03\/france-emmanuel-macron-nomme-jean-castex-premier-ministre\/\"\/><\/p>\n<p>Email<\/p>\n<p><a class=\"td-social-sharing-button td-social-sharing-button-js td-social-network td-social-print\" href=\"#\"\/><\/p>\n<p>Print<\/p>\n<p><a class=\"td-social-sharing-button td-social-sharing-button-js td-social-network td-social-tumblr\" href=\"https:\/\/www.tumblr.com\/share\/link?url=https:\/\/www.sidwaya.info\/blog\/2020\/07\/03\/france-emmanuel-macron-nomme-jean-castex-premier-ministre\/&amp;name=France%20:%20Emmanuel%20Macron%20nomme%20Jean%20Castex%20Premier%20ministre\"\/><\/p>\n<p>Tumblr<\/p>\n<p><a class=\"td-social-sharing-button td-social-sharing-button-js td-social-network td-social-telegram\" href=\"https:\/\/telegram.me\/share\/url?url=https:\/\/www.sidwaya.info\/blog\/2020\/07\/03\/france-emmanuel-macron-nomme-jean-castex-premier-ministre\/&amp;text=France+%3A+Emmanuel+Macron+nomme+Jean+Castex+Premier+ministre\"\/><\/p>\n<p>Telegram<\/p>\n<p><a class=\"td-social-sharing-button td-social-sharing-button-js td-social-network td-social-viber\" href=\"viber:\/\/forward?text=France+%3A+Emmanuel+Macron+nomme+Jean+Castex+Premier+ministre%20https:\/\/www.sidwaya.info\/blog\/2020\/07\/03\/france-emmanuel-macron-nomme-jean-castex-premier-ministre\/\"\/><\/p>\n<p>Viber<\/p>\n<p><a class=\"td-social-sharing-button td-social-sharing-button-js td-social-network td-social-naver\" href=\"https:\/\/share.naver.com\/web\/shareView.nhn?url=https:\/\/www.sidwaya.info\/blog\/2020\/07\/03\/france-emmanuel-macron-nomme-jean-castex-premier-ministre\/&amp;title=France+%3A+Emmanuel+Macron+nomme+Jean+Castex+Premier+ministre\"\/><\/p>\n<p>Naver<\/p>\n<\/div>\n<\/div>\n<\/div>\n<div class=\"td-block-row td-post-next-prev\">\n<div class=\"td-block-span6 td-post-prev-post td-post-next-prev-content\"><span>Article pr\u00e9c\u00e9dent<\/span><a href=\"https:\/\/www.sidwaya.info\/blog\/2020\/07\/02\/une-du-03-07-2020\/\">Une du 03-07-2020<\/a><\/div>\n<div class=\"td-block-span6 td-post-next-post td-post-next-prev-content\"><span>Article suivant<\/span><a href=\"https:\/\/www.sidwaya.info\/blog\/2020\/07\/03\/lutte-contre-la-cybercriminalite-la-cil-donne-des-equipements-numeriques-a-la-brigade-centrale\/\">Lutte contre la cybercriminalit\u00e9 : La CIL donne des \u00e9quipements num\u00e9riques \u00e0 la Brigade centrale<\/a><\/div>\n<\/div>\n<\/footer>\n<p>Auteur: Wamini SIDWAYA<br \/>\n<a href=\"https:\/\/www.sidwaya.info\/blog\/2020\/07\/03\/france-emmanuel-macron-nomme-jean-castex-premier-ministre\/\">Cliquez ici pour lire l&rsquo;article depuis sa source.<\/a><\/p>\n","protected":false},"excerpt":{"rendered":"<p>Facebook Twitter Pinterest WhatsApp Linkedin Email Print Tumblr Telegram Viber Naver Jean Castex (55 ans), a \u00e9t\u00e9 nomm\u00e9 dans la matin\u00e9e du vendredi 03 juillet 2020, comme premier ministre du nouveau gouvernement d\u2019Emmanuel Macron. Il remplace ainsi \u00c9douard Philippe qui a pr\u00e9sent\u00e9 sa d\u00e9mission plus t\u00f4t dans la matin\u00e9e. Jean Castex est un ancien fonctionnaire [&hellip;]<\/p>\n","protected":false},"author":1816,"featured_media":91060,"comment_status":"closed","ping_status":"closed","sticky":false,"template":"","format":"standard","meta":{"fifu_image_url":"","fifu_image_alt":"","footnotes":""},"categories":[73,81],"tags":[],"class_list":["post-91059","post","type-post","status-publish","format-standard","has-post-thumbnail","hentry","category-actualite","category-burkina-faso"],"_links":{"self":[{"href":"https:\/\/linitiative.ca\/International\/wp-json\/wp\/v2\/posts\/91059","targetHints":{"allow":["GET"]}}],"collection":[{"href":"https:\/\/linitiative.ca\/International\/wp-json\/wp\/v2\/posts"}],"about":[{"href":"https:\/\/linitiative.ca\/International\/wp-json\/wp\/v2\/types\/post"}],"author":[{"embeddable":true,"href":"https:\/\/linitiative.ca\/International\/wp-json\/wp\/v2\/users\/1816"}],"replies":[{"embeddable":true,"href":"https:\/\/linitiative.ca\/International\/wp-json\/wp\/v2\/comments?post=91059"}],"version-history":[{"count":0,"href":"https:\/\/linitiative.ca\/International\/wp-json\/wp\/v2\/posts\/91059\/revisions"}],"wp:featuredmedia":[{"embeddable":true,"href":"https:\/\/linitiative.ca\/International\/wp-json\/"}],"wp:attachment":[{"href":"https:\/\/linitiative.ca\/International\/wp-json\/wp\/v2\/media?parent=91059"}],"wp:term":[{"taxonomy":"category","embeddable":true,"href":"https:\/\/linitiative.ca\/International\/wp-json\/wp\/v2\/categories?post=91059"},{"taxonomy":"post_tag","embeddable":true,"href":"https:\/\/linitiative.ca\/International\/wp-json\/wp\/v2\/tags?post=91059"}],"curies":[{"name":"wp","href":"https:\/\/api.w.org\/{rel}","templated":true}]}}