{"id":91076,"date":"2020-07-04T04:10:30","date_gmt":"2020-07-04T08:10:30","guid":{"rendered":"https:\/\/linitiative.ca\/International\/polemique-des-declarations-la-mise-au-point-de-la-cnss\/"},"modified":"2020-07-04T04:10:30","modified_gmt":"2020-07-04T08:10:30","slug":"polemique-des-declarations-la-mise-au-point-de-la-cnss","status":"publish","type":"post","link":"https:\/\/linitiative.ca\/International\/polemique-des-declarations-la-mise-au-point-de-la-cnss\/","title":{"rendered":"Pol\u00e9mique des d\u00e9clarations : La mise  au point de la CNSS"},"content":{"rendered":"<p><img decoding=\"async\" class=\"post_layout_5_img\" src=\"http:\/\/aujourdhui.ma\/wp-content\/uploads\/2017\/10\/CNSS-Siege.jpg\" alt=\"Pol&#xE9;mique des d&#xE9;clarations : La mise au point de la CNSS\"\/><\/p>\n<p><span class=\"c5\"><strong>\u00a0Suite \u00e0 la pol\u00e9mique suscit\u00e9e par la non-d\u00e9claration des employ\u00e9s de deux ministres, la Caisse nationale de s\u00e9curit\u00e9 sociale (CNSS) a publi\u00e9 une mise au point pour \u00e9claircir la situation r\u00e9elle de ses employ\u00e9s.<\/strong><\/span><span id=\"more-349573\"\/><\/p>\n<p>Elle indique que l\u2019ensemble des employ\u00e9s de la CNSS b\u00e9n\u00e9ficient de la totalit\u00e9 de leurs droits en mati\u00e8re de couverture m\u00e9dicale et sociale. \u00abLes employ\u00e9s de la CNSS, qui sont au nombre de 3.837 r\u00e9partis entre le r\u00e9gime g\u00e9n\u00e9ral (2.850) et les unit\u00e9s m\u00e9dicales (987) en date du 30 juin 2020, jouissent de la couverture m\u00e9dicale et sociale, \u00e0 c\u00f4t\u00e9 d\u2019une retraite compl\u00e9mentaire\u00bb, pr\u00e9cise la CNSS. Elle rappelle que, pour honorer ses diff\u00e9rentes engagements, la CNSS a eu recours \u00e0 des prestataires de services dans les domaines du gardiennage, de la propret\u00e9 et des d\u00e9veloppeurs informatiques, entre autres, \u00e0 la condition qu\u2019ils soient en situation r\u00e9guli\u00e8re vis-\u00e0-vis de la Caisse, aient d\u00e9clar\u00e9 leurs employ\u00e9s et versent leurs cotisations sociales.<\/p>\n<p>\u00c9voquant la situation des polycliniques de la CNSS, la Caisse signale que, depuis la cr\u00e9ation de l\u2019\u00e9tablissement, il a \u00e9t\u00e9 fait appel aux services de m\u00e9decins et d\u2019infirmiers vacataires du secteur public, \u00e0 la faveur d\u2019un accord avec le minist\u00e8re de la sant\u00e9, ainsi qu\u2019\u00e0 d\u2019autres exer\u00e7ant de mani\u00e8re ind\u00e9pendante et pouvant travailler pour toute autre clinique priv\u00e9e. Selon la CNSS, il existe 572 vacataires issus du public, qui sont r\u00e9gis par le r\u00e9gime de la fonction publique, tandis que le nombre des m\u00e9decins et infirmiers ind\u00e9pendants est de l\u2019ordre de 1.256 vacataires, qui op\u00e8rent en tant que prestataires de services r\u00e9mun\u00e9r\u00e9s en vertu d\u2019un contrat avec les polycliniques de la CNSS d\u00e9terminant les droits et obligations de chaque partie. Ces derniers sont encadr\u00e9s par la couverture m\u00e9dicale et sociale d\u00e9di\u00e9e aux travailleurs non salari\u00e9s, \u00e0 la lumi\u00e8re de la loi 98.15 relative au r\u00e9gime de l\u2019assurance maladie obligatoire de base pour les cat\u00e9gories des professionnels, des travailleurs ind\u00e9pendants et des personnes non salari\u00e9es exer\u00e7ant une activit\u00e9 lib\u00e9rale et la loi 99.15 portant institution d\u2019un r\u00e9gime de pensions au profit des m\u00eames cat\u00e9gories. Les m\u00e9decins et infirmiers ind\u00e9pendants pourront jouir de ce dispositif apr\u00e8s la promulgation des d\u00e9crets d\u2019application des deux lois, souligne la Caisse. D\u00e8s l\u2019entr\u00e9e en vigueur de ces l\u00e9gislations, pr\u00e9cise-t-on, ces professionnels devront s\u2019acquitter de leurs cotisations directement \u00e0 la CNSS, qui a \u00e9t\u00e9 charg\u00e9e de la gestion des deux r\u00e9gimes, \u00e0 l\u2019image des sages-femmes et des kin\u00e9sith\u00e9rapeutes, qui en b\u00e9n\u00e9ficient d\u00e9j\u00e0 suite \u00e0 la publication des textes organisationnels les concernant.<\/p>\n<p>Rappelons que la mise en \u0153uvre d\u2019une couverture m\u00e9dicale et un r\u00e9gime de retraite au profit des travailleurs ind\u00e9pendants est en cours. Ce projet vise plus de 5 millions de travailleurs ind\u00e9pendants, en plus de leurs ayants droit, ce qui permettra de faire b\u00e9n\u00e9ficier un total de pr\u00e8s de 11 millions de Marocains. Plus de 90% des Marocains b\u00e9n\u00e9ficieront de la couverture sociale apr\u00e8s la mise en \u0153uvre des lois 98.15 et 99.15 relatives \u00e0 la couverture sociale et au r\u00e9gime de retraite pour les cat\u00e9gories des professionnels lib\u00e9raux, des travailleurs ind\u00e9pendants et des personnes non salari\u00e9es exer\u00e7ant une activit\u00e9 lib\u00e9rale.<\/p>\n<p>Auteur: ALM<br \/>\n<a href=\"https:\/\/aujourdhui.ma\/societe\/polemique-des-declarations-la-mise-au-point-de-la-cnss\">Cliquez ici pour lire l&rsquo;article depuis sa source.<\/a><\/p>\n","protected":false},"excerpt":{"rendered":"<p>\u00a0Suite \u00e0 la pol\u00e9mique suscit\u00e9e par la non-d\u00e9claration des employ\u00e9s de deux ministres, la Caisse nationale de s\u00e9curit\u00e9 sociale (CNSS) a publi\u00e9 une mise au point pour \u00e9claircir la situation r\u00e9elle de ses employ\u00e9s. Elle indique que l\u2019ensemble des employ\u00e9s de la CNSS b\u00e9n\u00e9ficient de la totalit\u00e9 de leurs droits en mati\u00e8re de couverture m\u00e9dicale [&hellip;]<\/p>\n","protected":false},"author":1759,"featured_media":91077,"comment_status":"closed","ping_status":"closed","sticky":false,"template":"","format":"standard","meta":{"fifu_image_url":"","fifu_image_alt":"","footnotes":""},"categories":[73,54],"tags":[],"class_list":["post-91076","post","type-post","status-publish","format-standard","has-post-thumbnail","hentry","category-actualite","category-maroc"],"_links":{"self":[{"href":"https:\/\/linitiative.ca\/International\/wp-json\/wp\/v2\/posts\/91076","targetHints":{"allow":["GET"]}}],"collection":[{"href":"https:\/\/linitiative.ca\/International\/wp-json\/wp\/v2\/posts"}],"about":[{"href":"https:\/\/linitiative.ca\/International\/wp-json\/wp\/v2\/types\/post"}],"author":[{"embeddable":true,"href":"https:\/\/linitiative.ca\/International\/wp-json\/wp\/v2\/users\/1759"}],"replies":[{"embeddable":true,"href":"https:\/\/linitiative.ca\/International\/wp-json\/wp\/v2\/comments?post=91076"}],"version-history":[{"count":0,"href":"https:\/\/linitiative.ca\/International\/wp-json\/wp\/v2\/posts\/91076\/revisions"}],"wp:featuredmedia":[{"embeddable":true,"href":"https:\/\/linitiative.ca\/International\/wp-json\/"}],"wp:attachment":[{"href":"https:\/\/linitiative.ca\/International\/wp-json\/wp\/v2\/media?parent=91076"}],"wp:term":[{"taxonomy":"category","embeddable":true,"href":"https:\/\/linitiative.ca\/International\/wp-json\/wp\/v2\/categories?post=91076"},{"taxonomy":"post_tag","embeddable":true,"href":"https:\/\/linitiative.ca\/International\/wp-json\/wp\/v2\/tags?post=91076"}],"curies":[{"name":"wp","href":"https:\/\/api.w.org\/{rel}","templated":true}]}}