{"id":91083,"date":"2020-07-03T15:15:25","date_gmt":"2020-07-03T19:15:25","guid":{"rendered":"https:\/\/linitiative.ca\/International\/bourita-le-maroc-ne-peut-accepter-les-allegations-sans-preuves-claires\/"},"modified":"2020-07-03T15:15:25","modified_gmt":"2020-07-03T19:15:25","slug":"bourita-le-maroc-ne-peut-accepter-les-allegations-sans-preuves-claires","status":"publish","type":"post","link":"https:\/\/linitiative.ca\/International\/bourita-le-maroc-ne-peut-accepter-les-allegations-sans-preuves-claires\/","title":{"rendered":"Bourita: le Maroc ne peut accepter les all\u00e9gations sans preuves claires"},"content":{"rendered":"<p class=\"has-text-color has-vivid-red-color c2\"><strong>En l\u2019absence de preuves, le Maroc s\u2019interroge sur le contexte du dernier rapport d\u2019Amnesty International<\/strong><\/p>\n<p class=\"has-text-color c3\"><strong>Le ministre des Affaires \u00e9trang\u00e8res, de la Coop\u00e9ration africaine et des Marocains r\u00e9sidant \u00e0 l\u2019\u00e9tranger, M. Nasser Bourita a affirm\u00e9, jeudi \u00e0 Rabat, que la non pr\u00e9sentation par Amnesty International (AI) de preuves concernant les all\u00e9gations contenues dans son dernier rapport publi\u00e9 le 22 juin 2020, am\u00e8ne le Maroc \u00e0 s\u2019interroger sur le contexte de ce rapport.<\/strong><\/p>\n<p>S\u2019exprimant lors d\u2019un point de presse tenu par le ministre de l\u2019Education nationale, de la Formation professionnelle, de l\u2019Enseignement sup\u00e9rieur et de la Recherche scientifique, porte-parole du gouvernement, Saaid Amzazi, \u00e0 l\u2019issue du Conseil du gouvernement, M. Bourita a soulign\u00e9 que le Maroc avait demand\u00e9, depuis cinq jours, \u00e0 Amnesty International de fournir ces preuves mais celle-ci n\u2019a pr\u00e9sent\u00e9 aucune r\u00e9ponse jusqu\u2019\u00e0 l\u2019heure, notant que le Royaume ne peut accepter les all\u00e9gations contenues dans ce rapport sans preuves claires.<\/p>\n<p>Il a ajout\u00e9, lors de ce point de presse auquel le ministre d\u2019\u00c9tat charg\u00e9 des Droits de l\u2019Homme et des relations avec le Parlement, Mustapha Ramid, a \u00e9galement pris part, que cette organisation devra assumer sa responsabilit\u00e9 si elle ne dispose pas des preuves n\u00e9cessaires, et devra cesser d\u2019adopter cette approche qui ne repose que sur la diffamation sans preuves \u00e0 l\u2019appui.<\/p>\n<p>\u00ab\u00a0Si cette organisation ne veut pas fournir au Maroc les preuves appuyant son rapport, elle devra les pr\u00e9senter au Monde lors d\u2019une conf\u00e9rence de presse\u00a0\u00bb, a insist\u00e9 M. Bourita, relevant qu\u2019il est possible de prouver ce que cette organisation pr\u00e9tend \u00e0 propos de l\u2019infiltration du t\u00e9l\u00e9phone portable d\u2019un journaliste-stagiaire, et ce de mani\u00e8re scientifique en recourant aux laboratoires sp\u00e9cialis\u00e9s.<\/p>\n<p>M. Bourita a \u00e9galement soulign\u00e9 que le Royaume dispose d\u2019\u00e9tablissements nationaux op\u00e9rant dans ce domaine, en particulier le Centre de veille, de d\u00e9tection et de r\u00e9ponse aux attaques informatiques relevant de la Direction g\u00e9n\u00e9rale de la s\u00e9curit\u00e9 des syst\u00e8mes d\u2019information, notant que ce centre a d\u00e9j\u00e0 \u00e9mis cinq avis \u00e0 l\u2019adresse de tous les citoyens marocains les mettant en garde contre la possibilit\u00e9 d\u2019exploitation de leurs smartphones, notamment \u00e0 travers les syst\u00e8mes auxquels l\u2019organisation fait r\u00e9f\u00e9rence.<\/p>\n<p>Le responsable a, en outre, affirm\u00e9 que ce qui se passe actuellement vient s\u2019ajouter au traitement \u00ab\u00a0non professionnels\u00a0\u00bb r\u00e9serv\u00e9 par Amnesty International au Maroc depuis des ann\u00e9es, et ce par le biais d\u2019un ciblage continu et syst\u00e9matique du Royaume \u00e0 travers des rapports et des donn\u00e9es publi\u00e9s par cette organisation, faisant observer qu\u2019au cours des six premiers mois de cette ann\u00e9e, neuf rapports ont \u00e9t\u00e9 publi\u00e9s concernant le Maroc, et que 72 documents concernant le Royaume ont \u00e9t\u00e9 publi\u00e9s de 2016 \u00e0 nos jours, en plus des campagnes internationales et m\u00e9diatiques le ciblant.<\/p>\n<p>Il a aussi affirm\u00e9 l\u2019ouverture continue du Maroc sur les organisations internationales, qu\u2019elles soient gouvernementales ou non gouvernementales, soulignant que le Royaume exige que ces organisations travaillent avec professionnalisme et cr\u00e9dibilit\u00e9 et qu\u2019elles \u00e9tablissent leurs rapports dans le cadre d\u2019un dialogue et sur la base de proc\u00e9dures, de preuves, et de questions claires et concr\u00e8tes.<\/p>\n<p>M. Bourita a r\u00e9it\u00e9r\u00e9, dans ce contexte, le rejet par le Maroc de la m\u00e9thode avec laquelle Amnesty International travaille en ce qui concerne les affaires int\u00e9ressant le Royaume, \u00ab\u00a0car elle n\u2019interagit jamais avec les autorit\u00e9s marocaines et ses sources demeurent toujours anonymes, en plus du recours \u00e0 la diffamation m\u00e9diatique avant la publication de chaque rapport\u00a0\u00bb.<\/p>\n<p>Le ministre a fait savoir que le Maroc a remarqu\u00e9 cela en 2014 lors de la campagne lanc\u00e9e par cette organisation contre la torture, comme il le remarque aujourd\u2019hui apr\u00e8s l\u2019\u00e9tablissement d\u2019un rapport sans aucune interaction avec le gouvernement marocain et sa publication dans un ensemble de supports m\u00e9diatiques dans le but de nuire \u00e0 la r\u00e9putation et \u00e0 l\u2019image du pays.<\/p>\n<p>Auteur: M&rsquo;hammed rahal<br \/>\n<a href=\"http:\/\/albayane.press.ma\/bourita-le-maroc-ne-peut-accepter-les-allegations-sans-preuves-claires.html\">Cliquez ici pour lire l&rsquo;article depuis sa source.<\/a><\/p>\n","protected":false},"excerpt":{"rendered":"<p>En l\u2019absence de preuves, le Maroc s\u2019interroge sur le contexte du dernier rapport d\u2019Amnesty International Le ministre des Affaires \u00e9trang\u00e8res, de la Coop\u00e9ration africaine et des Marocains r\u00e9sidant \u00e0 l\u2019\u00e9tranger, M. Nasser Bourita a affirm\u00e9, jeudi \u00e0 Rabat, que la non pr\u00e9sentation par Amnesty International (AI) de preuves concernant les all\u00e9gations contenues dans son dernier [&hellip;]<\/p>\n","protected":false},"author":1760,"featured_media":0,"comment_status":"closed","ping_status":"closed","sticky":false,"template":"","format":"standard","meta":{"fifu_image_url":"","fifu_image_alt":"","footnotes":""},"categories":[73,54],"tags":[],"class_list":["post-91083","post","type-post","status-publish","format-standard","hentry","category-actualite","category-maroc"],"_links":{"self":[{"href":"https:\/\/linitiative.ca\/International\/wp-json\/wp\/v2\/posts\/91083","targetHints":{"allow":["GET"]}}],"collection":[{"href":"https:\/\/linitiative.ca\/International\/wp-json\/wp\/v2\/posts"}],"about":[{"href":"https:\/\/linitiative.ca\/International\/wp-json\/wp\/v2\/types\/post"}],"author":[{"embeddable":true,"href":"https:\/\/linitiative.ca\/International\/wp-json\/wp\/v2\/users\/1760"}],"replies":[{"embeddable":true,"href":"https:\/\/linitiative.ca\/International\/wp-json\/wp\/v2\/comments?post=91083"}],"version-history":[{"count":0,"href":"https:\/\/linitiative.ca\/International\/wp-json\/wp\/v2\/posts\/91083\/revisions"}],"wp:attachment":[{"href":"https:\/\/linitiative.ca\/International\/wp-json\/wp\/v2\/media?parent=91083"}],"wp:term":[{"taxonomy":"category","embeddable":true,"href":"https:\/\/linitiative.ca\/International\/wp-json\/wp\/v2\/categories?post=91083"},{"taxonomy":"post_tag","embeddable":true,"href":"https:\/\/linitiative.ca\/International\/wp-json\/wp\/v2\/tags?post=91083"}],"curies":[{"name":"wp","href":"https:\/\/api.w.org\/{rel}","templated":true}]}}