{"id":91084,"date":"2020-07-03T15:37:04","date_gmt":"2020-07-03T19:37:04","guid":{"rendered":"https:\/\/linitiative.ca\/International\/en-creer-latmosphere-necessaire-dunite-et-denthousiasme\/"},"modified":"2020-07-03T15:37:04","modified_gmt":"2020-07-03T19:37:04","slug":"en-creer-latmosphere-necessaire-dunite-et-denthousiasme","status":"publish","type":"post","link":"https:\/\/linitiative.ca\/International\/en-creer-latmosphere-necessaire-dunite-et-denthousiasme\/","title":{"rendered":"\u00abEn cr\u00e9er l\u2019atmosph\u00e8re n\u00e9cessaire, d\u2019unit\u00e9 et d\u2019enthousiasme\u00bb"},"content":{"rendered":"<p class=\"has-text-color has-vivid-red-color c2\"><strong>Entretien avec Moulay Isma\u00efl Alaoui, pr\u00e9sident du Conseil de la Pr\u00e9sidence du PPS<\/strong><\/p>\n<p class=\"has-text-color c3\"><strong>Les grands chantiers pour vaincre la pauvret\u00e9<\/strong><\/p>\n<p class=\"c4\">Propos recueillis par <strong>Mohamed Khalil<\/strong><\/p>\n<p class=\"has-text-color has-background has-pale-cyan-blue-background-color c5\"><strong><em>A l\u2019heure o\u00f9 le gouvernement tarde \u00e0 mettre en place une vision \u00e9conomique et sociale pour att\u00e9nuer les effets n\u00e9gatifs de la crise sanitaire sur la vie des Marocaines et de Marocains, nous avons r\u00e9alis\u00e9 une interview avec Isma\u00efl Alaoui, pr\u00e9sident du Conseil de la Pr\u00e9sidence du Parti du progr\u00e8s et du socialisme. En voici la teneur.<\/em><\/strong><\/p>\n<p class=\"has-text-color has-vivid-red-color\"><strong>La pand\u00e9mie du coronavirus a d\u00e9montr\u00e9, un peu partout au monde, l\u2019immense pauvret\u00e9 qui a encore gagn\u00e9, \u00e9norm\u00e9ment, du terrain.<\/strong><\/p>\n<p class=\"has-text-color has-vivid-red-color\"><strong>Au Maroc, la crise sanitaire a mis \u00e0 nu cette pauvret\u00e9 estim\u00e9e, aujourd\u2019hui, \u00e0 plus de 25 millions de personnes sur un total \u00e9tabli \u00e0 35 millions. Soit 5 personnes sur 7 sont touch\u00e9es par le d\u00e9nuement.<\/strong><\/p>\n<p class=\"has-text-color has-vivid-red-color\"><strong>Que vous inspire cette situation, 65 ann\u00e9es apr\u00e8s l\u2019ind\u00e9pendance du pays\u00a0?<\/strong><\/p>\n<p>Ce n\u2019est pas tant la pauvret\u00e9 qui a gagn\u00e9 du terrain que le gap<em>,<\/em> entre les pays les plus riches \u00e9conomiquement et financi\u00e8rement\u00a0 et ceux qui sont rest\u00e9s en marge, \u00e0 la p\u00e9riph\u00e9rie de cet enrichissement parce qu\u2019exploit\u00e9s par l\u2019expansion de la mondialisation\u00a0\u00abn\u00e9olib\u00e9rale\u00bb, qui a vu le triomphe de la Finance.<\/p>\n<p>Ceci dit, il faudra reconna\u00eetre qu\u2019au sein m\u00eame des pays de la p\u00e9riph\u00e9rie,c\u2019est \u00e0 dire,des pays exploit\u00e9s, l\u2019\u00e9cart social entre une minorit\u00e9 de\u00a0 plus en plus riche et la majorit\u00e9 de la population s\u2019est approfondi.<\/p>\n<p>Voil\u00e0 ce que la pand\u00e9mie\u00a0 que subit actuellement l\u2019humanit\u00e9 a mis \u00e0 nu.<\/p>\n<p>Il faudra ajouter que ce ph\u00e9nom\u00e8ne d\u2019\u00e9largissement de l\u2019\u00e9cart, entre la minorit\u00e9 toujours de plus en plus riche\u00a0 et la majorit\u00e9 de la population qui reste pauvre, pr\u00e9vaut aussi dans les pays les plus riches.<\/p>\n<p>Chez nous, la pand\u00e9mie nous a permis \u00e0 tous (ceux qui le savaient et ceux qui l\u2019ignoraient),de prendre encore plus conscience que la r\u00e9alit\u00e9 que je viens de rappeler s\u00e9vit dans notre soci\u00e9t\u00e9 et menace gravement les fondements de la paix sociale et de la stabilit\u00e9.<\/p>\n<p>La d\u00e9claration du ministre de l\u2019\u00e9conomie et des finances a r\u00e9v\u00e9l\u00e9 aux \u00e9lus de la nation et \u00e0 la nation tout enti\u00e8re que, sur l\u2019ensemble des habitants du pays, soit environ 35 millions de personnes, plus de 21 millions, repr\u00e9sentant 4,3 millions de familles ne peuvent subvenir \u00e0 leurs besoins sans la solidarit\u00e9 des autres.Donc une famille \u00bbais\u00e9e\u00abdevrait prendre en charge au moins deux autres familles moins nanties pour que la stabilit\u00e9 sociale soit assur\u00e9e, pacifiquement.<\/p>\n<p>Pour ce faire, il a \u00e9t\u00e9 cr\u00e9\u00e9 un \u00abFonds de solidarit\u00e9\u00bb aliment\u00e9 par b\u00e9n\u00e9volat\u00a0 et esprit de solidarit\u00e9 nationale.<\/p>\n<p>Ceci m\u2019inspire que, 65 ans apr\u00e8s le recouvrement de notre ind\u00e9pendance politique, \u00abla fracture sociale\u00bb s\u2019est aggrav\u00e9e m\u00eame si la pauvret\u00e9 a chang\u00e9 d\u2019aspect. Le caract\u00e8re sordide de la pauvret\u00e9 et de la mis\u00e8re a perdur\u00e9 mais s\u2019est par\u00e9 d\u2019oripeaux et d\u2019apparences que l\u2019on peut qualifier de modernes.<\/p>\n<p>C\u2019est le d\u00e9fi que nous avons \u00e0 affronter et auquel nous devons r\u00e9pondre. Par la \u00abcharit\u00e9\u00bb\u00a0? Je ne le pense pas.<\/p>\n<p class=\"has-text-color has-vivid-red-color\"><strong>\u00abFonds de solidarit\u00e9\u00bb: appel aux \u00abbonnes volont\u00e9s\u00bb pour continuer \u00e0 le financer<\/strong><\/p>\n<p>Tout le monde s\u2019accorde, aujourd\u2019hui, \u00e0 revendiquer un saut et un sursaut salvateur pour permettre au pays de r\u00e9aliser une grande avanc\u00e9e \u00e9conomique et sociale. Comment vous voyez la r\u00e9alisation de toute une panoplie d\u2019avanc\u00e9es, dans un Maroc o\u00f9 il y a \u00e9norm\u00e9ment de d\u00e9ficits et de dysfonctionnements? Quel est le plus urgent et que faire \u00e0 court terme?<\/p>\n<p>Certes,le Maroc de\u00a0 2020 n\u2019a plus rien \u00e0 voir avec celui du lendemain de l\u2019ind\u00e9pendance au milieu du XX\u00e8me si\u00e8cle. Des progr\u00e8s ont \u00e9t\u00e9 r\u00e9alis\u00e9s dans nombre de secteurs,y compris dans le domaine de la lutte contre la pauvret\u00e9,mais les disparit\u00e9s sociales se sont aggrav\u00e9es et les attentes ont beaucoup augment\u00e9. Les avanc\u00e9es technologiques qui y ont \u00e9t\u00e9 pour beaucoup. La rapidit\u00e9 des \u00e9changes,surtout ceux de l\u2019information et de la communication ont permis une croissance exceptionnelle de la connaissance des disparit\u00e9s sociales et de leur injustice et donc une augmentation de revendications dont la l\u00e9gitimit\u00e9 ne peut \u00eatre contest\u00e9e.<\/p>\n<p>Plus, personne ne peut plus constater cette r\u00e9alit\u00e9 et rester les bras ballants. Il faut r\u00e9pondre au plus vite et au mieux \u00e0 la volont\u00e9 du vivre mieux, \u00e9conomiquement, socialement, culturellement et politiquement de la majorit\u00e9 de notre peuple.<\/p>\n<p>De mon humble point de vue et sur le plan strictement politique, il faut ,d\u2019abord,rejeter avec fermet\u00e9, cette tendance de d\u00e9ni que certains avancent face \u00e0 la pratique d\u00e9mocratique. Au lieu de restreindre les libert\u00e9s et la pratique de la d\u00e9mocratie pour pouvoir progresser, comme ils le proclament, notre planche de salut passe, n\u00e9cessairement, par l\u2019expansion du champ de la d\u00e9mocratie qui ne peut \u00eatre que celui du respect des Droits Humains et des institutions que le Nation s\u2019est choisies.La n\u00e9gation de ces Droits Humains et m\u00eame leur seule limitation ne peut aboutir qu\u2019au triomphe de l\u2019arbitraire puis, insidieusement \u00e0 celui d\u2019une forme de fascisme, avec son cort\u00e8ge de malheurs et de retours en arri\u00e8re.<\/p>\n<p><strong>Le monde rural est le plus touch\u00e9 chez nous. Il est \u00e9galement celui qui est le plus d\u00e9laiss\u00e9. La situation des foyers ruraux, notamment dans les coins enclav\u00e9s et les plus \u00e9loign\u00e9s du \u00ab\u00a0Centre\u00a0\u00bb reste des plus archa\u00efques.<\/strong> <strong>Quel plan de sauvetage pr\u00e9conisez-vous pour r\u00e9duire drastiquement la pauvret\u00e9, par la cr\u00e9ation d\u2019activit\u00e9s g\u00e9n\u00e9ratrice de revenus?<\/strong><\/p>\n<p>Avant de r\u00e9pondre \u00e0 votre question, revenons, si vous le voulez bien, au constat que l\u2019\u00e9pid\u00e9mie nous a brutalement rappel\u00e9. Plus de 20 millions de Marocaines et de Marocains ont besoin de subsides de la part du reste de l\u2019ensemble de la communaut\u00e9 nationale, pour subvenir \u00e0 leurs besoins imm\u00e9diats et de base.<\/p>\n<p>Le Fonds de solidarit\u00e9, cr\u00e9\u00e9 \u00e0 l\u2019occasion de la covid-19 leur octroie une aide mon\u00e9taire minimale variant entre 800 et 1200 DH par famille, soit plus de 45 milliards de DH par mois, environ.Or ce Fonds n\u2019est pas in\u00e9puisable puisqu\u2019il arr\u00eate ses subsides ce mois-ci, semble-t-il, alors que les besoins, eux, sont toujours pr\u00e9sents!<\/p>\n<p><strong>Que faire dans ces conditions?<\/strong><\/p>\n<p>Il aurait fallu ne pas faire des populations dans le besoin des \u00abassist\u00e9s\u00bb. Le mal \u00e9tant fait, il faudra trouver autre chose.<\/p>\n<p>Cette autre chose, de mon humble avis, devrait\u00a0 d\u2019abord se d\u00e9cliner par une d\u00e9cision du maintien du \u00abFonds de solidarit\u00e9\u00bb avec un appel aux \u00abbonnes volont\u00e9s\u00bb pour continuer \u00e0 le financer. Cette\u00a0 d\u00e9cision devrait \u00eatre accompagn\u00e9e par la d\u00e9cision de transformer \u00abl\u2019obole\u00bb en \u00absalaire\u00bb et \u00e9tablir un \u00abplan de grands travaux \u00abet d\u00e9cider une mobilisation, d\u2019abord, des \u00absalari\u00e9s\u00bb anciennement \u00abassist\u00e9s\u00bb pour la r\u00e9alisation de ces grands travaux.<\/p>\n<p><strong>Sur quoi porteraient ces travaux\u00a0?<\/strong><\/p>\n<p>Ils concerneront des campagnes de reboisement en arbres fruitiers, de reforestation et de lutte contre la d\u00e9sertification, ainsi que des actions visant \u00e0 diminuer le d\u00e9ficit que nous connaissons en voies de communication (pistes, routes provinciales et nationales, autoroutes, lignes de chemins de fer), en ports pour la p\u00eache c\u00f4ti\u00e8re et le cabotage etc\u2026 et la liste n\u2019est pas limitative. Elle pourrait concerner aussi le d\u00e9veloppement et\/ou l\u2019am\u00e9lioration de notre r\u00e9seau d\u2019enseignement (du pr\u00e9scolaire aux universit\u00e9s) et de notre r\u00e9seau hospitalier (des maisons d\u2019accouchements aux CHU).<\/p>\n<p><strong>De l\u2019assistanat au salariat<\/strong><\/p>\n<p>Certes cela exigera l\u2019\u00e9tablissement d\u2019une organisation planifi\u00e9e qui ne se limitera pas \u00e0 ces seuls aspects d\u2019am\u00e9nagement du territoire, lesquels pourraient aussi concerner les centres urbains anciens ou de cr\u00e9ation r\u00e9cente (construction de centres culturels \u2013 r\u00e9habilitations du b\u00e2ti en ruine ou quasiment, am\u00e9lioration des conditions de vie des urbains, \u00e9limination des bidonvilles et de l\u2019habitat insalubre etc\u2026).<\/p>\n<p>En parall\u00e8le \u00e0 ces actions que l\u2019on peut qualifier de mat\u00e9rielles, d\u2019autres initiatives seront prises pour la promotion de ces \u00bbsalari\u00e9s\u00ab, anciennement simples assist\u00e9s, et ce par l\u2019organisation d\u2019actions d\u2019alphab\u00e9tisation fonctionnelle pour ceux qui sont analphab\u00e8tes ou d\u2019actions de formation professionnelle pour ceux qui sont d\u00e9j\u00e0 alphab\u00e9tis\u00e9s mais sans comp\u00e9tence pouvant leur permettre de cr\u00e9er un emploi digne et utile \u00e0 toute la communaut\u00e9.<\/p>\n<p>Cette nouvelle donne, si elle se concr\u00e9tise, peut participer \u00e0 la disparition graduelle du secteur informel qui,\u00a0 jusqu\u2019au d\u00e9clenchement de l\u2019\u00e9pid\u00e9mie covid-19, a permis \u00e0 des millions de vivoter, sans les sauver de leur triste sort et sans que les services fiscaux du pays n\u2019en tirent un quelconque profit direct.<\/p>\n<p>Je pense que le monde rural ne pourra que tirer le plus grand profit,au m\u00e8me titre que nombre d\u2019habitants des villes,de la mat\u00e9rialisation des propositions que j\u2019avance.<\/p>\n<p>Ceux qui poseraient la question de savoir si nous avons, en tant qu\u2019Etat, les moyens d\u2019organiser les actions d\u00e9crites plus haut, feraient, ind\u00e9niablement, preuve de pertinence.<\/p>\n<p>En effet, avons-nous la possibilit\u00e9 de gagner ce genre de\u00a0 pari ? Sans tomber dans une suffisance inappropri\u00e9e, nous pouvons dire que nous le pourrons, \u00e0 la condition de le vouloir et de cr\u00e9er l\u2019atmosph\u00e8re n\u00e9cessaire, d\u2019unit\u00e9 et d\u2019enthousiasme. Nous l\u2019avons d\u00e9j\u00e0 prouv\u00e9 en des moments pas tr\u00e8s lointains de notre histoire. Le dernier exemple n\u2019est-il pas celui de la \u00abMarche Verte\u00bb?<\/p>\n<p>En tous les cas, je pense que si nous parvenions \u00e0 r\u00e9aliser cette politique de grands travaux, notre PIB, qui est actuellement mal en point, enregistrerait une progression remarquable qui se traduirait par un enrichissement g\u00e9n\u00e9ral de notre pays. Il restera \u00e0 notre autre syst\u00e8me fiscal (qui a certainement besoin d\u2019\u00eatre r\u00e9vis\u00e9) de faire en sorte que cet enrichissement soit \u00e9quitablement r\u00e9parti.<\/p>\n<p>Si notre pays aurait opt\u00e9 pour ce type de propositions, il disposerait d\u2019un tremplin, relativement bon, pour effectuer le fameux \u00abLeapfrog\u00bb (le saut de la grenouille que pr\u00e9conise l\u2019Institut Royal des Etudes Strat\u00e9giques \u2013 IRIS).<\/p>\n<p><strong>Va-t-il falloir r\u00e9orienter, dans un premier temps, l\u2019INDH afin qu\u2019elle soit d\u00e9mocratis\u00e9e et jouir d\u2019une bonne gouvernance, loin de toute exploitation politique d\u2019une initiative qui a, quand m\u00eame, jou\u00e9 un certain r\u00f4le dans le combat contre la pauvret\u00e9, la marginalisation et la vuln\u00e9rabilit\u00e9\u00a0?<\/strong><\/p>\n<p>Pour le monde rural auquel on doit porter attention particuli\u00e8re, il est certain que ce que nous avons d\u00e9velopp\u00e9 plus haut lui sera d\u2019une grande utilit\u00e9;mais en outre,et \u00e9tant donn\u00e9 la situation de r\u00e9partition du foncier dans notre pays et l\u2019existence d\u2019un \u00ab\u00a0surplus\u00a0\u00bb d\u00e9mographique dans nos campagnes, estim\u00e9 \u00e0 environ 6 \u00e0 7 millions de personnes, le d\u00e9veloppement d\u2019une agriculture sociale et solidaire serait le bienvenu, avec un suivi strict de l\u2019Etat afin que les circuits de commercialisation des produits de notre agriculture vivri\u00e8re qui comme chacun sait,est le fait de petits et moyens agriculteurs ,ne restent en l\u2019\u00e9tat o\u00f9 ils sont actuellement. La solidarit\u00e9 des petits et moyens producteurs qui pourrait se traduire librement dans la cr\u00e9ation de coop\u00e9ratives g\u00e9r\u00e9es d\u00e9mocratiquement (ce qui n\u2019aurait plus rien \u00e0 voir avec nombre d\u2019exp\u00e9riences anciennes), permettrait \u00e0 notre pays, non pas de devenir un \u00abDanemark m\u00e9diterran\u00e9en\u00bb, mais de connaitre, au niveau social rural, un changement radical et surtout tr\u00e8s positif pour les int\u00e9ress\u00e9s.<\/p>\n<p><strong>L\u2019INDH emp\u00each\u00e9e de donner tout ce qu\u2019elle promettait<\/strong><\/p>\n<p>Il est certain que l\u2019INDH qui a \u00e9t\u00e9 la concr\u00e9tisation d\u2019une id\u00e9e tr\u00e8s importante a tout int\u00e9r\u00eat \u00e0 se lib\u00e9rer des carences qui l\u2019ont emp\u00each\u00e9e de donner tout ce qu\u2019elle promettait. En effet, les interventions, soit de certaines autorit\u00e9s territoriales, soit de certains \u00e9lus,ont souvent abouti \u00e0 des\u00a0 perversions de l\u2019id\u00e9e cr\u00e9atrice de l\u2019Initiative.<\/p>\n<p>Une progression de la conscience des populations rurales par l\u2019\u00e9limination de l\u2019analphab\u00e9tisme et de l\u2019ignorance, coupl\u00e9e \u00e0 plus de d\u00e9veloppement de l\u2019ouverture sur le monde \u00e0 tous les niveaux (information,\u00a0 d\u00e9senclavement, int\u00e9gration plus pouss\u00e9e dans l\u2019\u00e9conomie dite moderne, prise de confiance dans la d\u00e9mocratisation des rapports entre l\u2019ensemble des protagonistes dans la soci\u00e9t\u00e9), tout cela changerait de tout au tout la vie de nos concitoyennes et concitoyens dans le monde rural. Certains pourraient qualifier tout cela de \u00abr\u00eaverie\u00bb. Peut-\u00eatre mais c\u2019est un r\u00eave qui a lieu,les yeux grands ouverts.<\/p>\n<p>La concr\u00e9tisation lucide mais pers\u00e9v\u00e9rante, permettrait \u00e0 notre pays et surtout \u00e0 la majorit\u00e9 de notre\u00a0 peuple de r\u00e9aliser un progr\u00e8s magnifique.<\/p>\n<p><strong>Dans un r\u00e9cent article paru dans Al Bayane (le 5 juin 2020) vous pr\u00e9conisez, comme le fait d\u2019ailleurs le PPS, le lancement imm\u00e9diat et urgent des grands travaux, qui doivent concerner aussi bien les infrastructures (chantiers, routes, etc.) que la superstructure (alphab\u00e9tisation, \u00e9ducation informelle\u2026), \u00e0 c\u00f4t\u00e9 d\u2019autres chantiers\u2026 Pouvez-vous nous rappeler les plus urgents chantiers \u00e0 explorer dans l\u2019imm\u00e9diat et la d\u00e9marche \u00e0 suivre ?<\/strong><\/p>\n<p>J\u2019ai d\u00e9j\u00e0 r\u00e9pondu \u00e0 cette question ce qui montre que les probl\u00e8mes sont imbriqu\u00e9s. Ce qui est la preuve de leur complexit\u00e9.<\/p>\n<p>Tous les chantiers d\u00e9j\u00e0 cit\u00e9s ont le m\u00eame degr\u00e9 d\u2019urgence. La d\u00e9marche \u00e0 suivre, une fois le diagnostic r\u00e9alis\u00e9, est la programmation des actes c\u2019est-\u00e0-dire la planification de l\u2019action dans le temps,la pr\u00e9vision des moyens et l\u2019\u00e9valuation stricte des r\u00e9alisations.<\/p>\n<p><strong>Tout cela n\u00e9cessite des fonds. O\u00f9 vous proposez de les puiser\u00a0? et comment\u00a0? et pour combien de temps\u00a0? Pouvez-vous d\u00e9j\u00e0 avancer des chiffres pour leur r\u00e9alisation?<\/strong><\/p>\n<p>Nous en arrivons aux fonds et au fond.<\/p>\n<p>Pour ce qui concerne les fonds, il n\u2019est certes pas commode de les mobiliser car nous allons toucher certaines personnes physiques et\/ou morales \u00e0 leurs poches.<\/p>\n<p>Il ya, bien s\u00fbr, la fiscalit\u00e9 (qui a besoin, comme nous l\u2019avons d\u00e9j\u00e0 dit, d\u2019\u00eatre r\u00e9form\u00e9e pour que ce ne soit pas toujours les m\u00eames qui soient ponctionn\u00e9s).<\/p>\n<p>Il y a aussi l\u2019appel \u00e0 la g\u00e9n\u00e9rosit\u00e9 publique, comme il y a l\u2019appel aux sentiments patriotiques (qui existent) et aussi le fait de faire prendre conscience \u00e0 ceux qui seraient frileux que l\u2019enrichissement dont nous avons d\u00e9j\u00e0 parl\u00e9 du fait de la mise en \u0153uvre des grands travaux, serait b\u00e9n\u00e9fique (raisonnablement) \u00e0 tous.<\/p>\n<p>Il\u00a0 faut donc maintenir le \u00ab\u00a0Fonds de soutien\u00a0\u00bb en vie, mais passer du statut de l\u2019assistanat \u00e0 celui du salariat (temporaire ou permanent cela restera \u00e0 pr\u00e9ciser).<\/p>\n<p>Quoiqu\u2019il en soit, j\u2019esp\u00e8re que la commission de r\u00e9flexion sur le nouveau mod\u00e8le de d\u00e9veloppement prendra en compte tout ce que l\u2019\u00e9pid\u00e9mie du covid 19 a r\u00e9v\u00e9l\u00e9 comme points positifs et comme aspects n\u00e9gatifs.<\/p>\n<p><strong>Derni\u00e8re question, les grands hommes et d\u00e9cideurs politiques marquent de leurs empreintes leurs passages ici-bas. Quel est la meilleure trace, pour l\u2019Histoire, que le Maroc d\u2019aujourd\u2019hui pourrait laisser pour les g\u00e9n\u00e9rations \u00e0 venir?<\/strong><\/p>\n<p>Votre derni\u00e8re question s\u2019adresse \u00e0 toutes les g\u00e9n\u00e9rations actuellement en vie dans notre pays,c\u2019est \u00e0 dire \u00e0 tous.Il faut donc proc\u00e9der \u00e0 des consultations comme le pr\u00e9conise d\u2019ailleurs l\u2019article 13 de la Constitution,ne pas se limiter \u00e0 une consultation fictivec et surtout prendre leurs avis en compte,puis les concr\u00e9tiser mat\u00e9riellement. En d\u2019autres termes que notre D\u00e9mocratie soit non pas abandonn\u00e9e, comme le voudraient certains, mais qu\u2019il lui soit apport\u00e9 un souffle nouveau, qu\u2019elle soit approfondie pour \u00e9viter la catastrophe.<\/p>\n<p>Ce sera, peut-\u00eatre, pour nous deux, vous l\u2019intervieweur, et moi, l\u2019interview\u00e9, l\u2019occasion de reprendre contact\u00a0 pour d\u00e9velopper cet aspect.<\/p>\n<p>Auteur: M&rsquo;hammed rahal<br \/>\n<a href=\"http:\/\/albayane.press.ma\/en-creer-latmosphere-necessaire-dunite-et-denthousiasme.html\">Cliquez ici pour lire l&rsquo;article depuis sa source.<\/a><\/p>\n","protected":false},"excerpt":{"rendered":"<p>Entretien avec Moulay Isma\u00efl Alaoui, pr\u00e9sident du Conseil de la Pr\u00e9sidence du PPS Les grands chantiers pour vaincre la pauvret\u00e9 Propos recueillis par Mohamed Khalil A l\u2019heure o\u00f9 le gouvernement tarde \u00e0 mettre en place une vision \u00e9conomique et sociale pour att\u00e9nuer les effets n\u00e9gatifs de la crise sanitaire sur la vie des Marocaines et [&hellip;]<\/p>\n","protected":false},"author":1760,"featured_media":0,"comment_status":"closed","ping_status":"closed","sticky":false,"template":"","format":"standard","meta":{"fifu_image_url":"","fifu_image_alt":"","footnotes":""},"categories":[73,54],"tags":[],"class_list":["post-91084","post","type-post","status-publish","format-standard","hentry","category-actualite","category-maroc"],"_links":{"self":[{"href":"https:\/\/linitiative.ca\/International\/wp-json\/wp\/v2\/posts\/91084","targetHints":{"allow":["GET"]}}],"collection":[{"href":"https:\/\/linitiative.ca\/International\/wp-json\/wp\/v2\/posts"}],"about":[{"href":"https:\/\/linitiative.ca\/International\/wp-json\/wp\/v2\/types\/post"}],"author":[{"embeddable":true,"href":"https:\/\/linitiative.ca\/International\/wp-json\/wp\/v2\/users\/1760"}],"replies":[{"embeddable":true,"href":"https:\/\/linitiative.ca\/International\/wp-json\/wp\/v2\/comments?post=91084"}],"version-history":[{"count":0,"href":"https:\/\/linitiative.ca\/International\/wp-json\/wp\/v2\/posts\/91084\/revisions"}],"wp:attachment":[{"href":"https:\/\/linitiative.ca\/International\/wp-json\/wp\/v2\/media?parent=91084"}],"wp:term":[{"taxonomy":"category","embeddable":true,"href":"https:\/\/linitiative.ca\/International\/wp-json\/wp\/v2\/categories?post=91084"},{"taxonomy":"post_tag","embeddable":true,"href":"https:\/\/linitiative.ca\/International\/wp-json\/wp\/v2\/tags?post=91084"}],"curies":[{"name":"wp","href":"https:\/\/api.w.org\/{rel}","templated":true}]}}