{"id":91186,"date":"2020-07-05T06:11:29","date_gmt":"2020-07-05T10:11:29","guid":{"rendered":"https:\/\/linitiative.ca\/International\/coronavirus-salah-mejri-jai-passe-deux-semaines-difficiles\/"},"modified":"2020-07-05T06:11:29","modified_gmt":"2020-07-05T10:11:29","slug":"coronavirus-salah-mejri-jai-passe-deux-semaines-difficiles","status":"publish","type":"post","link":"https:\/\/linitiative.ca\/International\/coronavirus-salah-mejri-jai-passe-deux-semaines-difficiles\/","title":{"rendered":"Coronavirus \u2013 Salah Mejri : \u201cJ\u2019ai pass\u00e9 deux semaines difficiles\u201d"},"content":{"rendered":"<div class=\"post-cont-in left relative\">\n<div class=\"heateor_sss_sharing_container heateor_sss_horizontal_sharing\" heateor-sss-data-href=\"https:\/\/sport.tunisienumerique.com\/coronavirus-salah-mejri-jai-passe-deux-semaines-difficiles\/\" heateor-sss-no-counts=\"1\">\n<div class=\"heateor_sss_sharing_title c3\">Cet article vous a \u00e9t\u00e9 utile? Partagez le, il int\u00e9ressera d\u2019autres personnes. Merci!<\/div>\n<ul class=\"heateor_sss_sharing_ul\">\n<li class=\"heateorSssSharingRound\"><em alt=\"Facebook\" title=\"Facebook\" class=\"heateorSssSharing heateorSssFacebookBackground c4\" onclick=\"heateorSssPopup(&quot;https:\/\/www.facebook.com\/sharer\/sharer.php?u=https%3A%2F%2Fsport.tunisienumerique.com%2Fcoronavirus-salah-mejri-jai-passe-deux-semaines-difficiles%2F&quot;)\">\u00a0<\/em><\/li>\n<li class=\"heateorSssSharingRound\"><em alt=\"Twitter\" title=\"Twitter\" class=\"heateorSssSharing heateorSssTwitterBackground c4\" onclick=\"heateorSssPopup(&quot;http:\/\/twitter.com\/intent\/tweet?text=Coronavirus%20-%20Salah%20Mejri%20%3A%20%22J%27ai%20pass%C3%A9%20deux%20semaines%20difficiles%22&amp;url=https%3A%2F%2Fsport.tunisienumerique.com%2Fcoronavirus-salah-mejri-jai-passe-deux-semaines-difficiles%2F&quot;)\">\u00a0<\/em><\/li>\n<li class=\"heateorSssSharingRound\"><em alt=\"Linkedin\" title=\"Linkedin\" class=\"heateorSssSharing heateorSssLinkedinBackground c4\" onclick=\"heateorSssPopup(&quot;http:\/\/www.linkedin.com\/shareArticle?mini=true&amp;url=https%3A%2F%2Fsport.tunisienumerique.com%2Fcoronavirus-salah-mejri-jai-passe-deux-semaines-difficiles%2F&amp;title=Coronavirus%20-%20Salah%20Mejri%20%3A%20%22J%27ai%20pass%C3%A9%20deux%20semaines%20difficiles%22&quot;)\">\u00a0<\/em><\/li>\n<li class=\"heateorSssSharingRound\"><em alt=\"Google Gmail\" title=\"Google Gmail\" class=\"heateorSssSharing heateorSssGoogleGmailBackground c4\" onclick=\"heateorSssPopup(&quot;https:\/\/mail.google.com\/mail\/?ui=2&amp;view=cm&amp;fs=1&amp;tf=1&amp;su=Coronavirus%20-%20Salah%20Mejri%20%3A%20%22J%27ai%20pass%C3%A9%20deux%20semaines%20difficiles%22&amp;body=Link:https%3A%2F%2Fsport.tunisienumerique.com%2Fcoronavirus-salah-mejri-jai-passe-deux-semaines-difficiles%2F&quot;)\">\u00a0<\/em><\/li>\n<li class=\"heateorSssSharingRound\"><em alt=\"Whatsapp\" title=\"Whatsapp\" class=\"heateorSssSharing heateorSssWhatsappBackground c4\"><a href=\"https:\/\/api.whatsapp.com\/send?text=Coronavirus%20-%20Salah%20Mejri%20%3A%20%22J%27ai%20pass%C3%A9%20deux%20semaines%20difficiles%22%20https%3A%2F%2Fsport.tunisienumerique.com%2Fcoronavirus-salah-mejri-jai-passe-deux-semaines-difficiles%2F\" rel=\"nofollow noopener noreferrer\" target=\"_blank\">\u00a0<\/a><\/em><\/li>\n<li class=\"heateorSssSharingRound\">\u00a0<\/li>\n<\/ul>\n<\/div>\n<p dir=\"ltr\">La star tunisienne de basketball Salah Mejri est r\u00e9cemment revenue sur son exp\u00e9rience du coronavirus.<\/p>\n<p dir=\"ltr\">\u00abJ\u2019ai pass\u00e9 deux semaines difficiles et je n\u2019ai m\u00eame pas trouv\u00e9 quoi manger. Apr\u00e8s la maladie, j\u2019ai \u00e9t\u00e9 forc\u00e9 d\u2019apprendre \u00e0 cuisiner \u00e0 cause du confinement en Espagne\u00bb, a confi\u00e9 Mejri au micro de Mosa\u00efque FM.<\/p>\n<div class=\"code-block code-block-1 c6\"><ins class=\"adsbygoogle c5\" data-ad-layout=\"in-article\" data-ad-format=\"fluid\" data-ad-client=\"ca-pub-2102118777505746\" data-ad-slot=\"7301775417\"\/> <\/div>\n<p>Salah Mejri a indiqu\u00e9 que l\u2019exp\u00e9rience du coronavirus a prouv\u00e9 que tous sont \u00e9gaux face \u00e0 cette maladie et que chacun doit changer sa vision du monde.\u00a0 \u00abPour la premi\u00e8re fois, j\u2019ai senti le poids du fait de vivre seul\u00bb.<\/p>\n<p dir=\"ltr\">Concernant sa carri\u00e8re, Salah Mejri a estim\u00e9 que son rendement cette ann\u00e9e n\u2019a pas \u00e9tait satisfaisant du fait des blessures r\u00e9p\u00e9titives.\u00abApr\u00e8s Dallas, j\u2019ai d\u00e9cid\u00e9 de retourner au Real Madrid alors que j\u2019avais des offres plus attractives sur le plan financier. Maintenant, je cherche une autre destination soit en Chine ou en Turquie. Toutes les destinations et les offres sont \u00e0 \u00e9tudier pour garder un niveau de jeu puissant\u00bb, a expliqu\u00e9 le joueur.<\/p>\n<p><\/p>\n<div class=\"heateor_sss_sharing_container heateor_sss_horizontal_sharing\" heateor-sss-data-href=\"https:\/\/sport.tunisienumerique.com\/coronavirus-salah-mejri-jai-passe-deux-semaines-difficiles\/\" heateor-sss-no-counts=\"1\">\n<div class=\"heateor_sss_sharing_title c3\">Cet article vous a \u00e9t\u00e9 utile? Partagez le, il int\u00e9ressera d\u2019autres personnes. Merci!<\/div>\n<ul class=\"heateor_sss_sharing_ul\">\n<li class=\"heateorSssSharingRound\"><em alt=\"Facebook\" title=\"Facebook\" class=\"heateorSssSharing heateorSssFacebookBackground c4\" onclick=\"heateorSssPopup(&quot;https:\/\/www.facebook.com\/sharer\/sharer.php?u=https%3A%2F%2Fsport.tunisienumerique.com%2Fcoronavirus-salah-mejri-jai-passe-deux-semaines-difficiles%2F&quot;)\">\u00a0<\/em><\/li>\n<li class=\"heateorSssSharingRound\"><em alt=\"Twitter\" title=\"Twitter\" class=\"heateorSssSharing heateorSssTwitterBackground c4\" onclick=\"heateorSssPopup(&quot;http:\/\/twitter.com\/intent\/tweet?text=Coronavirus%20-%20Salah%20Mejri%20%3A%20%22J%27ai%20pass%C3%A9%20deux%20semaines%20difficiles%22&amp;url=https%3A%2F%2Fsport.tunisienumerique.com%2Fcoronavirus-salah-mejri-jai-passe-deux-semaines-difficiles%2F&quot;)\">\u00a0<\/em><\/li>\n<li class=\"heateorSssSharingRound\"><em alt=\"Linkedin\" title=\"Linkedin\" class=\"heateorSssSharing heateorSssLinkedinBackground c4\" onclick=\"heateorSssPopup(&quot;http:\/\/www.linkedin.com\/shareArticle?mini=true&amp;url=https%3A%2F%2Fsport.tunisienumerique.com%2Fcoronavirus-salah-mejri-jai-passe-deux-semaines-difficiles%2F&amp;title=Coronavirus%20-%20Salah%20Mejri%20%3A%20%22J%27ai%20pass%C3%A9%20deux%20semaines%20difficiles%22&quot;)\">\u00a0<\/em><\/li>\n<li class=\"heateorSssSharingRound\"><em alt=\"Google Gmail\" title=\"Google Gmail\" class=\"heateorSssSharing heateorSssGoogleGmailBackground c4\" onclick=\"heateorSssPopup(&quot;https:\/\/mail.google.com\/mail\/?ui=2&amp;view=cm&amp;fs=1&amp;tf=1&amp;su=Coronavirus%20-%20Salah%20Mejri%20%3A%20%22J%27ai%20pass%C3%A9%20deux%20semaines%20difficiles%22&amp;body=Link:https%3A%2F%2Fsport.tunisienumerique.com%2Fcoronavirus-salah-mejri-jai-passe-deux-semaines-difficiles%2F&quot;)\">\u00a0<\/em><\/li>\n<li class=\"heateorSssSharingRound\"><em alt=\"Whatsapp\" title=\"Whatsapp\" class=\"heateorSssSharing heateorSssWhatsappBackground c4\"><a href=\"https:\/\/api.whatsapp.com\/send?text=Coronavirus%20-%20Salah%20Mejri%20%3A%20%22J%27ai%20pass%C3%A9%20deux%20semaines%20difficiles%22%20https%3A%2F%2Fsport.tunisienumerique.com%2Fcoronavirus-salah-mejri-jai-passe-deux-semaines-difficiles%2F\" rel=\"nofollow noopener noreferrer\" target=\"_blank\">\u00a0<\/a><\/em><\/li>\n<li class=\"heateorSssSharingRound\">\u00a0<\/li>\n<\/ul>\n<\/div>\n<div class=\"mvp-org-wrap mvp-org-logo\" itemprop=\"publisher\" itemscope=\"\" itemtype=\"https:\/\/schema.org\/Organization\"><img decoding=\"async\" src=\"https:\/\/sport.tunisienumerique.com\/wp-content\/uploads\/2017\/05\/logo_tunisie_numerique.png\"\/><\/div>\n<div class=\"mvp-related-posts left relative\">\n<h4 class=\"post-header\"><span class=\"post-header\">Lire aussi<\/span><\/h4>\n<\/div>\n<div id=\"article-ad\"><ins class=\"adsbygoogle c7\" data-ad-client=\"ca-pub-2102118777505746\" data-ad-slot=\"6513972734\" data-ad-format=\"auto\" data-full-width-responsive=\"true\"\/> <\/div>\n<\/div>\n<div id=\"post-sidebar-wrap\"><ins class=\"adsbygoogle c7\" data-ad-client=\"ca-pub-2102118777505746\" data-ad-slot=\"6513972734\" data-ad-format=\"auto\" data-full-width-responsive=\"true\"\/> <\/div>\n<p>Auteur:<br \/>\n<a href=\"https:\/\/sport.tunisienumerique.com\/coronavirus-salah-mejri-jai-passe-deux-semaines-difficiles\/\">Cliquez ici pour lire l&rsquo;article depuis sa source.<\/a><\/p>\n","protected":false},"excerpt":{"rendered":"<p>Cet article vous a \u00e9t\u00e9 utile? Partagez le, il int\u00e9ressera d\u2019autres personnes. Merci! \u00a0 \u00a0 \u00a0 \u00a0 \u00a0 \u00a0 La star tunisienne de basketball Salah Mejri est r\u00e9cemment revenue sur son exp\u00e9rience du coronavirus. \u00abJ\u2019ai pass\u00e9 deux semaines difficiles et je n\u2019ai m\u00eame pas trouv\u00e9 quoi manger. Apr\u00e8s la maladie, j\u2019ai \u00e9t\u00e9 forc\u00e9 d\u2019apprendre \u00e0 [&hellip;]<\/p>\n","protected":false},"author":1789,"featured_media":91189,"comment_status":"closed","ping_status":"closed","sticky":false,"template":"","format":"standard","meta":{"fifu_image_url":"","fifu_image_alt":"","footnotes":""},"categories":[73,55],"tags":[],"class_list":["post-91186","post","type-post","status-publish","format-standard","has-post-thumbnail","hentry","category-actualite","category-tunisie"],"_links":{"self":[{"href":"https:\/\/linitiative.ca\/International\/wp-json\/wp\/v2\/posts\/91186","targetHints":{"allow":["GET"]}}],"collection":[{"href":"https:\/\/linitiative.ca\/International\/wp-json\/wp\/v2\/posts"}],"about":[{"href":"https:\/\/linitiative.ca\/International\/wp-json\/wp\/v2\/types\/post"}],"author":[{"embeddable":true,"href":"https:\/\/linitiative.ca\/International\/wp-json\/wp\/v2\/users\/1789"}],"replies":[{"embeddable":true,"href":"https:\/\/linitiative.ca\/International\/wp-json\/wp\/v2\/comments?post=91186"}],"version-history":[{"count":0,"href":"https:\/\/linitiative.ca\/International\/wp-json\/wp\/v2\/posts\/91186\/revisions"}],"wp:featuredmedia":[{"embeddable":true,"href":"https:\/\/linitiative.ca\/International\/wp-json\/"}],"wp:attachment":[{"href":"https:\/\/linitiative.ca\/International\/wp-json\/wp\/v2\/media?parent=91186"}],"wp:term":[{"taxonomy":"category","embeddable":true,"href":"https:\/\/linitiative.ca\/International\/wp-json\/wp\/v2\/categories?post=91186"},{"taxonomy":"post_tag","embeddable":true,"href":"https:\/\/linitiative.ca\/International\/wp-json\/wp\/v2\/tags?post=91186"}],"curies":[{"name":"wp","href":"https:\/\/api.w.org\/{rel}","templated":true}]}}