{"id":91192,"date":"2020-07-05T06:11:46","date_gmt":"2020-07-05T10:11:46","guid":{"rendered":"https:\/\/linitiative.ca\/International\/tunisie-greve-le-15-juillet-des-medecins-dentistes-et-pharmaciens-des-hopitaux-universitaires\/"},"modified":"2020-07-05T06:11:46","modified_gmt":"2020-07-05T10:11:46","slug":"tunisie-greve-le-15-juillet-des-medecins-dentistes-et-pharmaciens-des-hopitaux-universitaires","status":"publish","type":"post","link":"https:\/\/linitiative.ca\/International\/tunisie-greve-le-15-juillet-des-medecins-dentistes-et-pharmaciens-des-hopitaux-universitaires\/","title":{"rendered":"Tunisie: Gr\u00e8ve le 15 juillet des m\u00e9decins, dentistes et pharmaciens des h\u00f4pitaux universitaires"},"content":{"rendered":"<div class=\"post-cont-in left relative\">\n<p>Tous les m\u00e9decins, dentistes et pharmaciens des h\u00f4pitaux universitaires entament une gr\u00e8ve g\u00e9n\u00e9rale sectorielle totale, le mercredi 15 juillet 2020.<\/p>\n<div class=\"code-block code-block-1 c3\"><ins class=\"adsbygoogle c2\" data-ad-layout=\"in-article\" data-ad-format=\"fluid\" data-ad-client=\"ca-pub-2102118777505746\" data-ad-slot=\"7301775417\"\/> <\/div>\n<p>La section de la fonction publique de l\u2019Union g\u00e9n\u00e9rale tunisienne du travail (<a href=\"https:\/\/www.tunisienumerique.com\/tunisie-actualite\/UGTT\/\" title=\"UGTT\" target=\"_top\" class=\"auto-link\" rel=\"noopener noreferrer\">UGTT<\/a>) a, dans un pr\u00e9avis de gr\u00e8ve, qui a \u00e9t\u00e9 publi\u00e9, dimanche 05 juillet 2020, pr\u00e9cis\u00e9 que la gr\u00e8ve comprendra les services de soins de sant\u00e9, sauf pour les cas urgents et l\u2019enseignement, sauf pour le parach\u00e8vement des examens.<\/p>\n<p>Les m\u00e9decins appellent au lancement d\u2019une r\u00e9forme globale du syst\u00e8me de sant\u00e9, \u00e0 une reconnaissance effective du r\u00f4le des hospitaliers universitaires dans l\u2019enseignement sup\u00e9rieur et \u00e0 une r\u00e9vision du syst\u00e8me de base.<\/p>\n<p>Ils appellent \u00e9galement \u00e0 s\u2019attaquer s\u00e9rieusement \u00e0 la r\u00e9ticence croissante des m\u00e9decins \u00e0 travailler dans les h\u00f4pitaux universitaires tunisiens et \u00e0 rejeter toute tentative de privatiser l\u2019enseignement m\u00e9dical, la dentisterie et la pharmacie.<\/p>\n<div class=\"swp_social_panel swp_horizontal_panel swp_flat_fresh swp_default_full_color swp_individual_full_color swp_other_full_color scale-100 scale-\" data-min-width=\"1100\" data-float-color=\"#ffffff\" data-float=\"bottom\" data-float-mobile=\"bottom\" data-transition=\"slide\">\n<div class=\"nc_tweetContainer swp_share_button total_shares total_sharesalt\"><span class=\"swp_count\">6 <span class=\"swp_label\">Partages<\/span><\/span><\/div>\n<\/div>\n<p><strong>Que se passe-t-il en Tunisie?<\/strong><br \/>Nous expliquons sur notre <a href=\"https:\/\/www.youtube.com\/channel\/UCRzypVq0B_yBad5eGrwBx0Q?sub_confirmation=1\" target=\"_blank\" rel=\"noopener noreferrer\">cha\u00eene YouTube<\/a> . <a href=\"https:\/\/www.youtube.com\/channel\/UCRzypVq0B_yBad5eGrwBx0Q?sub_confirmation=1\" target=\"_blank\" rel=\"noopener noreferrer\">Abonnez-vous!<\/a><\/p>\n<div class=\"mvp-org-wrap mvp-org-logo\" itemprop=\"publisher\" itemscope=\"\" itemtype=\"https:\/\/schema.org\/Organization\"><img decoding=\"async\" src=\"https:\/\/www.tunisienumerique.com\/wp-content\/uploads\/2017\/02\/logo_tunisie_numerique.png\"\/><\/div>\n<div class=\"mvp-related-posts left relative\">\n<h4 class=\"post-header\"><span class=\"post-header\">Lire aussi<\/span><\/h4>\n<\/div>\n<div id=\"article-ad\"><ins class=\"adsbygoogle c4\" data-ad-client=\"ca-pub-2102118777505746\" data-ad-slot=\"6513972734\" data-ad-format=\"auto\" data-full-width-responsive=\"true\"\/> <\/div>\n<\/div>\n<div id=\"post-sidebar-wrap\"><ins class=\"adsbygoogle c4\" data-ad-client=\"ca-pub-2102118777505746\" data-ad-slot=\"6168283410\" data-ad-format=\"auto\" data-full-width-responsive=\"true\"\/> <\/div>\n<p>Auteur: Mourad S<br \/>\n<a href=\"https:\/\/www.tunisienumerique.com\/tunisie-greve-le-15-juillet-des-medecins-dentistes-et-pharmaciens-des-hopitaux-universitaires\/\">Cliquez ici pour lire l&rsquo;article depuis sa source.<\/a><\/p>\n","protected":false},"excerpt":{"rendered":"<p>Tous les m\u00e9decins, dentistes et pharmaciens des h\u00f4pitaux universitaires entament une gr\u00e8ve g\u00e9n\u00e9rale sectorielle totale, le mercredi 15 juillet 2020. La section de la fonction publique de l\u2019Union g\u00e9n\u00e9rale tunisienne du travail (UGTT) a, dans un pr\u00e9avis de gr\u00e8ve, qui a \u00e9t\u00e9 publi\u00e9, dimanche 05 juillet 2020, pr\u00e9cis\u00e9 que la gr\u00e8ve comprendra les services de [&hellip;]<\/p>\n","protected":false},"author":1789,"featured_media":91198,"comment_status":"closed","ping_status":"closed","sticky":false,"template":"","format":"standard","meta":{"fifu_image_url":"","fifu_image_alt":"","footnotes":""},"categories":[73,55],"tags":[],"class_list":["post-91192","post","type-post","status-publish","format-standard","has-post-thumbnail","hentry","category-actualite","category-tunisie"],"_links":{"self":[{"href":"https:\/\/linitiative.ca\/International\/wp-json\/wp\/v2\/posts\/91192","targetHints":{"allow":["GET"]}}],"collection":[{"href":"https:\/\/linitiative.ca\/International\/wp-json\/wp\/v2\/posts"}],"about":[{"href":"https:\/\/linitiative.ca\/International\/wp-json\/wp\/v2\/types\/post"}],"author":[{"embeddable":true,"href":"https:\/\/linitiative.ca\/International\/wp-json\/wp\/v2\/users\/1789"}],"replies":[{"embeddable":true,"href":"https:\/\/linitiative.ca\/International\/wp-json\/wp\/v2\/comments?post=91192"}],"version-history":[{"count":0,"href":"https:\/\/linitiative.ca\/International\/wp-json\/wp\/v2\/posts\/91192\/revisions"}],"wp:featuredmedia":[{"embeddable":true,"href":"https:\/\/linitiative.ca\/International\/wp-json\/"}],"wp:attachment":[{"href":"https:\/\/linitiative.ca\/International\/wp-json\/wp\/v2\/media?parent=91192"}],"wp:term":[{"taxonomy":"category","embeddable":true,"href":"https:\/\/linitiative.ca\/International\/wp-json\/wp\/v2\/categories?post=91192"},{"taxonomy":"post_tag","embeddable":true,"href":"https:\/\/linitiative.ca\/International\/wp-json\/wp\/v2\/tags?post=91192"}],"curies":[{"name":"wp","href":"https:\/\/api.w.org\/{rel}","templated":true}]}}