{"id":91193,"date":"2020-07-05T06:38:22","date_gmt":"2020-07-05T10:38:22","guid":{"rendered":"https:\/\/linitiative.ca\/International\/jemaa-el-fna-en-live-hommage-posthume-a-cherkaoui-moul-hmam\/"},"modified":"2020-07-05T06:38:22","modified_gmt":"2020-07-05T10:38:22","slug":"jemaa-el-fna-en-live-hommage-posthume-a-cherkaoui-moul-hmam","status":"publish","type":"post","link":"https:\/\/linitiative.ca\/International\/jemaa-el-fna-en-live-hommage-posthume-a-cherkaoui-moul-hmam\/","title":{"rendered":"Jema\u00e2 El Fna en live: Hommage posthume \u00e0 \u00ab\u00a0Cherkaoui moul Hmam\u00a0\u00bb"},"content":{"rendered":"<div class=\"single-featured\"><img alt=\"\" data-src=\"http:\/\/www.mapmarrakech.ma\/map\/uploads\/2020\/07\/hommage-moul-hmam-copier.jpg\"\/><\/div>\n<div class=\"single-post-excerpt post-excerpt-bc\" readability=\"42\">\n<p>Marrakech \u2013 Un hommage posthume a \u00e9t\u00e9 rendu, samedi, \u00e0 \u00ab\u00a0Cherkaoui moul Hmam\u00a0\u00bb, un conteur pionnier de la mythique place de Jema\u00e2 Fna et ce, lors d\u2019une manifestation artistique et culturelle \u00e0 distance, baptis\u00e9e \u00ab\u00a0Jema\u00e2 El Fna en live\u00a0\u00bb, avec au menu des spectacles performatifs, \u00ab\u00a0Halkas\u00a0\u00bb et \u00ab\u00a0talk\u00a0\u00bb.<\/p>\n<\/div>\n<div class=\"entry-content clearfix single-post-content\" readability=\"69\">\n<p>A cette occasion, une palette de chercheurs, d\u2019historiens et d\u2019artistes ont livr\u00e9 des t\u00e9moignages, le temps de mettre en exergue les qualit\u00e9s humaines et professionnelles de cette ic\u00f4ne de la halka \u00e0 Marrakech et au Maroc.<\/p>\n<p>Feu \u00ab\u00a0Cherkaoui moul hmam\u00a0\u00bb ma\u00eetrisait parfaitement l\u2019art d\u2019attirer et de fid\u00e9liser le public en variant les spectacles et les contes de mani\u00e8re permanente Il r\u00e9ussissait \u00e0 capter l\u2019attention du public subjugu\u00e9e par ses propos prosodiques et po\u00e9tiques pleins de le\u00e7ons.<\/p>\n<p>L\u2019artiste, r\u00e9alisateur et dramaturge, Feu Tayeb Saddiki qui \u00e9tait l\u2019un des passionn\u00e9s de ce conteur, lui avait rendu un hommage de son vivant dans sa pi\u00e8ce de th\u00e9\u00e2tre \u00ab\u00a0Al Fil Oua Saraouil\u00a0\u00bb (\u00e9l\u00e9phant et pantalons).<\/p>\n<p>A travers ces diff\u00e9rents t\u00e9moignages, les participants ont fait savoir que les d\u00e9placements incessants de ce grand artiste \u00e0 travers le Royaume lui avaient permis de prendre connaissance des diverses habitudes et ainsi que de la culture des diff\u00e9rentes composantes de la soci\u00e9t\u00e9 marocaine.<\/p>\n<p>Dans le m\u00eame sillage, ils ont fait remarquer que la formation artistique de cet artiste populaire, la doit \u00e0 ses voyages et p\u00e9riples dans les quatre coins du Maroc et ses rencontres avec les diff\u00e9rents conteurs du Royaume.<\/p>\n<p>Organis\u00e9e par \u00ab\u00a0le Forum Marrakech Demain\u00a0\u00bb, cette manifestation a connu la participation d\u2019un ar\u00e9opage de conteurs, d\u2019artistes contemporains et de chercheurs dans le patrimoine immat\u00e9riel.<\/p>\n<p>Cet \u00e9v\u00e9nement artistique a \u00e9t\u00e9 con\u00e7u par 27 artistes de fa\u00e7on solidaire, en plus de 24 artistes conteurs qui y participent \u00e0 travers les \u0153uvres du r\u00e9alisateur allemand Thomas Landenberger.<\/p>\n<\/div>\n<p>Auteur: Meriem IGASS<br \/>\n<a href=\"http:\/\/www.mapmarrakech.ma\/fr\/jemaa-el-fna-en-live-hommage-posthume-a-cherkaoui-moul-hmam\/\">Cliquez ici pour lire l&rsquo;article depuis sa source.<\/a><\/p>\n","protected":false},"excerpt":{"rendered":"<p>Marrakech \u2013 Un hommage posthume a \u00e9t\u00e9 rendu, samedi, \u00e0 \u00ab\u00a0Cherkaoui moul Hmam\u00a0\u00bb, un conteur pionnier de la mythique place de Jema\u00e2 Fna et ce, lors d\u2019une manifestation artistique et culturelle \u00e0 distance, baptis\u00e9e \u00ab\u00a0Jema\u00e2 El Fna en live\u00a0\u00bb, avec au menu des spectacles performatifs, \u00ab\u00a0Halkas\u00a0\u00bb et \u00ab\u00a0talk\u00a0\u00bb. A cette occasion, une palette de chercheurs, [&hellip;]<\/p>\n","protected":false},"author":1788,"featured_media":91197,"comment_status":"closed","ping_status":"closed","sticky":false,"template":"","format":"standard","meta":{"fifu_image_url":"","fifu_image_alt":"","footnotes":""},"categories":[54,76],"tags":[],"class_list":["post-91193","post","type-post","status-publish","format-standard","has-post-thumbnail","hentry","category-maroc","category-regions"],"_links":{"self":[{"href":"https:\/\/linitiative.ca\/International\/wp-json\/wp\/v2\/posts\/91193","targetHints":{"allow":["GET"]}}],"collection":[{"href":"https:\/\/linitiative.ca\/International\/wp-json\/wp\/v2\/posts"}],"about":[{"href":"https:\/\/linitiative.ca\/International\/wp-json\/wp\/v2\/types\/post"}],"author":[{"embeddable":true,"href":"https:\/\/linitiative.ca\/International\/wp-json\/wp\/v2\/users\/1788"}],"replies":[{"embeddable":true,"href":"https:\/\/linitiative.ca\/International\/wp-json\/wp\/v2\/comments?post=91193"}],"version-history":[{"count":0,"href":"https:\/\/linitiative.ca\/International\/wp-json\/wp\/v2\/posts\/91193\/revisions"}],"wp:featuredmedia":[{"embeddable":true,"href":"https:\/\/linitiative.ca\/International\/wp-json\/"}],"wp:attachment":[{"href":"https:\/\/linitiative.ca\/International\/wp-json\/wp\/v2\/media?parent=91193"}],"wp:term":[{"taxonomy":"category","embeddable":true,"href":"https:\/\/linitiative.ca\/International\/wp-json\/wp\/v2\/categories?post=91193"},{"taxonomy":"post_tag","embeddable":true,"href":"https:\/\/linitiative.ca\/International\/wp-json\/wp\/v2\/tags?post=91193"}],"curies":[{"name":"wp","href":"https:\/\/api.w.org\/{rel}","templated":true}]}}