{"id":91194,"date":"2020-07-05T06:11:33","date_gmt":"2020-07-05T10:11:33","guid":{"rendered":"https:\/\/linitiative.ca\/International\/comment-royal-air-maroc-se-prepare-a-lausterite\/"},"modified":"2020-07-05T06:11:33","modified_gmt":"2020-07-05T10:11:33","slug":"comment-royal-air-maroc-se-prepare-a-lausterite","status":"publish","type":"post","link":"https:\/\/linitiative.ca\/International\/comment-royal-air-maroc-se-prepare-a-lausterite\/","title":{"rendered":"Comment Royal Air Maroc se pr\u00e9pare \u00e0 l\u2019aust\u00e9rit\u00e9"},"content":{"rendered":"<p><strong>La compagnie a\u00e9rienne nationale, Royal Air Maroc (RAM), qui perd 50 millions de DH par jour, doit mettre en branle une cure d\u2019aust\u00e9rit\u00e9 pour pouvoir b\u00e9n\u00e9ficier d\u2019un plan d\u2019aide du gouvernement qui sera d\u00e9voil\u00e9 lors de la Loi de Finances rectificative 2020.<\/strong><\/p>\n<div class=\"c10\"\/>\n<p><a href=\"https:\/\/www.royalairmaroc.com\/ma-fr\">Royal Air Maroc<\/a> serre les cordons de la bourse. Une semaine apr\u00e8s la reprise de ses vols domestiques et dans l\u2019attente d\u2019un retour \u00e0 l\u2019international, la compagnie a\u00e9rienne nationale devrait d\u00e9voiler au courant de la semaine prochaine son projet de plan social. Pr\u00e9vu initialement jeudi dernier pour \u00eatre pr\u00e9sent\u00e9 en comit\u00e9 d\u2019entreprise, celui-ci a \u00e9t\u00e9 finalement report\u00e9 \u00e0 la demande des repr\u00e9sentants du bureau syndical de la F\u00e9d\u00e9ration nationale du transport a\u00e9rien (FNTA), affili\u00e9 \u00e0 l\u2019UMT et des d\u00e9l\u00e9gu\u00e9s du personnel. Transform\u00e9e finalement en rencontre plus conviviale en attendant la tenue du comit\u00e9 d\u2019entreprise, la r\u00e9union a permis, malgr\u00e9 tout, au Top management de la compagnie a\u00e9rienne nationale \u00e0 faire partager une vision maussade des mois \u00e0 venir, qui va se traduire par un renforcement des mesures d\u2019\u00e9conomies probablement officialis\u00e9es donc la semaine prochaine \u00e0 l\u2019issue du comit\u00e9 d\u2019entreprise de RAM.\u00a0<\/p>\n<p>Pourtant, d\u00e8s mai dernier, le PDG de la compagnie, Abdelhamid Addou, avait, dans une lettre adress\u00e9e \u00e0 l\u2019ensemble du personnel, averti que Royal Air Maroc traverse \u00ab la pire crise \u00bb de son histoire. Pour Abdelhamid Addou, l\u2019impact de cette crise sera \u00ab longue et douloureuse \u00bb.<\/p>\n<p>Lire aussi|<a href=\"https:\/\/www.challenge.ma\/coronavirus-310-nouveaux-cas-et-9-410-guerisons-au-total-dimanche-5-juillet-a-10-h-147356\/\">Coronavirus : 310 nouveaux cas et 9.410 gu\u00e9risons au total, dimanche 5 juillet \u00e0 10 H<\/a><\/p>\n<p>Pour retrouver un rythme normal, il estime que la compagnie a\u00e9rienne nationale aura besoin d\u2019une reprise \u00e9tal\u00e9e sur une p\u00e9riode minimale de 36 mois. \u00ab Cette reprise n\u00e9cessitera un plan clair, bas\u00e9 sur les pr\u00e9visions publi\u00e9es par l\u2019IATA ainsi que les cabinets de conseils mondiaux. \u00bb. Il faut dire sur ce plan, le \u00ab pire est encore \u00e0 venir \u00bb pour le transport a\u00e9rien mondial, selon l\u2019IATA (Association internationale du Transport a\u00e9rien). Cette derni\u00e8re pr\u00e9voit une perte de pr\u00e8s de 5 millions de passagers pour le Maroc durant cette ann\u00e9e (voir tableau).<\/p>\n<p><img decoding=\"async\" src=\"https:\/\/www.challenge.ma\/wp-content\/uploads\/2020\/07\/SmartSelect_20200705-125220_Word-1024x840.jpg\" alt=\"\" class=\"wp-image-147427\" srcset=\"https:\/\/www.challenge.ma\/wp-content\/uploads\/2020\/07\/SmartSelect_20200705-125220_Word-1024x840.jpg 1024w, https:\/\/www.challenge.ma\/wp-content\/uploads\/2020\/07\/SmartSelect_20200705-125220_Word-300x246.jpg 300w, https:\/\/www.challenge.ma\/wp-content\/uploads\/2020\/07\/SmartSelect_20200705-125220_Word-768x630.jpg 768w, https:\/\/www.challenge.ma\/wp-content\/uploads\/2020\/07\/SmartSelect_20200705-125220_Word-360x295.jpg 360w, https:\/\/www.challenge.ma\/wp-content\/uploads\/2020\/07\/SmartSelect_20200705-125220_Word-750x615.jpg 750w, https:\/\/www.challenge.ma\/wp-content\/uploads\/2020\/07\/SmartSelect_20200705-125220_Word.jpg 1420w\" sizes=\"(max-width: 1024px) 100vw, 1024px\"\/><\/p>\n<p>\u00ab Nous travaillons \u00e9troitement avec plusieurs membres du gouvernement, afin de pr\u00e9parer une \u00e9bauche de plan de reprise \u00e0 m\u00eame de garantir la p\u00e9rennit\u00e9 de notre entreprise \u00e0 long terme \u00bb, avait-il d\u00e9clar\u00e9. \u00ab Nous chercherons \u00e0 pr\u00e9server au maximum l\u2019emploi tout en garantissant la p\u00e9rennit\u00e9 financi\u00e8re de la compagnie. \u00bb<\/p>\n<p>Licenciements massifs, suppressions de lignes internationales et d\u2019escales, cession d\u2019avions\u2026 Royal Air Maroc n\u2019a pas le choix. Elle doit mettre en branle une cure d\u2019aust\u00e9rit\u00e9 pour pouvoir b\u00e9n\u00e9ficier d\u2019un plan d\u2019aide du gouvernement qui sera d\u00e9voil\u00e9 lors de la Loi de Finances rectificative 2020. Selon une source proche de la tutelle de la compagnie a\u00e9rienne nationale, cette feuille de route sera \u00ab conditionn\u00e9e \u00e0 des r\u00e9ductions de d\u00e9penses \u00bb.<\/p>\n<p>Pour ce faire, RAM va geler son plan d\u2019embauches pour l\u2019ann\u00e9e prochaine comme le lui a exig\u00e9 le minist\u00e8re du Tourisme, de l\u2019artisanat, du transport a\u00e9rien et de l\u2019\u00e9conomie sociale aupr\u00e8s des administrateurs, afin \u00ab de pr\u00e9server les liquidit\u00e9s et de prot\u00e9ger l\u2019\u00e9conomie des retomb\u00e9es de la pand\u00e9mie \u00bb. En attendant, elle envisage plusieurs sc\u00e9narios. Ainsi, le plan d\u2019aust\u00e9rit\u00e9 de la compagnie assortie de plusieurs mesures, pr\u00e9voit la suppression de 858 emplois. Ce licenciement massif vise tous les segments, notamment le Personnel Navigant Technique (PNC, pr\u00e8s 180 pilotes concern\u00e9s), un peu moins du tiers du Personnel Navigant Commercial (h\u00f4tesses et stewards), et 13 % du personnel au sol. A cela s\u2019ajoutent les suppressions de postes aupr\u00e8s des filiales de la compagnie comme par exemple RAM Handling.<\/p>\n<p>Lire aussi|<a href=\"https:\/\/www.challenge.ma\/ram-augmentation-graduelle-des-frequences-et-des-destinations-domestiques-145770\/\">RAM: augmentation graduelle des fr\u00e9quences et des destinations domestiques<\/a><\/p>\n<p>Autre piste envisag\u00e9e par RAM, un plan de d\u00e9part volontaire en faveur du personnel \u00e2g\u00e9 de plus de 57 ans, avec 15 ans d\u2019anciennet\u00e9. Celle-ci reste toutefois soumise \u00e0 l\u2019obtention l\u2019approbation de la tutelle de la compagnie. Parall\u00e8lement, RAM pr\u00e9voit de fermer certaines repr\u00e9sentations et de diminuer sa flotte compos\u00e9e actuellement de 59 appareils dont 37 B737, 9 B787, deux B737 Max, 1 B767 Cargo, 4 Embraer 190 et 6 ATR 72-212A.\u00a0 Ainsi, la compagnie entend c\u00e9der ou louer une vingtaine de ces appareils : 12 B737, 4 B787 et les 4 Embraer. Objectif : entamer le redressement de ses finances qui, ayant subi de plein fouet la crise du nouveau coronavirus, pourraient avoir besoin d\u2019une garantie souveraine de pr\u00eat.<\/p>\n<p>Mais au-del\u00e0 de ces mesures d\u2019aust\u00e9rit\u00e9, la compagnie a\u00e9rienne devra aussi modifier sa strat\u00e9gie. Et celle-ci verra RAM tailler \u00e9galement sur ses lignes dont la rentabilit\u00e9 n\u2019est pas assur\u00e9e. C\u2019est le cas, entre autres, des dessertes concernant Ath\u00e8nes, Vienne, Boston, Miami, S\u00e3o Paulo, Rio de Janeiro, Stockholm, Copenhague, Beyrouth, Amman, N\u2019Djam\u00e9na ou encore Luanda.\u00a0\u00a0<\/p>\n<p>\u00a0<strong>Impact du Coronavirus dans un certain nombre de pays africains en termes de revenus, de passagers, d\u2019emplois et de contribution au PIB<\/strong>\u00a0<\/p>\n<table class=\"wp-block-table\">\n<tbody>\n<tr>\n<td><strong>Pays concern\u00e9s<\/strong><\/td>\n<td><strong>\u00a0 Pertes de passagers<\/strong><\/td>\n<td><strong>Manque \u00e0 gagner en 2020<\/strong><\/td>\n<td><strong>Perte d\u2019emplois<\/strong><\/td>\n<\/tr>\n<tr>\n<td>Egypte<\/td>\n<td>6,3 millions<\/td>\n<td>1 milliard de dollars<\/td>\n<td>138 000<\/td>\n<\/tr>\n<tr>\n<td>Afrique du Sud<\/td>\n<td>6 millions<\/td>\n<td>1,2 milliard de dollars<\/td>\n<td>102 000<\/td>\n<\/tr>\n<tr>\n<td>Maroc<\/td>\n<td>4,9 millions<\/td>\n<td>728 millions de dollars<\/td>\n<td>225 000<\/td>\n<\/tr>\n<tr>\n<td>Nigeria<\/td>\n<td>2,2 millions<\/td>\n<td>434 millions de dollars<\/td>\n<td>22 200<\/td>\n<\/tr>\n<tr>\n<td>Tunisie<\/td>\n<td>2,2 millions<\/td>\n<td>297 millions de dollars<\/td>\n<td>\u2013<\/td>\n<\/tr>\n<tr>\n<td>Maurice<\/td>\n<td>2,1 millions<\/td>\n<td>540 millions de dollars<\/td>\n<td>73 700<\/td>\n<\/tr>\n<tr>\n<td>Kenya<\/td>\n<td>1,6 million<\/td>\n<td>320 millions de dollars<\/td>\n<td>36 800<\/td>\n<\/tr>\n<tr>\n<td>Tanzanie<\/td>\n<td>1,5 million<\/td>\n<td>310 millions de dollars<\/td>\n<td>336 200<\/td>\n<\/tr>\n<tr>\n<td>Ghana<\/td>\n<td>1,4 million<\/td>\n<td>380 millions de dollars<\/td>\n<td>284 300<\/td>\n<\/tr>\n<tr>\n<td>S\u00e9n\u00e9gal<\/td>\n<td>1,3 million<\/td>\n<td>330 millions de dollars<\/td>\n<td>156 200<\/td>\n<\/tr>\n<tr>\n<td>Ethiopie<\/td>\n<td>1,2 million<\/td>\n<td>202 millions de dollars<\/td>\n<td>98 400<\/td>\n<\/tr>\n<tr>\n<td>Cap Vert<\/td>\n<td>1,2 million<\/td>\n<td>200 millions de dollars<\/td>\n<td>46 700<\/td>\n<\/tr>\n<tr>\n<td>Mozambique<\/td>\n<td>700 000<\/td>\n<td>130 millions de dollars<\/td>\n<td>126 400<\/td>\n<\/tr>\n<tr>\n<td>Rwanda<\/td>\n<td>201 000<\/td>\n<td>52 millions de dollars<\/td>\n<td>3 000<\/td>\n<\/tr>\n<\/tbody>\n<\/table>\n<p>Source\u00a0: IATA<\/p>\n<div class=\"vw-sticky-sidebar-wrapper vw-sticky-sidebar widget_text awac-wrapper widget_text awac widget custom_html-4 textwidget custom-html-widget\">\n<p class=\"has-background c12\"><span class=\"widget-title c11\">Tribune et D\u00e9bats<\/span><\/p>\n<p>La tribune qui vous parle d\u2019une actu, d\u2019un sujet qui fait d\u00e9bat, les traitent et les analysent. \u00c9conomistes et autres experts, patrons d\u2019entreprises, d\u00e9cideurs, acteurs de la soci\u00e9t\u00e9 civile, s\u2019y prononcent et contribuent \u00e0 sa grande richesse. Vous avez votre opinion, convergente ou diff\u00e9rente. Exprimez-la et mesurez-vous ainsi \u00e0 nos tribuns et d\u00e9batteurs.<\/p>\n<p>Envoyez vos analyses \u00e0 : <a href=\"\/cdn-cgi\/l\/email-protection#6a0905041e0b091e2a09020b06060f040d0f44070b\"><span class=\"__cf_email__\" data-cfemail=\"14777b7a6075776054777c757878717a73713a7975\">[email\u00a0protected]<\/span><\/a>, en pr\u00e9cisant votre nom, votre pr\u00e9nom et votre m\u00e9tier.<\/p>\n<\/div>\n<p>Auteur: Adama Sylla<br \/>\n<a href=\"https:\/\/www.challenge.ma\/comment-royal-air-maroc-se-prepare-a-lausterite-147416\/\">Cliquez ici pour lire l&rsquo;article depuis sa source.<\/a><\/p>\n","protected":false},"excerpt":{"rendered":"<p>La compagnie a\u00e9rienne nationale, Royal Air Maroc (RAM), qui perd 50 millions de DH par jour, doit mettre en branle une cure d\u2019aust\u00e9rit\u00e9 pour pouvoir b\u00e9n\u00e9ficier d\u2019un plan d\u2019aide du gouvernement qui sera d\u00e9voil\u00e9 lors de la Loi de Finances rectificative 2020. Royal Air Maroc serre les cordons de la bourse. Une semaine apr\u00e8s la [&hellip;]<\/p>\n","protected":false},"author":1787,"featured_media":91196,"comment_status":"closed","ping_status":"closed","sticky":false,"template":"","format":"standard","meta":{"fifu_image_url":"","fifu_image_alt":"","footnotes":""},"categories":[78,54],"tags":[],"class_list":["post-91194","post","type-post","status-publish","format-standard","has-post-thumbnail","hentry","category-economie","category-maroc"],"_links":{"self":[{"href":"https:\/\/linitiative.ca\/International\/wp-json\/wp\/v2\/posts\/91194","targetHints":{"allow":["GET"]}}],"collection":[{"href":"https:\/\/linitiative.ca\/International\/wp-json\/wp\/v2\/posts"}],"about":[{"href":"https:\/\/linitiative.ca\/International\/wp-json\/wp\/v2\/types\/post"}],"author":[{"embeddable":true,"href":"https:\/\/linitiative.ca\/International\/wp-json\/wp\/v2\/users\/1787"}],"replies":[{"embeddable":true,"href":"https:\/\/linitiative.ca\/International\/wp-json\/wp\/v2\/comments?post=91194"}],"version-history":[{"count":0,"href":"https:\/\/linitiative.ca\/International\/wp-json\/wp\/v2\/posts\/91194\/revisions"}],"wp:featuredmedia":[{"embeddable":true,"href":"https:\/\/linitiative.ca\/International\/wp-json\/"}],"wp:attachment":[{"href":"https:\/\/linitiative.ca\/International\/wp-json\/wp\/v2\/media?parent=91194"}],"wp:term":[{"taxonomy":"category","embeddable":true,"href":"https:\/\/linitiative.ca\/International\/wp-json\/wp\/v2\/categories?post=91194"},{"taxonomy":"post_tag","embeddable":true,"href":"https:\/\/linitiative.ca\/International\/wp-json\/wp\/v2\/tags?post=91194"}],"curies":[{"name":"wp","href":"https:\/\/api.w.org\/{rel}","templated":true}]}}