{"id":91195,"date":"2020-07-05T07:18:09","date_gmt":"2020-07-05T11:18:09","guid":{"rendered":"https:\/\/linitiative.ca\/International\/covid-19-bollore-logistics-prolonge-son-pont-aerien-en-afrique\/"},"modified":"2020-07-05T07:18:09","modified_gmt":"2020-07-05T11:18:09","slug":"covid-19-bollore-logistics-prolonge-son-pont-aerien-en-afrique","status":"publish","type":"post","link":"https:\/\/linitiative.ca\/International\/covid-19-bollore-logistics-prolonge-son-pont-aerien-en-afrique\/","title":{"rendered":"Covid-19: Bollor\u00e9 Logistics prolonge son pont a\u00e9rien en Afrique"},"content":{"rendered":"<div readability=\"32\">\n<p>Publi\u00e9 le 05.07.2020 \u00e0 12h18 par APA News<\/p>\n<\/div>\n<div readability=\"89\">\n<p>Pour assurer la continuit\u00e9 des approvisionnements dans le contexte de la Covid-19, Bollor\u00e9 Logistics prolonge jusqu\u2019au 31 juillet 2020, son service sp\u00e9cial de fret cargo hebdomadaire entre l\u2019Europe et l\u2019Afrique de l\u2019Ouest, rapporte un communiqu\u00e9 re\u00e7u dimanche \u00e0 APA.\u00ab Afin de r\u00e9pondre \u00e0 la demande de transport a\u00e9rien et continuer \u00e0 garantir la continuit\u00e9 des approvisionnements vers le continent africain, Bollor\u00e9 Logistics propose depuis trois mois, des liaisons r\u00e9guli\u00e8res hebdomadaires depuis l\u2019Europe vers les pays d\u2019Afrique de l\u2019Ouest \u00bb, explique notre source.<\/p>\n<p>Elle souligne que deux \u00e0 trois vols tout cargo assurent chaque semaine le transport de fret au d\u00e9part des hubs a\u00e9roportuaires de Bollor\u00e9 Logistics \u00e0 Li\u00e8ge (Belgique) ou Roissy Charles-de Gaulle (France). Ils desservent les destinations d\u2019Abidjan (C\u00f4te d\u2019Ivoire), Bamako (Mali), Accra (Ghana), Freetown (Sierra Leone), Ouagadougou (Burkina Faso), Conakry (Guin\u00e9e), Niamey (Niger), Monrovia (Lib\u00e9ria) et Nouakchott (Mauritanie).<\/p>\n<p>\u00ab Ce service WARA AIR SERVICE entre l\u2019Europe et l\u2019Afrique est compl\u00e8tement connect\u00e9 au r\u00e9seau mondial de Bollor\u00e9 Logistics et aliment\u00e9 par des programmes similaires de charters depuis l\u2019Asie et l\u2019Am\u00e9rique du Nord offrant ainsi des solutions int\u00e9gr\u00e9es de bout en bout \u00bb, poursuit le communiqu\u00e9.<\/p>\n<p>Depuis le d\u00e9but des restrictions de transport, une trentaine de vols ont d\u00e9j\u00e0 permis l\u2019acheminement fiable et s\u00e9curis\u00e9 de 1 800 tonnes de marchandises destin\u00e9es \u00e0 l\u2019aide humanitaire, de mat\u00e9riels et \u00e9quipements sanitaires, produits m\u00e9dicaux et alimentaires, pi\u00e8ces d\u00e9tach\u00e9es, mat\u00e9riel t\u00e9l\u00e9com et autres biens de consommation courante. Plus de 100 tonnes de mangues ont aussi \u00e9t\u00e9 export\u00e9es au d\u00e9part de l\u2019Afrique pour l\u2019Europe.<\/p>\n<p>Ce service d\u00e9di\u00e9 WARA AIR SERVICE de Bollor\u00e9 Logistics est maintenu jusqu\u2019au 31 juillet 2020, et pourrait \u00eatre amen\u00e9 \u00e0 se prolonger davantage si les conditions de restriction des capacit\u00e9s en fret a\u00e9rien venaient \u00e0 perdurer. Bollor\u00e9 Logistics suit en effet l\u2019\u00e9volution de la situation pand\u00e9mique \u00e0 travers le monde notamment en Afrique.<\/p>\n<p>L\u2019entreprise a mis en place une organisation permettant la poursuite des op\u00e9rations logistiques afin d\u2019assurer la continuit\u00e9 des chaines d\u2019approvisionnement. Une cellule de crise a ainsi \u00e9t\u00e9 constitu\u00e9e autour d\u2019experts avec l\u2019objectif de superviser un plan d\u2019urgence et de proposer des solutions \u00e9volutives tenant compte des directives \u00e9mises par les autorit\u00e9s locales.<\/p>\n<p>\u00ab Dans les 48 pays d\u2019Afrique o\u00f9 nous exer\u00e7ons nos activit\u00e9s, Bollor\u00e9 Logistics propose des plans de transport alternatifs adapt\u00e9s aux besoins de nos clients. Nous nous appuyons sur notre r\u00e9seau de logistique int\u00e9gr\u00e9e unique pour assurer l\u2019acheminement de bout en bout de tout type de marchandises jusque dans les zones les plus isol\u00e9es \u00bb, a pr\u00e9cis\u00e9 J\u00e9r\u00f4me Petit, CEO Afrique de Bollor\u00e9 Logistics, cit\u00e9 par le communiqu\u00e9.<\/p>\n<\/div>\n<p>Auteur: APA News<br \/>\n<a href=\"https:\/\/www.journalducameroun.com\/covid-19-bollore-logistics-prolonge-son-pont-aerien-en-afrique\/\">Cliquez ici pour lire l&rsquo;article depuis sa source.<\/a><\/p>\n","protected":false},"excerpt":{"rendered":"<p>Publi\u00e9 le 05.07.2020 \u00e0 12h18 par APA News Pour assurer la continuit\u00e9 des approvisionnements dans le contexte de la Covid-19, Bollor\u00e9 Logistics prolonge jusqu\u2019au 31 juillet 2020, son service sp\u00e9cial de fret cargo hebdomadaire entre l\u2019Europe et l\u2019Afrique de l\u2019Ouest, rapporte un communiqu\u00e9 re\u00e7u dimanche \u00e0 APA.\u00ab Afin de r\u00e9pondre \u00e0 la demande de transport [&hellip;]<\/p>\n","protected":false},"author":1965,"featured_media":0,"comment_status":"closed","ping_status":"closed","sticky":false,"template":"","format":"standard","meta":{"fifu_image_url":"","fifu_image_alt":"","footnotes":""},"categories":[73,82],"tags":[],"class_list":["post-91195","post","type-post","status-publish","format-standard","hentry","category-actualite","category-cameroun"],"_links":{"self":[{"href":"https:\/\/linitiative.ca\/International\/wp-json\/wp\/v2\/posts\/91195","targetHints":{"allow":["GET"]}}],"collection":[{"href":"https:\/\/linitiative.ca\/International\/wp-json\/wp\/v2\/posts"}],"about":[{"href":"https:\/\/linitiative.ca\/International\/wp-json\/wp\/v2\/types\/post"}],"author":[{"embeddable":true,"href":"https:\/\/linitiative.ca\/International\/wp-json\/wp\/v2\/users\/1965"}],"replies":[{"embeddable":true,"href":"https:\/\/linitiative.ca\/International\/wp-json\/wp\/v2\/comments?post=91195"}],"version-history":[{"count":0,"href":"https:\/\/linitiative.ca\/International\/wp-json\/wp\/v2\/posts\/91195\/revisions"}],"wp:attachment":[{"href":"https:\/\/linitiative.ca\/International\/wp-json\/wp\/v2\/media?parent=91195"}],"wp:term":[{"taxonomy":"category","embeddable":true,"href":"https:\/\/linitiative.ca\/International\/wp-json\/wp\/v2\/categories?post=91195"},{"taxonomy":"post_tag","embeddable":true,"href":"https:\/\/linitiative.ca\/International\/wp-json\/wp\/v2\/tags?post=91195"}],"curies":[{"name":"wp","href":"https:\/\/api.w.org\/{rel}","templated":true}]}}