{"id":91199,"date":"2020-07-05T07:06:38","date_gmt":"2020-07-05T11:06:38","guid":{"rendered":"https:\/\/linitiative.ca\/International\/jemaa-el-fna-en-live-des-spectacles-virtuels-offerts-au-public\/"},"modified":"2020-07-05T07:06:38","modified_gmt":"2020-07-05T11:06:38","slug":"jemaa-el-fna-en-live-des-spectacles-virtuels-offerts-au-public","status":"publish","type":"post","link":"https:\/\/linitiative.ca\/International\/jemaa-el-fna-en-live-des-spectacles-virtuels-offerts-au-public\/","title":{"rendered":"Jem\u00e2a El Fna en live: Des spectacles virtuels offerts au public"},"content":{"rendered":"<div readability=\"35\">\n<p>Marrakech \u2013 Un ar\u00e9opage de conteurs de la mythique place Jema\u00e2 Fna ont emport\u00e9 le public samedi, dans un long voyage \u00e0 travers des spectacles virtuels dans le cadre de la manifestation artistique et culturelle \u00ab\u00a0Jem\u00e2a El Fna en live\u00a0\u00bb.<\/p>\n<\/div>\n<div readability=\"103\">\n<p>Des artistes populaires c\u00e9l\u00e8bres aux niveaux local comme national, dont les conteurs Mohamed Bariz, Hajjiba El Mekkouri et Abderrahim El Makourri (Azalia), Lmsieh (Abdelilah Amal), Haddaoua, Mariam Amal (Ghiwane), Raiss Ibrahim Laaskri (Rwaiss) et Bana Abderrahim (Tkitikate) n\u2019ont pas l\u00e9sin\u00e9 sur les moyens, \u00e0 cette occasion, en vue de mettre en avant leur talent confirm\u00e9, en r\u00e9ussissant \u00e0 attirer l\u2019attention d\u2019un public avide de renouer avec ces arts ancestraux.<\/p>\n<p>Ces shows artistiques in\u00e9dits \u00ab\u00a0\u00e0 distance\u00a0\u00bb, offerts \u00e0 la mani\u00e8re des grands, par les acteurs de la place, s\u2019assignent pour objectif majeur de lutter contre l\u2019isolement social et transmettre les ambiances des halkas \u00e0 une \u00e9poque o\u00f9 la mythique Place de Jem\u00e2a El Fna, a pris, le temps du confinement sanitaire, les allures d\u2019un lieu d\u00e9laiss\u00e9 et d\u00e9sert \u00e0 cause du nouveau coronavirus (Covid-19).<\/p>\n<p>Cette manifestation culturelle si singuli\u00e8re se veut \u00ab\u00a0porteuse\u00a0\u00bb d\u2019un message clair, celui de toutes les aspirations de voir la Place Jem\u00e2a Fna, coeur battant de Marrakech, accueillir \u00e0 bras ouverts, dans un avenir tr\u00e8s proche, ses visiteurs comme ses artistes.<\/p>\n<p>A travers les spectacles et shows programm\u00e9s dans le cadre de cet \u00e9v\u00e9nement \u00e9clectique, les artistes, chacun \u00e0 sa mani\u00e8re, a bien voulu souligner que malgr\u00e9 cette conjoncture d\u00e9licate, la Place de Jem\u00e2a El Fna ne cesse de continuer \u00e0 vivre sur l\u2019espoir de pouvoir tourner cette page au plus vite, pour que le train de la vie reprenne son chemin et permettre aux amoureux de cet espace de joie et de convivialit\u00e9, d\u2019y embarquer \u00e0 pas s\u00fbrs.<\/p>\n<p>Pour le plaisir d\u2019un public averti comme des curieux, des artistes contemporains, dont le chor\u00e9graphe Taoufiq Izidiou, les conteurs Mehdi El Ghali et Maha El Madi se sont joints aux artistes de la place, le temps de pr\u00e9senter des spectacles inspir\u00e9s de la Halka et des arts populaires ancestraux.<\/p>\n<p>Cette manifestation visait \u00e0 faire sortir les artistes de la place Jema\u00e2 Fna de la solitude provoqu\u00e9e par l\u2019\u00e9tat d\u2019urgence sanitaire et le confinement. Une mani\u00e8re de leur rendre un vibrant hommage.<\/p>\n<p>Organis\u00e9e par le \u00ab\u00a0Forum Marrakech Demain\u00a0\u00bb, cette manifestation a connu la participation d\u2019un ar\u00e9opage de conteurs, d\u2019artistes contemporains et de chercheurs dans le patrimoine immat\u00e9riel.<\/p>\n<p>Cet \u00e9v\u00e9nement artistique a \u00e9t\u00e9 con\u00e7u par 27 artistes de fa\u00e7on solidaire, en plus de 24 artistes conteurs qui y participent \u00e0 travers les \u0153uvres du r\u00e9alisateur allemand Thomas Landenberger.<\/p>\n<p>L\u2019un des moments forts de cette manifestation artistique et culturelle virtuelle a \u00e9t\u00e9 l\u2019organisation d\u2019une visioconf\u00e9rence sous le th\u00e8me \u00ab\u00a0les arts, les artistes et la place de Jema\u00e2 El Fna post-Covid\u00a0\u00bb.<\/p>\n<\/div>\n<p>Auteur: Meriem IGASS<br \/>\n<a href=\"http:\/\/www.mapmarrakech.ma\/fr\/jemaa-el-fna-les-artistes-subjuguent-le-public-par-des-spectacles-a-distance\/\">Cliquez ici pour lire l&rsquo;article depuis sa source.<\/a><\/p>\n","protected":false},"excerpt":{"rendered":"<p>Marrakech \u2013 Un ar\u00e9opage de conteurs de la mythique place Jema\u00e2 Fna ont emport\u00e9 le public samedi, dans un long voyage \u00e0 travers des spectacles virtuels dans le cadre de la manifestation artistique et culturelle \u00ab\u00a0Jem\u00e2a El Fna en live\u00a0\u00bb. Des artistes populaires c\u00e9l\u00e8bres aux niveaux local comme national, dont les conteurs Mohamed Bariz, Hajjiba [&hellip;]<\/p>\n","protected":false},"author":1788,"featured_media":0,"comment_status":"closed","ping_status":"closed","sticky":false,"template":"","format":"standard","meta":{"fifu_image_url":"","fifu_image_alt":"","footnotes":""},"categories":[54,76],"tags":[],"class_list":["post-91199","post","type-post","status-publish","format-standard","hentry","category-maroc","category-regions"],"_links":{"self":[{"href":"https:\/\/linitiative.ca\/International\/wp-json\/wp\/v2\/posts\/91199","targetHints":{"allow":["GET"]}}],"collection":[{"href":"https:\/\/linitiative.ca\/International\/wp-json\/wp\/v2\/posts"}],"about":[{"href":"https:\/\/linitiative.ca\/International\/wp-json\/wp\/v2\/types\/post"}],"author":[{"embeddable":true,"href":"https:\/\/linitiative.ca\/International\/wp-json\/wp\/v2\/users\/1788"}],"replies":[{"embeddable":true,"href":"https:\/\/linitiative.ca\/International\/wp-json\/wp\/v2\/comments?post=91199"}],"version-history":[{"count":0,"href":"https:\/\/linitiative.ca\/International\/wp-json\/wp\/v2\/posts\/91199\/revisions"}],"wp:attachment":[{"href":"https:\/\/linitiative.ca\/International\/wp-json\/wp\/v2\/media?parent=91199"}],"wp:term":[{"taxonomy":"category","embeddable":true,"href":"https:\/\/linitiative.ca\/International\/wp-json\/wp\/v2\/categories?post=91199"},{"taxonomy":"post_tag","embeddable":true,"href":"https:\/\/linitiative.ca\/International\/wp-json\/wp\/v2\/tags?post=91199"}],"curies":[{"name":"wp","href":"https:\/\/api.w.org\/{rel}","templated":true}]}}