{"id":91202,"date":"2020-07-05T04:00:00","date_gmt":"2020-07-05T08:00:00","guid":{"rendered":"https:\/\/linitiative.ca\/International\/sante-militaire-zero-covid-19-dans-larmee-et-soutien-precieux-a-tout-le-dispositif\/"},"modified":"2020-07-05T04:00:00","modified_gmt":"2020-07-05T08:00:00","slug":"sante-militaire-zero-covid-19-dans-larmee-et-soutien-precieux-a-tout-le-dispositif","status":"publish","type":"post","link":"https:\/\/linitiative.ca\/International\/sante-militaire-zero-covid-19-dans-larmee-et-soutien-precieux-a-tout-le-dispositif\/","title":{"rendered":"Sant\u00e9 militaire: Z\u00e9ro Covid-19 dans l\u2019arm\u00e9e et soutien pr\u00e9cieux \u00e0 tout le dispositif"},"content":{"rendered":"<p class=\"c3\"><span class=\"c2\"><em><strong>Par Fatma Hentati &#8211;<\/strong><\/em><\/span> Le m\u00e9decin g\u00e9n\u00e9ral de brigade Mustapha Ferjani, directeur g\u00e9n\u00e9ral de la Sant\u00e9, reste humble devant la grande performance accomplie par l\u2019arm\u00e9e tunisienne face \u00e0 la pand\u00e9mie de Covid-19. La charge qui lui incombe \u00e0 la t\u00eate de la sant\u00e9 militaire est pourtant aussi lourde que d\u00e9licate. Assurer la protection de l\u2019arm\u00e9e contre ce virus \u00e0 travers de draconiennes mesures pr\u00e9ventives et une vigilance sans rel\u00e2che, mais aussi mettre l\u2019ensemble des structures m\u00e9dicales militaires \u00e0 la disposition du gouvernement. Sans oublier la s\u00e9curisation sanitaire des \u00e9quipages charg\u00e9s de se rendre \u00e0 Hong Kong, en pleine \u00e9pid\u00e9mie, chercher des \u00e9quipements m\u00e9dicaux, puis aux quatre coins du monde rapatrier des Tunisiens, ou encore d\u00e9p\u00eacher en Italie une mission m\u00e9dicale de solidarit\u00e9.<\/p>\n<p class=\"c4\"><img decoding=\"async\" src=\"\/uploads\/FCK_files\/Ph-1(1).jpg\" alt=\"\" width=\"100%\" vspace=\"5\" hspace=\"5\" align=\"middle\"\/><\/p>\n<p class=\"c3\">Le palmar\u00e8s est \u00e9loquent. D\u2019abord, aucun cas de contamination au Covid-19 n\u2019a \u00e9t\u00e9 heureusement enregistr\u00e9 au sein des arm\u00e9es tunisiennes. Mais aussi une op\u00e9rationnalit\u00e9 totale lors de toutes les missions accomplies et une grande appr\u00e9ciation unanimement recueillie. Pas seulement en Tunisie, mais aussi en Italie o\u00f9 le regard des Italiens sur les Tunisiens a chang\u00e9, gr\u00e2ce \u00e0 la haute comp\u00e9tence des m\u00e9decins et des param\u00e9dicaux envoy\u00e9s \u00e0 Milan.<\/p>\n<p class=\"c3\">\u00abNous nous tenons pr\u00e9par\u00e9s face \u00e0 toute pand\u00e9mie, confie le g\u00e9n\u00e9ral Ferjani \u00e0 Leaders. Les r\u00e8gles d\u2019hygi\u00e8ne sont d\u00e9j\u00e0 de base et toute l\u2019infrastructure de sant\u00e9 militaire est constamment pr\u00eate \u00e0 interagir \u00e0 tout moment, suite \u00e0 n\u2019importe quelle urgence.\u00bb<\/p>\n<p class=\"c3\"><img decoding=\"async\" src=\"\/uploads\/FCK_files\/Ph-2(2).jpg\" alt=\"\" width=\"100%\" vspace=\"5\" hspace=\"5\" align=\"middle\"\/><\/p>\n<p class=\"c3\">Le g\u00e9n\u00e9ral Ferjani devait op\u00e9rer \u00e0 deux niveaux \u00e0 la fois. Participant \u00e0 des conseils de s\u00e9curit\u00e9 nationale, il \u00e9tait en outre d\u00e9sign\u00e9 membre de la commission scientifique form\u00e9e par le chef du gouvernement. Dans ce cadre, il a \u00e9t\u00e9 charg\u00e9 notamment de la gestion des lits de r\u00e9animation dans les h\u00f4pitaux publics et les cliniques priv\u00e9es. A la t\u00eate de la sant\u00e9 militaire, sa t\u00e2che n\u2019\u00e9tait gu\u00e8re ais\u00e9e.<\/p>\n<p class=\"c4\"><img decoding=\"async\" src=\"\/uploads\/FCK_files\/Ph-3(2).jpg\" alt=\"\" width=\"100%\" vspace=\"5\" hspace=\"5\" align=\"middle\"\/><\/p>\n<p class=\"c3\">Pi\u00e8ce ma\u00eetresse du dispositif, l\u2019H\u00f4pital militaire de Tunis devait \u00eatre prot\u00e9g\u00e9 afin qu\u2019il puisse d\u2019une part continuer \u00e0 assurer la prise en charge des patients non-Covid-19 et de l\u2019autre accueillir, dans un circuit s\u00e9par\u00e9 et s\u00e9curis\u00e9, les malades contamin\u00e9s qui y \u00e9taient admis. L\u2019unit\u00e9 militaire chirurgicale de campagne a \u00e9t\u00e9 convertie en unit\u00e9 de r\u00e9animation, renfor\u00e7ant ainsi les capacit\u00e9s de l\u2019H\u00f4pital militaire de Tunis de pas moins de 50 lits.<br \/>Un protocole similaire de s\u00e9paration des fili\u00e8res a \u00e9t\u00e9 adopt\u00e9 dans les autres unit\u00e9s de sant\u00e9 militaire \u00e0 l\u2019int\u00e9rieur du pays. De plus, un h\u00f4pital de campagne d\u2019une capacit\u00e9 de 20 lits et un laboratoire mobile d\u2019un niveau P4 capable de d\u00e9tecter les virus les plus virulents et de livrer des r\u00e9sultats en deux heures ont \u00e9t\u00e9 d\u00e9ploy\u00e9s.<\/p>\n<p class=\"c3\"><img decoding=\"async\" src=\"\/uploads\/FCK_files\/Ph-4(2).jpg\" alt=\"\" width=\"100%\" vspace=\"5\" hspace=\"5\" align=\"middle\"\/><\/p>\n<p class=\"c3\">Une attention toute particuli\u00e8re a \u00e9galement \u00e9t\u00e9 accord\u00e9e, dans le m\u00eame sens, au sud tunisien. C\u2019est ainsi qu\u2019en 48 heures seulement, un h\u00f4pital de campagne dot\u00e9 de 100 lits a \u00e9t\u00e9 install\u00e9 \u00e0 K\u00e9bili et un laboratoire mobile d\u00e9ploy\u00e9 \u00e0 Tataouine. Pas moins de 1 500 consultations m\u00e9dicales ont \u00e9t\u00e9 effectu\u00e9es en faveur des populations locales dans la zone.<\/p>\n<p class=\"c3\">Avec le sentiment du devoir accompli, le m\u00e9decin et le militaire qu\u2019il est ne l\u00e2che pas pour autant prise. Vigilance totale. Comp\u00e9tence, d\u00e9vouement et discr\u00e9tion..<\/p>\n<p class=\"c5\"><strong>Fatma Hentati<\/strong><\/p>\n<p class=\"c3\"><strong>Lire aussi<\/strong><\/p>\n<p class=\"c3\"><a href=\"https:\/\/www.leaders.com.tn\/article\/30171-interview-imed-hazgui-ministre-de-la-defense\" target=\"_blank\" rel=\"noopener noreferrer\"><strong>Imed Hazgui, l&rsquo;homme qui veut moderniser l&rsquo;arm\u00e9e (Vid\u00e9o et photos)<\/strong><\/a><\/p>\n<p class=\"c3\"><a href=\"https:\/\/www.leaders.com.tn\/article\/30163-imed-hazgui-ministre-de-la-defense-nationale-la-tunisie-est-determinee-a-moderniser-son-armee-et-a-accroitre-son-interoperabilite\" target=\"_blank\" rel=\"noopener noreferrer\"><strong>Imed Hazgui : La Tunisie est d\u00e9termin\u00e9e \u00e0 moderniser son arm\u00e9e et \u00e0 accro\u00eetre son interop\u00e9rabilit\u00e9 (Vid\u00e9o &amp; Photos)<\/strong><\/a><\/p>\n<p class=\"c3\"><a href=\"https:\/\/www.leaders.com.tn\/article\/30151-regiment-51-des-commandos-marines-cette-force-navale-d-elite-2-0\" target=\"_blank\" rel=\"noopener noreferrer\"><strong>R\u00e9giment 51 des Commandos marines: Cette force navale d\u2019\u00e9lite 2.0 (Vid\u00e9o et Album Photos)<\/strong><\/a><\/p>\n<p class=\"c4\"><a href=\"https:\/\/www.leaders.com.tn\/le_mensuel_abonnez_vous\"><img loading=\"lazy\" decoding=\"async\" src=\"\/uploads\/FCK_files\/Bondou(9).jpg\" alt=\"\" width=\"500\" vspace=\"5\" hspace=\"5\" height=\"128\" align=\"middle\"\/><\/a><\/p>\n<p>Auteur:<br \/>\n<a href=\"https:\/\/www.leaders.com.tn\/article\/30219-sante-militaire-zero-covid-19-dans-l-armee-et-soutien-precieux-a-tout-le-dispositif\">Cliquez ici pour lire l&rsquo;article depuis sa source.<\/a><\/p>\n","protected":false},"excerpt":{"rendered":"<p>Par Fatma Hentati &#8211; Le m\u00e9decin g\u00e9n\u00e9ral de brigade Mustapha Ferjani, directeur g\u00e9n\u00e9ral de la Sant\u00e9, reste humble devant la grande performance accomplie par l\u2019arm\u00e9e tunisienne face \u00e0 la pand\u00e9mie de Covid-19. La charge qui lui incombe \u00e0 la t\u00eate de la sant\u00e9 militaire est pourtant aussi lourde que d\u00e9licate. Assurer la protection de l\u2019arm\u00e9e [&hellip;]<\/p>\n","protected":false},"author":1772,"featured_media":91209,"comment_status":"closed","ping_status":"closed","sticky":false,"template":"","format":"standard","meta":{"fifu_image_url":"","fifu_image_alt":"","footnotes":""},"categories":[73,55],"tags":[],"class_list":["post-91202","post","type-post","status-publish","format-standard","has-post-thumbnail","hentry","category-actualite","category-tunisie"],"_links":{"self":[{"href":"https:\/\/linitiative.ca\/International\/wp-json\/wp\/v2\/posts\/91202","targetHints":{"allow":["GET"]}}],"collection":[{"href":"https:\/\/linitiative.ca\/International\/wp-json\/wp\/v2\/posts"}],"about":[{"href":"https:\/\/linitiative.ca\/International\/wp-json\/wp\/v2\/types\/post"}],"author":[{"embeddable":true,"href":"https:\/\/linitiative.ca\/International\/wp-json\/wp\/v2\/users\/1772"}],"replies":[{"embeddable":true,"href":"https:\/\/linitiative.ca\/International\/wp-json\/wp\/v2\/comments?post=91202"}],"version-history":[{"count":0,"href":"https:\/\/linitiative.ca\/International\/wp-json\/wp\/v2\/posts\/91202\/revisions"}],"wp:featuredmedia":[{"embeddable":true,"href":"https:\/\/linitiative.ca\/International\/wp-json\/"}],"wp:attachment":[{"href":"https:\/\/linitiative.ca\/International\/wp-json\/wp\/v2\/media?parent=91202"}],"wp:term":[{"taxonomy":"category","embeddable":true,"href":"https:\/\/linitiative.ca\/International\/wp-json\/wp\/v2\/categories?post=91202"},{"taxonomy":"post_tag","embeddable":true,"href":"https:\/\/linitiative.ca\/International\/wp-json\/wp\/v2\/tags?post=91202"}],"curies":[{"name":"wp","href":"https:\/\/api.w.org\/{rel}","templated":true}]}}