{"id":91203,"date":"2020-07-05T07:26:48","date_gmt":"2020-07-05T11:26:48","guid":{"rendered":"https:\/\/linitiative.ca\/International\/interpellation-dun-individu-pour-homicide-volontaire\/"},"modified":"2020-07-05T07:26:48","modified_gmt":"2020-07-05T11:26:48","slug":"interpellation-dun-individu-pour-homicide-volontaire","status":"publish","type":"post","link":"https:\/\/linitiative.ca\/International\/interpellation-dun-individu-pour-homicide-volontaire\/","title":{"rendered":"Interpellation d\u2019un individu pour homicide volontaire"},"content":{"rendered":"<div class=\"single-featured\"><img alt=\"\" data-src=\"http:\/\/www.mapmarrakech.ma\/map\/uploads\/2020\/03\/DGSN-2.jpg\"\/><\/div>\n<div class=\"single-post-excerpt post-excerpt-bc\" readability=\"37\">\n<p>Les \u00e9l\u00e9ments du service pr\u00e9fectoral de la police judiciaire de Marrakech ont proc\u00e9d\u00e9, samedi soir, \u00e0 l\u2019arrestation d\u2019un individu \u00e2g\u00e9 de 29 ans, soup\u00e7onn\u00e9 d\u2019homicide volontaire avec s\u00e9questration et mutilation du cadavre de la victime.<\/p>\n<\/div>\n<div class=\"entry-content clearfix single-post-content\" readability=\"47\">\n<p>Les services de la pr\u00e9fecture de police de Marrakech avait fait la constatation, le 30 juin dernier, du cadavre en d\u00e9composition d\u2019une fille avec les mains et les pieds ligot\u00e9s, trouv\u00e9 dans un canal d\u2019\u00e9vacuation des eaux us\u00e9es, indique un communiqu\u00e9 de la Direction g\u00e9n\u00e9rale de la s\u00fbret\u00e9 nationale (DGSN), pr\u00e9cisant que les recherches et les expertises g\u00e9n\u00e9tiques ont permis d\u2019identifier la victime, une fille \u00e2g\u00e9e de 23 ans qui vivait en \u00e9tat de vagabondage.<\/p>\n<p>L\u2019enqu\u00eate a permis d\u2019identifier le mis en cause et de l\u2019interpeller, a ajout\u00e9 la m\u00eame source, notant que le pr\u00e9venu a \u00e9t\u00e9 plac\u00e9 en garde \u00e0 vue \u00e0 la disposition de l\u2019enqu\u00eate pr\u00e9liminaire men\u00e9e sous la supervision du parquet comp\u00e9tent pour d\u00e9terminer les mobiles de ce crime.<\/p>\n<\/div>\n<p>Auteur: Meriem IGASS<br \/>\n<a href=\"http:\/\/www.mapmarrakech.ma\/fr\/interpellation-dun-individu-pour-homicide-volontaire\/\">Cliquez ici pour lire l&rsquo;article depuis sa source.<\/a><\/p>\n","protected":false},"excerpt":{"rendered":"<p>Les \u00e9l\u00e9ments du service pr\u00e9fectoral de la police judiciaire de Marrakech ont proc\u00e9d\u00e9, samedi soir, \u00e0 l\u2019arrestation d\u2019un individu \u00e2g\u00e9 de 29 ans, soup\u00e7onn\u00e9 d\u2019homicide volontaire avec s\u00e9questration et mutilation du cadavre de la victime. Les services de la pr\u00e9fecture de police de Marrakech avait fait la constatation, le 30 juin dernier, du cadavre en [&hellip;]<\/p>\n","protected":false},"author":1788,"featured_media":91206,"comment_status":"closed","ping_status":"closed","sticky":false,"template":"","format":"standard","meta":{"fifu_image_url":"","fifu_image_alt":"","footnotes":""},"categories":[54,76],"tags":[],"class_list":["post-91203","post","type-post","status-publish","format-standard","has-post-thumbnail","hentry","category-maroc","category-regions"],"_links":{"self":[{"href":"https:\/\/linitiative.ca\/International\/wp-json\/wp\/v2\/posts\/91203","targetHints":{"allow":["GET"]}}],"collection":[{"href":"https:\/\/linitiative.ca\/International\/wp-json\/wp\/v2\/posts"}],"about":[{"href":"https:\/\/linitiative.ca\/International\/wp-json\/wp\/v2\/types\/post"}],"author":[{"embeddable":true,"href":"https:\/\/linitiative.ca\/International\/wp-json\/wp\/v2\/users\/1788"}],"replies":[{"embeddable":true,"href":"https:\/\/linitiative.ca\/International\/wp-json\/wp\/v2\/comments?post=91203"}],"version-history":[{"count":0,"href":"https:\/\/linitiative.ca\/International\/wp-json\/wp\/v2\/posts\/91203\/revisions"}],"wp:featuredmedia":[{"embeddable":true,"href":"https:\/\/linitiative.ca\/International\/wp-json\/"}],"wp:attachment":[{"href":"https:\/\/linitiative.ca\/International\/wp-json\/wp\/v2\/media?parent=91203"}],"wp:term":[{"taxonomy":"category","embeddable":true,"href":"https:\/\/linitiative.ca\/International\/wp-json\/wp\/v2\/categories?post=91203"},{"taxonomy":"post_tag","embeddable":true,"href":"https:\/\/linitiative.ca\/International\/wp-json\/wp\/v2\/tags?post=91203"}],"curies":[{"name":"wp","href":"https:\/\/api.w.org\/{rel}","templated":true}]}}