{"id":91205,"date":"2020-07-05T07:59:41","date_gmt":"2020-07-05T11:59:41","guid":{"rendered":"https:\/\/linitiative.ca\/International\/cameroun-le-budget-2021-prevu-a-4909-milliards-fcfa\/"},"modified":"2020-07-05T07:59:41","modified_gmt":"2020-07-05T11:59:41","slug":"cameroun-le-budget-2021-prevu-a-4909-milliards-fcfa","status":"publish","type":"post","link":"https:\/\/linitiative.ca\/International\/cameroun-le-budget-2021-prevu-a-4909-milliards-fcfa\/","title":{"rendered":"Cameroun : le budget 2021 pr\u00e9vu \u00e0 4909 milliards Fcfa"},"content":{"rendered":"<div readability=\"32\">\n<p>Publi\u00e9 le 05.07.2020 \u00e0 12h59 par Ludovic Amara<\/p>\n<\/div>\n<div readability=\"83\">\n<h2>Les projections budg\u00e9taires 2022 et 2023 sont \u00e9galement faites par le ministre des Finances en ce moment \u00e0 l\u2019Assembl\u00e9e nationale, \u00e0 travers le Document de programmation \u00e9conomique et budg\u00e9taire \u00e0 moyen terme.<\/h2>\n<p>Pour l\u2019<strong>ann\u00e9e 2021<\/strong>, le gouvernement du <strong>Cameroun<\/strong> pr\u00e9voit un <strong>budget de l\u2019Etat<\/strong> qui s\u2019\u00e9l\u00e8ve \u00e0 <strong>4909 Fcfa<\/strong>. Soit une hausse de 202 milliards Fcfa par rapport \u00e0 l\u2019ann\u00e9e 2020 en cours.<\/p>\n<p>Dans le d\u00e9tail, les recettes de biens et services connaissent une l\u00e9g\u00e8re hausse et passent de 677 milliards Fcfa en 2020 \u00e0 686 en 2021, soit une augmentation de plus de 9 milliards Fcfa.<\/p>\n<p>Ceci <em>\u00ab\u00a0en d\u00e9pit de la prise en compte des contraintes fortes li\u00e9es \u00e0 l\u2019organisation de la Can 2021, \u00e0 la couverture s\u00e9curitaire, au fonctionnement des Conseils r\u00e9gionaux et au d\u00e9penses sanitaires\u00a0\u00bb,<\/em> explique le ministre des Finances <strong>Louis Paul Motaze<\/strong> au Parlementaires ce dimanche 05 juillet 2020 \u00e0 l\u2019Assembl\u00e9e nationale.<\/p>\n<p>Il ajoute qu\u2019en 2022 et 2023, <em>\u00ab\u00a0ce poste de d\u00e9penses sera ramen\u00e9 \u00e0 667 milliards Fcfa\u00a0\u00bb<\/em>, en baisse de 19 milliards Fcfa par rapport \u00e0 2021.<\/p>\n<p>Pour ce qui est des \u00ab\u00a0transferts et subventions\u00a0\u00bb, ils baissent de 527 milliards Fcfa \u00e0 518 milliards Fcfa entre 2020 et 2021. Mais entre 2022 et 2023, <em>\u00ab\u00a0ce poste est projet\u00e9 \u00e0 617 milliards Fcfa en augmentation de 99 milliards Fcfa\u00a0\u00bb<\/em>, excipe le ministre des Finances.<\/p>\n<p>Louis Paul Motaze explique cette augmentation \u00a0<em>\u00ab essentiellement \u00a0par la n\u00e9cessit\u00e9 de prendre en charge les manques \u00e0 gagner de la Sonara et des marketeurs li\u00e9s aux importations des hydrocarbures\u00a0\u00bb<\/em>.<\/p>\n<p>Pour le reste, entre 2022 et 2023, l\u2019Etat du Cameroun \u00e9tablit des pr\u00e9visions de budget \u00a0de l\u2019ordre de 5279 milliards Fcfa, soit une augmentation de 369 milliards Fcfa par rapport \u00e0 2021.<\/p>\n<p>A titre de rappel, l\u2019exercice auquel se soumet en ce moment le ministre des Finances devant les parlementaires entre dans le cadre de la loi du 11 juillet 2018 portant code de transparence et de bonne gouvernance dans la gestion des finances publiques et la loi n\u00b02018\/012 portant r\u00e9gime financier de l\u2019Etat\u00a0 et des autres entit\u00e9s publiques.<\/p>\n<p>Ces deux de texte r\u00e9glementaires consacrent le d\u00e9bat d\u2019orientation budg\u00e9taire (Dob) au Parlement en milieu d\u2019exercice budg\u00e9taire.<\/p>\n<p>Ce Dob intervient par ailleurs apr\u00e8s l\u2019adoption par le gouvernement en Conseil de cabinet \u2013 le 02 juillet 2020 \u2013 du Document\u00a0 de programmation \u00e9conomique et budg\u00e9taire (Dpeb), qui traces les grandes lignes supra.<\/p>\n<\/div>\n<p>Auteur: Ludovic Amara<br \/>\n<a href=\"https:\/\/www.journalducameroun.com\/cameroun-le-budget-2021-prevu-a-4909-milliards-fcfa-cameroun\/\">Cliquez ici pour lire l&rsquo;article depuis sa source.<\/a><\/p>\n","protected":false},"excerpt":{"rendered":"<p>Publi\u00e9 le 05.07.2020 \u00e0 12h59 par Ludovic Amara Les projections budg\u00e9taires 2022 et 2023 sont \u00e9galement faites par le ministre des Finances en ce moment \u00e0 l\u2019Assembl\u00e9e nationale, \u00e0 travers le Document de programmation \u00e9conomique et budg\u00e9taire \u00e0 moyen terme. Pour l\u2019ann\u00e9e 2021, le gouvernement du Cameroun pr\u00e9voit un budget de l\u2019Etat qui s\u2019\u00e9l\u00e8ve \u00e0 [&hellip;]<\/p>\n","protected":false},"author":1965,"featured_media":0,"comment_status":"closed","ping_status":"closed","sticky":false,"template":"","format":"standard","meta":{"fifu_image_url":"","fifu_image_alt":"","footnotes":""},"categories":[73,82],"tags":[],"class_list":["post-91205","post","type-post","status-publish","format-standard","hentry","category-actualite","category-cameroun"],"_links":{"self":[{"href":"https:\/\/linitiative.ca\/International\/wp-json\/wp\/v2\/posts\/91205","targetHints":{"allow":["GET"]}}],"collection":[{"href":"https:\/\/linitiative.ca\/International\/wp-json\/wp\/v2\/posts"}],"about":[{"href":"https:\/\/linitiative.ca\/International\/wp-json\/wp\/v2\/types\/post"}],"author":[{"embeddable":true,"href":"https:\/\/linitiative.ca\/International\/wp-json\/wp\/v2\/users\/1965"}],"replies":[{"embeddable":true,"href":"https:\/\/linitiative.ca\/International\/wp-json\/wp\/v2\/comments?post=91205"}],"version-history":[{"count":0,"href":"https:\/\/linitiative.ca\/International\/wp-json\/wp\/v2\/posts\/91205\/revisions"}],"wp:attachment":[{"href":"https:\/\/linitiative.ca\/International\/wp-json\/wp\/v2\/media?parent=91205"}],"wp:term":[{"taxonomy":"category","embeddable":true,"href":"https:\/\/linitiative.ca\/International\/wp-json\/wp\/v2\/categories?post=91205"},{"taxonomy":"post_tag","embeddable":true,"href":"https:\/\/linitiative.ca\/International\/wp-json\/wp\/v2\/tags?post=91205"}],"curies":[{"name":"wp","href":"https:\/\/api.w.org\/{rel}","templated":true}]}}