{"id":91211,"date":"2020-07-05T08:42:08","date_gmt":"2020-07-05T12:42:08","guid":{"rendered":"https:\/\/linitiative.ca\/International\/un-organisme-de-lonu-etablit-la-responsabilite-de-letat-algerien-dans-les-camps-de-tindouf\/"},"modified":"2020-07-05T08:42:08","modified_gmt":"2020-07-05T12:42:08","slug":"un-organisme-de-lonu-etablit-la-responsabilite-de-letat-algerien-dans-les-camps-de-tindouf","status":"publish","type":"post","link":"https:\/\/linitiative.ca\/International\/un-organisme-de-lonu-etablit-la-responsabilite-de-letat-algerien-dans-les-camps-de-tindouf\/","title":{"rendered":"Un organisme de l\u2019ONU \u00e9tablit la responsabilit\u00e9 de l\u2019Etat alg\u00e9rien dans les camps de Tindouf"},"content":{"rendered":"<p class=\"has-text-color has-vivid-red-color c2\"><strong>D\u00e9tention arbitraire et droits de l\u2019Homme<\/strong><\/p>\n<p class=\"has-text-color has-vivid-cyan-blue-color\"><strong>Le Groupe de Travail des Nations Unies sur la d\u00e9tention arbitraire (GTDA\/ONU) vient de rendre publique sa d\u00e9cision concernant la plainte de l\u2019opposant \u00e0 la direction du polisario, El Fadel Breica, contre l\u2019Etat alg\u00e9rien, pour enl\u00e8vement, torture, s\u00e9questration et d\u00e9tention ill\u00e9gale pendant plus de quatre mois, sur le territoire alg\u00e9rien par les milices du polisario et les services de s\u00e9curit\u00e9 alg\u00e9riens, en raison de son activisme pour la d\u00e9fense des droits de l\u2019homme des populations des camps de Tindouf, plus particuli\u00e8rement sa participation \u00e0 un sit-in devant l\u2019ambassade alg\u00e9rienne \u00e0 Madrid pour r\u00e9clamer la lumi\u00e8re sur le sort de son cousin de tribu El Khalil Ahmed Braih, port\u00e9 disparu depuis son enl\u00e8vement en janvier 2009, \u00e0 Alger par les services de renseignement alg\u00e9riens.<\/strong><\/p>\n<p>Les experts onusiens, qui ont affirm\u00e9 \u00e0 l\u2019issue de leurs d\u00e9lib\u00e9rations dans le cadre de la 87\u00e8me session du GTDA\/ONU, que \u00abla responsabilit\u00e9 de l\u2019Alg\u00e9rie est engag\u00e9e tant qu\u2019El Fadel Breica \u00e9tait \u00e0 Tindouf, sur le territoire alg\u00e9rien et donc sous la comp\u00e9tence territoriale de l\u2019Alg\u00e9rie\u00bb, sont parvenus \u00e0 des conclusions accablantes pour l\u2019Alg\u00e9rie et ses sbires polisariens.<\/p>\n<p>Ainsi, ils ont soulign\u00e9 notamment que \u00abla d\u00e9tention d\u2019El Fadel Breica r\u00e9sulte de l\u2019exercice pacifique de ses droits \u00e0 la libert\u00e9 d\u2019expression et d\u2019association, qu\u2019il a fait l\u2019objet d\u2019un enl\u00e8vement, sans qu\u2019aucun mandat d\u2019arr\u00eat ne lui soit pr\u00e9sent\u00e9, qu\u2019il n\u2019a pas non plus \u00e9t\u00e9 inform\u00e9 des raisons de son arrestation, qu\u2019il n\u2019a pas \u00e9t\u00e9 pr\u00e9sent\u00e9 devant un juge pendant les quatre mois de sa d\u00e9tention et que son droit \u00e0 un recours effectif a \u00e9galement \u00e9t\u00e9 viol\u00e9\u00bb, avant de conclure que \u00abl\u2019arrestation et la d\u00e9tention de M. Breica n\u2019ont pas de base l\u00e9gale et sont arbitraires\u00bb.<\/p>\n<p>Pr\u00e9occup\u00e9s par la prolif\u00e9ration des pratiques de d\u00e9tention arbitraire aux camps de Tindouf, les experts du GTDA\/ONU ont demand\u00e9 \u00e0 l\u2019Etat alg\u00e9rien de leur faciliter une visite dans ce pays \u00abafin d\u2019engager un dialogue avec son gouvernement \u00e0 ce sujet\u00bb, en sommant les autorit\u00e9s alg\u00e9riennes, sur le cas pr\u00e9cis de M. Breica, \u00abde prendre les mesures qui s\u2019imposent pour l\u2019ouverture d\u2019une enqu\u00eate approfondie et ind\u00e9pendante sur les circonstances de la privation arbitraire de libert\u00e9 de M. Breica, de prendre les mesures n\u00e9cessaires contre les responsables de la violation de ses droits et pour la r\u00e9paration des pr\u00e9judices subis notamment sous la forme d\u2019une indemnisation conform\u00e9ment au droit international\u00bb, tout en invitant le gouvernement alg\u00e9rien \u00e0 rendre compte au GTDA\/ONU \u00e0 propos de la mise en \u0153uvre de ces recommandations.<\/p>\n<p>A travers la clart\u00e9 de sa d\u00e9cision, qui a balay\u00e9 d\u2019un revers de main les man\u0153uvres de l\u2019Alg\u00e9rie visant \u00e0 semer l\u2019ambigu\u00eft\u00e9 \u00e0 propos de sa responsabilit\u00e9 dans les crimes abjectes perp\u00e9tr\u00e9s impun\u00e9ment sur son territoire, par son arm\u00e9e et ses supp\u00f4ts du polisario, \u00e0 l\u2019encontre des sahraouis retenus aux camps de Tindouf, cet organe onusien a ouvert la voie aux centaines de victimes et de leurs ayants-droit pour r\u00e9clamer des comptes \u00e0 leurs bourreaux et une r\u00e9paration mat\u00e9rielle et morale \u00e0 leurs protecteurs, qui sont plong\u00e9s d\u00e9sormais dans la tourmente de la proc\u00e9dure de suivi de mise en \u0153uvre de la d\u00e9cision du GTDA\/ONU par rapport au cas de M. Breica, puisque l\u2019Etat alg\u00e9rien devra informer le groupe de travail des Nations Unies dans un d\u00e9lai de six mois, sur les mesures qu\u2019il a prises, notamment pour l\u2019ouverture d\u2019une enqu\u00eate a propos de l\u2019arrestation et la d\u00e9tention arbitraire de M. Breica et son indemnisation, ainsi que la poursuite des auteurs de ces d\u00e9passements.<\/p>\n<p>Un autre m\u00e9rite de la d\u00e9cision du GTDA\/ONU, et non des moindres, est le d\u00e9voilement au grand jour du vrai visage des pr\u00e9tendus d\u00e9fenseurs des droits de l\u2019homme qui font preuve de c\u00e9cit\u00e9 totale par rapport aux atrocit\u00e9s commises \u00e0 l\u2019encontre des populations des camps de Tindouf par leurs donneurs d\u2019ordre, dont \u00abla g\u00e9n\u00e9rosit\u00e9\u00bb a aiguis\u00e9 outre mesure la sensibilit\u00e9 de ces entrepreneurs des droits humains pour les rendre outranci\u00e8rement r\u00e9ceptifs \u00e0 la propagande fallacieuse des s\u00e9paratistes contre le Maroc.<\/p>\n<p>Auteur: M&rsquo;hammed rahal<br \/>\n<a href=\"http:\/\/albayane.press.ma\/un-organisme-de-lonu-etablit-la-responsabilite-de-letat-algerien-dans-les-camps-de-tindouf.html\">Cliquez ici pour lire l&rsquo;article depuis sa source.<\/a><\/p>\n","protected":false},"excerpt":{"rendered":"<p>D\u00e9tention arbitraire et droits de l\u2019Homme Le Groupe de Travail des Nations Unies sur la d\u00e9tention arbitraire (GTDA\/ONU) vient de rendre publique sa d\u00e9cision concernant la plainte de l\u2019opposant \u00e0 la direction du polisario, El Fadel Breica, contre l\u2019Etat alg\u00e9rien, pour enl\u00e8vement, torture, s\u00e9questration et d\u00e9tention ill\u00e9gale pendant plus de quatre mois, sur le territoire [&hellip;]<\/p>\n","protected":false},"author":1760,"featured_media":0,"comment_status":"closed","ping_status":"closed","sticky":false,"template":"","format":"standard","meta":{"fifu_image_url":"","fifu_image_alt":"","footnotes":""},"categories":[73,54],"tags":[],"class_list":["post-91211","post","type-post","status-publish","format-standard","hentry","category-actualite","category-maroc"],"_links":{"self":[{"href":"https:\/\/linitiative.ca\/International\/wp-json\/wp\/v2\/posts\/91211","targetHints":{"allow":["GET"]}}],"collection":[{"href":"https:\/\/linitiative.ca\/International\/wp-json\/wp\/v2\/posts"}],"about":[{"href":"https:\/\/linitiative.ca\/International\/wp-json\/wp\/v2\/types\/post"}],"author":[{"embeddable":true,"href":"https:\/\/linitiative.ca\/International\/wp-json\/wp\/v2\/users\/1760"}],"replies":[{"embeddable":true,"href":"https:\/\/linitiative.ca\/International\/wp-json\/wp\/v2\/comments?post=91211"}],"version-history":[{"count":0,"href":"https:\/\/linitiative.ca\/International\/wp-json\/wp\/v2\/posts\/91211\/revisions"}],"wp:attachment":[{"href":"https:\/\/linitiative.ca\/International\/wp-json\/wp\/v2\/media?parent=91211"}],"wp:term":[{"taxonomy":"category","embeddable":true,"href":"https:\/\/linitiative.ca\/International\/wp-json\/wp\/v2\/categories?post=91211"},{"taxonomy":"post_tag","embeddable":true,"href":"https:\/\/linitiative.ca\/International\/wp-json\/wp\/v2\/tags?post=91211"}],"curies":[{"name":"wp","href":"https:\/\/api.w.org\/{rel}","templated":true}]}}