{"id":91215,"date":"2020-07-05T08:18:04","date_gmt":"2020-07-05T12:18:04","guid":{"rendered":"https:\/\/linitiative.ca\/International\/arret-des-deguerpissements-au-quartier-abattoir-port-bouet-dabidjan\/"},"modified":"2020-07-05T08:18:04","modified_gmt":"2020-07-05T12:18:04","slug":"arret-des-deguerpissements-au-quartier-abattoir-port-bouet-dabidjan","status":"publish","type":"post","link":"https:\/\/linitiative.ca\/International\/arret-des-deguerpissements-au-quartier-abattoir-port-bouet-dabidjan\/","title":{"rendered":"Arr\u00eat des d\u00e9guerpissements au quartier Abattoir Port-Bou\u00ebt  d\u2019Abidjan"},"content":{"rendered":"<p>La ministre ivoirienne de la Salubrit\u00e9 et de l\u2019assainissement, Anne Ouloto, a demand\u00e9 samedi l\u2019arr\u00eat des d\u00e9guerpissements au quartier Abattoir de Port-Bou\u00ebt (Sud d\u2019Abidjan), initi\u00e9 par la municipalit\u00e9 \u00e0 la suite d\u2019une recolonisation d\u2019un site r\u00e9quisitionn\u00e9 par l\u2019Etat.\u00ab Moi, je vous demande de me faire confiance, on n\u2019a qu\u2019\u00e0 tout arr\u00eater \u00bb, a d\u00e9clar\u00e9 Mme Anne Ouloto, indiquant que le maire qui \u00e9voque une reconstruction sur le site, est \u00ab d\u2019accord pour arr\u00eater le d\u00e9guerpissement. Donc, de part et d\u2019autre, on va laisser tout tomber pour le moment \u00bb.\u00a0<\/p>\n<p>Devant les populations, \u00a0visiblement en d\u00e9tresse, elle a assur\u00e9 que la semaine prochaine, il allait \u00eatre trouv\u00e9 un jour, afin que le porte-parole des victimes, les d\u00e9put\u00e9s, le maire, le District et le ministre du P\u00e9trole, de l\u2019\u00e9nergie et des \u00e9nergies renouvelables Abdourahmane Ciss\u00e9, un \u00ab fils \u00bb de la cit\u00e9, \u00abregardent au fond du probl\u00e8me \u00bb.\u00a0<\/p>\n<p>\u00ab Ce que nous allons trouver comme solutions, je suis s\u00fbr que \u00e7a sera dans votre int\u00e9r\u00eat, mais \u00e7a ne sera pas \u00e0 vos conditions \u00bb, a relev\u00e9 Mme Anne Ouloto, ajoutant tout le monde va \u00eatre toutefois \u00abcontent \u00e0 la fin \u00bb, car on ne peut pas mettre des familles \u00e0 la rue du jour au lendemain.<\/p>\n<p>Elle a fait savoir que \u00ab tout ce que le gouvernement fait, c\u2019est pour les populations et non contre les populations \u00bb. Pour ce faire, les parties prenantes vont, autour d\u2019une table, discuter en vue de trouver des solutions idoines. En attendant, elle a invit\u00e9 les populations \u00e0 une op\u00e9ration de nettoyage du site.<\/p>\n<p>\u00ab Palabre de terrain, \u00e7a ne finit pas dans la famille et \u00e7a peut diviser une famille gravement. Or le pr\u00e9sident Ouattara ne veut pas de palabre entre les Ivoiriens et les populations qui vivent en C\u00f4te d\u2019Ivoire \u00bb, a-t-elle dit.\u00a0<\/p>\n<p>\u00ab Vous avez bien fait de m\u2019appeler M. le ministre (Abdourahmane Ciss\u00e9) \u00bb, a lanc\u00e9 Mme Anne Ouloto qui veut \u00e9galement associer le minist\u00e8re de la Construction et le District d\u2019Abidjan, notamment impliqu\u00e9 dans ce d\u00e9guerpissement, pour chercher la solution.<\/p>\n<p>Surnomm\u00e9e \u00ab Maman bulldozer \u00bb pour ses op\u00e9rations de d\u00e9guerpissement, la ministre Anne Ouloto, a dit \u00ab sachez que mon bulldozer, il a un c\u0153ur. C\u2019est le bulldozer d\u2019Alassane Ouattara, il a un c\u0153ur, il a des yeux et des oreilles pour \u00e9couter. Donc, on ne casse pas les choses au hasard \u00bb.\u00a0<\/p>\n<p>\u00ab Je casse avec le c\u0153ur dans l\u2019int\u00e9r\u00eat des populations \u00bb, a-t-elle laiss\u00e9 entendre, avant d\u2019ajouter qu\u2019actuellement, son d\u00e9partement se \u00ab concentre sur les zones \u00e0 risques \u00bb, o\u00f9 les inondations peuvent causer des d\u00e9g\u00e2ts et tuer.<\/p>\n<p>Selon la mairie, via son repr\u00e9sentant, il y avait \u00ab des tentatives de morcellement pour venir reconstruire \u00bb. C\u2019est pourquoi des forces de l\u2019ordre ont \u00e9t\u00e9 d\u00e9ploy\u00e9es sur le site pour d\u00e9guerpir les populations revenues sur le site.<\/p>\n<p>En 2018, le District d\u2019Abidjan a engag\u00e9 une op\u00e9ration de d\u00e9guerpissement sur le site situ\u00e9 \u00e0 proximit\u00e9 du cimeti\u00e8re de Port-Bou\u00ebt, obligeant certaines familles \u00e0 y trouver refuge, entre temps. Et ce, afin que l\u2019Etat r\u00e9cup\u00e8re cet espace public.<\/p>\n<p>Band\u00e9 Karamoko, conseiller municipal et pr\u00e9sident des d\u00e9guerpis du quartier Abattoir, estime que \u00abtous les arguments avanc\u00e9s par le District \u00e9taient en r\u00e9alit\u00e9 des arguments fallacieux utilis\u00e9s pour venir exproprier une population pour ses terres \u00bb, vu la pr\u00e9sence d\u2019op\u00e9rateurs \u00e9conomiques sur le site.\u00a0<\/p>\n<p>Le District d\u2019Abidjan a fait irruption en 2018, sur des arguments selon lesquels le site serait une zone inondable et les populations habiteraient sur les canalisations d\u2019eaux us\u00e9es et les populations habiteraient sous des pilonnes \u00e0 haute tension, a-t-il rappel\u00e9.\u00a0<\/p>\n<p>Pour ce faire, \u00a0\u00ab nous avons donn\u00e9 de la voix et d\u00e9nonc\u00e9 cette forfaiture \u00bb et pris attache avec les autorit\u00e9s, parce que \u00ab c\u2019est un site qui date des ann\u00e9es 60, nos parents y \u00e9taient, et nous avons des titres de propri\u00e9t\u00e9 \u00bb, a soutenu M. Band\u00e9.\u00a0<\/p>\n<p>\u00ab Nous avons \u00e9t\u00e9 d\u00e9guerpis par le District d\u2019Abidjan, cependant on ne sait pas en quoi le maire r\u00e9clame la propri\u00e9t\u00e9 du site. \u00bb, a affirm\u00e9 M. Band\u00e9 qui note qu\u2019\u00e0 maintes reprises, le maire a fait irruption dans la commune avec des corps habill\u00e9s et un op\u00e9rateur \u00e9conomique sur le site.<\/p>\n<p>\u00ab Il est ill\u00e9gal parce que ces d\u00e9guerpisseurs n\u2019\u00e9taient munis d\u2019aucun mandat et les corps habill\u00e9s ont \u00e9t\u00e9 r\u00e9quisitionn\u00e9s de fa\u00e7on frauduleuse \u00bb, juge-t-il, rapportant qu\u2019il y avait pratiquement quatre cargos de militaires et \u00ab \u00e0 chaque fois le maire envoie des corps habill\u00e9s et nous nous opposons \u00bb.<\/p>\n<p>Des populations, revenues sur le site, \u00ab abritent dans des abris de fortune que le maire veut d\u00e9guerpir de force, manu militari et nous nous opposons \u00bb, a l\u00e2ch\u00e9 M. Band\u00e9, \u00a0faisant savoir que le maire, lors des campagnes, avait \u00ab \u00e9cras\u00e9 des larmes ici \u00bb, et \u00ab apr\u00e8s son \u00e9lection \u00bb c\u2019est lui-m\u00eame qui se transforme en bourreau de ces populations.\u00a0<\/p>\n<p>Selon le porte-parole des d\u00e9guerpis du quartier Abattoir de Port-Bou\u00ebt, cit\u00e9 baln\u00e9aire situ\u00e9e dans le Sud d\u2019Abidjan, \u00ab on a au total 6 872 personnes impact\u00e9es par ce d\u00e9guerpissement \u00bb. Pour cette rencontre avec la ministre, des chefs de communaut\u00e9s \u00e9taient pr\u00e9sents.\u00a0<\/p>\n<p>Auteur: APA News<br \/>\n<a href=\"https:\/\/www.journalducameroun.com\/arret-des-deguerpissements-au-quartier-abattoir-port-bouet-dabidjan\/\">Cliquez ici pour lire l&rsquo;article depuis sa source.<\/a><\/p>\n","protected":false},"excerpt":{"rendered":"<p>La ministre ivoirienne de la Salubrit\u00e9 et de l\u2019assainissement, Anne Ouloto, a demand\u00e9 samedi l\u2019arr\u00eat des d\u00e9guerpissements au quartier Abattoir de Port-Bou\u00ebt (Sud d\u2019Abidjan), initi\u00e9 par la municipalit\u00e9 \u00e0 la suite d\u2019une recolonisation d\u2019un site r\u00e9quisitionn\u00e9 par l\u2019Etat.\u00ab Moi, je vous demande de me faire confiance, on n\u2019a qu\u2019\u00e0 tout arr\u00eater \u00bb, a d\u00e9clar\u00e9 Mme [&hellip;]<\/p>\n","protected":false},"author":1965,"featured_media":0,"comment_status":"closed","ping_status":"closed","sticky":false,"template":"","format":"standard","meta":{"fifu_image_url":"","fifu_image_alt":"","footnotes":""},"categories":[73,82],"tags":[],"class_list":["post-91215","post","type-post","status-publish","format-standard","hentry","category-actualite","category-cameroun"],"_links":{"self":[{"href":"https:\/\/linitiative.ca\/International\/wp-json\/wp\/v2\/posts\/91215","targetHints":{"allow":["GET"]}}],"collection":[{"href":"https:\/\/linitiative.ca\/International\/wp-json\/wp\/v2\/posts"}],"about":[{"href":"https:\/\/linitiative.ca\/International\/wp-json\/wp\/v2\/types\/post"}],"author":[{"embeddable":true,"href":"https:\/\/linitiative.ca\/International\/wp-json\/wp\/v2\/users\/1965"}],"replies":[{"embeddable":true,"href":"https:\/\/linitiative.ca\/International\/wp-json\/wp\/v2\/comments?post=91215"}],"version-history":[{"count":0,"href":"https:\/\/linitiative.ca\/International\/wp-json\/wp\/v2\/posts\/91215\/revisions"}],"wp:attachment":[{"href":"https:\/\/linitiative.ca\/International\/wp-json\/wp\/v2\/media?parent=91215"}],"wp:term":[{"taxonomy":"category","embeddable":true,"href":"https:\/\/linitiative.ca\/International\/wp-json\/wp\/v2\/categories?post=91215"},{"taxonomy":"post_tag","embeddable":true,"href":"https:\/\/linitiative.ca\/International\/wp-json\/wp\/v2\/tags?post=91215"}],"curies":[{"name":"wp","href":"https:\/\/api.w.org\/{rel}","templated":true}]}}