{"id":91217,"date":"2020-07-05T05:05:09","date_gmt":"2020-07-05T09:05:09","guid":{"rendered":"https:\/\/linitiative.ca\/International\/restitution-des-cranes-de-resistants-forte-emotion\/"},"modified":"2020-07-05T05:05:09","modified_gmt":"2020-07-05T09:05:09","slug":"restitution-des-cranes-de-resistants-forte-emotion","status":"publish","type":"post","link":"https:\/\/linitiative.ca\/International\/restitution-des-cranes-de-resistants-forte-emotion\/","title":{"rendered":"Restitution des cr\u00e2nes de r\u00e9sistants :\u00a0Forte \u00e9motion"},"content":{"rendered":"<h4 class=\"title-14\"\/>\n<div class=\"featured_image\"><img loading=\"lazy\" decoding=\"async\" width=\"800\" height=\"486\" src=\"https:\/\/www.elwatan.com\/wp-content\/uploads\/2020\/07\/CRANESSSSS.jpg\" class=\"attachment-post-thumbnail size-post-thumbnail wp-post-image\" alt=\"\" srcset=\"https:\/\/www.elwatan.com\/wp-content\/uploads\/2020\/07\/CRANESSSSS.jpg 800w, https:\/\/www.elwatan.com\/wp-content\/uploads\/2020\/07\/CRANESSSSS-300x182.jpg 300w, https:\/\/www.elwatan.com\/wp-content\/uploads\/2020\/07\/CRANESSSSS-768x467.jpg 768w\" sizes=\"auto, (max-width: 800px) 100vw, 800px\"\/><\/div>\n<p class=\"p4\">A<span class=\"s2\">pr\u00e8s plus d\u2019un si\u00e8cle et demi, des restes mortuaires de r\u00e9sistants alg\u00e9riens retrouvent la terre natale. C\u2019est un \u00e9v\u00e9nement historique dans l\u2019histoire de l\u2019Alg\u00e9rie, qui c\u00e9l\u00e8bre aujourd\u2019hui le 58<sup>e<\/sup> anniversaire de son ind\u00e9pendance.<\/span><\/p>\n<p class=\"p4\"><span class=\"s2\">L\u2019op\u00e9ration de rapatriement a provoqu\u00e9 une forte \u00e9motion parmi les Alg\u00e9riens. <em>\u00abJe n\u2019ai pas pu retenir mes larmes \u00e0 la vue des cercueils dans l\u2019avion militaire. J\u2019ai eu la chair de poule en pensant que ces martyrs pourront enfin se reposer \u00e9ternellement\u00bb<\/em>, raconte Souhila, employ\u00e9e de banque, sur Facebook. Le r\u00e9seau social vibre au rythme de cette actualit\u00e9.<\/span><\/p>\n<p class=\"p4\"><span class=\"s2\">Beaucoup consid\u00e8rent que ce retour au pays est un <em>\u00abv\u00e9ritable rafra\u00eechissement de la m\u00e9moire\u00bb<\/em> de ceux qui ont oubli\u00e9 que cette terre est arros\u00e9e de sang de ces martyrs. <em>\u00ab<\/em><\/span><span class=\"s3\"><em>Par cette restitution, l\u2019humanit\u00e9 est t\u00e9moin du caract\u00e8re (barbare, cruel, inhumain) de la France. Ces colons sans foi ni loi ont entrepos\u00e9 les cr\u00e2nes d\u00e9capit\u00e9s des r\u00e9sistants alg\u00e9riens depuis un si\u00e8cle et demi. Ils \u00e9taient expos\u00e9s au mus\u00e9e comme des troph\u00e9es\u00bb<\/em>, lit-on sur Twitter, o\u00f9 les mots \u00abcr\u00e2nes\u00bb, \u00abAlg\u00e9rie\u00bb, \u00abFrance\u00bb sont des hashtags tr\u00e8s partag\u00e9s.<\/span><\/p>\n<p class=\"p4\"><span class=\"s3\"><em>\u00abAvec l\u2019arriv\u00e9e de ces ossements, on n\u2019aura jamais \u00e9t\u00e9 aussi proche du c\u00f4t\u00e9 macabre de l\u2019histoire de l\u2019humanit\u00e9\u00bb<\/em>, \u00e9crivait un autre internaute en publiant une vid\u00e9o du placement d\u2019un cr\u00e2ne sur le drapeau national.<\/span><\/p>\n<p class=\"p4\"><span class=\"s3\">Sordide et barbare sont les qualificatifs qui reviennent dans la majorit\u00e9 des commentaires partag\u00e9s sur les r\u00e9seaux sociaux \u00e0 l\u2019occasion de cette restitution. D\u2019autres reviennent sur ce nombre de 24 cr\u00e2nes qui finalement ne repr\u00e9sentent qu\u2019une infime partie de ce que compte la France comme ossements des martyrs de la guerre d\u2019Alg\u00e9rie. <em>\u00abLa France restitue les cr\u00e2nes de 24 r\u00e9sistants alg\u00e9riens apr\u00e8s 180\u00a0ans\u00a0!!<\/em><\/span><\/p>\n<p class=\"p4\"><span class=\"s3\"><em>La France garde plus de 18 000 cr\u00e2nes d\u2019Alg\u00e9riens tu\u00e9s lors de son occupation de l\u2019Alg\u00e9rie\u00a0! C\u2019est quoi l\u2019id\u00e9e derri\u00e8re le fait de couper les t\u00eates des gens et de les ramener en France\u00a0? C\u2019est quoi cette barbarie\u00a0?\u00bb<\/em> s\u2019indigne un autre sur Twitter.<\/span><\/p>\n<p class=\"p4\"><span class=\"s3\">Un internaute estime que cette restitution, au-del\u00e0 de son c\u00f4t\u00e9 historique, est juste <em>\u00abrabaissante pour le peuple\u00bb. \u00abC\u2019est bien de rapatrier ces cr\u00e2nes. Mais dans le revers de la m\u00e9daille, je ne peux ressentir que de la honte.<\/em><\/span><\/p>\n<p class=\"p4\"><span class=\"s3\"><em>Comment avons-nous pu laisser les restes mortuaires de nos combattants humili\u00e9s et expos\u00e9s comme des troph\u00e9es dans un mus\u00e9e autant d\u2019ann\u00e9es\u00a0? R\u00e9cup\u00e9rer quelques ossements d\u2019une montagne de restes mortuaires que pr\u00e9serve la France comme un butin de guerre est juste rabaissant pour tout un peuple.<\/em>\u00bb<\/span><\/p>\n<p class=\"p4\"><span class=\"s3\">Les 24 cr\u00e2nes des r\u00e9sistants alg\u00e9riens seront enterr\u00e9s aujourd\u2019hui au Carr\u00e9 des martyrs au cimeti\u00e8re El Alia. La France d\u00e9tient encore d\u2019autres ossements et des archives alg\u00e9riennes.<span class=\"Apple-converted-space\">\u00a0<\/span><\/span><\/p>\n<p><span class=\"post-views-label\">Post Views:<\/span> <span class=\"post-views-count\">46<\/span><\/p>\n<p><br class=\"c2\"\/><br class=\"c6\"\/><\/p>\n<p>Auteur: Anis Khecheba<br \/>\n<a href=\"https:\/\/www.elwatan.com\/edition\/actualite\/restitution-des-cranes-de-resistants-forte-emotion-05-07-2020\">Cliquez ici pour lire l&rsquo;article depuis sa source.<\/a><\/p>\n","protected":false},"excerpt":{"rendered":"<p>Apr\u00e8s plus d\u2019un si\u00e8cle et demi, des restes mortuaires de r\u00e9sistants alg\u00e9riens retrouvent la terre natale. C\u2019est un \u00e9v\u00e9nement historique dans l\u2019histoire de l\u2019Alg\u00e9rie, qui c\u00e9l\u00e8bre aujourd\u2019hui le 58e anniversaire de son ind\u00e9pendance. L\u2019op\u00e9ration de rapatriement a provoqu\u00e9 une forte \u00e9motion parmi les Alg\u00e9riens. \u00abJe n\u2019ai pas pu retenir mes larmes \u00e0 la vue des [&hellip;]<\/p>\n","protected":false},"author":1743,"featured_media":91221,"comment_status":"closed","ping_status":"closed","sticky":false,"template":"","format":"standard","meta":{"fifu_image_url":"","fifu_image_alt":"","footnotes":""},"categories":[73,53],"tags":[],"class_list":["post-91217","post","type-post","status-publish","format-standard","has-post-thumbnail","hentry","category-actualite","category-algerie"],"_links":{"self":[{"href":"https:\/\/linitiative.ca\/International\/wp-json\/wp\/v2\/posts\/91217","targetHints":{"allow":["GET"]}}],"collection":[{"href":"https:\/\/linitiative.ca\/International\/wp-json\/wp\/v2\/posts"}],"about":[{"href":"https:\/\/linitiative.ca\/International\/wp-json\/wp\/v2\/types\/post"}],"author":[{"embeddable":true,"href":"https:\/\/linitiative.ca\/International\/wp-json\/wp\/v2\/users\/1743"}],"replies":[{"embeddable":true,"href":"https:\/\/linitiative.ca\/International\/wp-json\/wp\/v2\/comments?post=91217"}],"version-history":[{"count":0,"href":"https:\/\/linitiative.ca\/International\/wp-json\/wp\/v2\/posts\/91217\/revisions"}],"wp:featuredmedia":[{"embeddable":true,"href":"https:\/\/linitiative.ca\/International\/wp-json\/"}],"wp:attachment":[{"href":"https:\/\/linitiative.ca\/International\/wp-json\/wp\/v2\/media?parent=91217"}],"wp:term":[{"taxonomy":"category","embeddable":true,"href":"https:\/\/linitiative.ca\/International\/wp-json\/wp\/v2\/categories?post=91217"},{"taxonomy":"post_tag","embeddable":true,"href":"https:\/\/linitiative.ca\/International\/wp-json\/wp\/v2\/tags?post=91217"}],"curies":[{"name":"wp","href":"https:\/\/api.w.org\/{rel}","templated":true}]}}