{"id":91223,"date":"2020-07-05T08:37:02","date_gmt":"2020-07-05T12:37:02","guid":{"rendered":"https:\/\/linitiative.ca\/International\/cameroun-en-direct-dun-plateau-tv-un-telespectateur-accuse-le-patron-de-la-police-detre-jaloux-damougou-belinga\/"},"modified":"2020-07-05T08:37:02","modified_gmt":"2020-07-05T12:37:02","slug":"cameroun-en-direct-dun-plateau-tv-un-telespectateur-accuse-le-patron-de-la-police-detre-jaloux-damougou-belinga","status":"publish","type":"post","link":"https:\/\/linitiative.ca\/International\/cameroun-en-direct-dun-plateau-tv-un-telespectateur-accuse-le-patron-de-la-police-detre-jaloux-damougou-belinga\/","title":{"rendered":"Cameroun : en direct d\u2019un  plateau tv, un t\u00e9l\u00e9spectateur accuse le patron de la police d\u2019\u00eatre \u00ab jaloux \u00bb d\u2019Amougou Belinga"},"content":{"rendered":"<div readability=\"32\">\n<p>Publi\u00e9 le 05.07.2020 \u00e0 13h37 par Journalducameroun.com<\/p>\n<\/div>\n<div readability=\"80\">\n<h2 class=\"c6\">L\u2019incident se passe ce dimanche 5 juillet sur le plateau de \u00ab\u00a0Club d\u2019\u00e9lites\u00a0\u00bb sur la cha\u00eene Vision 4 du fantasque magnat des m\u00e9dias Jean Pierre Amougou Belinga.<\/h2>\n<p class=\"c7\">Moment d\u2019embarras ce dimanche sur la cha\u00eene de t\u00e9l\u00e9 <strong>Vision 4<\/strong>. Le d\u00e9bat est en cours entre pan\u00e9listes et le mod\u00e9rateur fait intervenir un t\u00e9l\u00e9spectateur par t\u00e9l\u00e9phone. Celui portant sur la sortie de patron de la cha\u00eene, qui s\u2019en pris \u00e0 ses <em>\u00ab\u00a0fr\u00e8res\u00a0\u00bb<\/em> de la R\u00e9gion du Centre le 1<sup>er<\/sup> juillet dernier, \u00e9tant d\u00e9j\u00e0 clos.<\/p>\n<p class=\"c7\">L\u2019intervenant par t\u00e9l\u00e9phone doit conforter la ligne de d\u00e9fense de <strong>Jean Pierre Amougou Belinga<\/strong>. Mais la mise en sc\u00e8ne tourne mal, au bout du fil, l\u2019invit\u00e9 s\u2019en prend au D\u00e9l\u00e9gu\u00e9 g\u00e9n\u00e9ral \u00e0 la S\u00fbret\u00e9 nationale (Dgsn), le tout puissant patron de la police du Cameroun, <strong>Martin Mbarga Nguele<\/strong>.<\/p>\n<p class=\"c7\"><em>\u00ab\u00a0<strong>Le Dgsn est jaloux de Amougou Belinga<\/strong> et monte des gens et des actes contre lui, depuis une affaire n\u00e9goci\u00e9e en Guin\u00e9e \u00e9quatoriale o\u00f9 le Boss de la police aurait essay\u00e9 de doubler \u00a0les gens, dont Amougou Belinga\u00a0\u00bb<\/em>, l\u00e2che l\u2019intervenant \u00e0 la surprise et la g\u00eane des pan\u00e9listes sur le plateau.<\/p>\n<p class=\"c7\">Il poursuit en accusant\u00a0: <em>\u00ab\u00a0ce m\u00eame Dgsn fait gagner tous les march\u00e9s de la Police \u00e0 son \u00e9pouse\u00a0\u00bb<\/em>, avant de raccrocher sec.<\/p>\n<p class=\"c7\">Stupeur sur le plateau o\u00f9 le mod\u00e9rateur tente de reprendre la main\u00a0: <em>\u00ab\u00a0Nous n\u2019avons h\u00e9las pas pu identifier ce t\u00e9l\u00e9spectateur. Nous esp\u00e9rons qu\u2019il nous donnera son nom, question de d\u00e9gager la responsabilit\u00e9 de Vision 4 sur ses propos\u00a0\u00bb<\/em>.<\/p>\n<p class=\"c7\">En rappel, le 1<sup>er<\/sup> juillet dernier Jean Pierre Amougou Belinga a embras\u00e9 l\u2019opinion avec une sorties des plus controvers\u00e9es. \u00a0<em>\u00ab L\u2019Homme beti est fonci\u00e8rement paresseux, malhonn\u00eate, sournois, cynique, m\u00e9chant \u00bb<\/em> avait alors l\u00e2ch\u00e9 le \u00ab\u00a0Pape des m\u00e9dias\u00a0\u00bb.<\/p>\n<p class=\"c7\">Il accusait ses \u00ab\u00a0fr\u00e8res\u00a0\u00bb Beti en ces termes\u00a0: \u00ab\u00a0<em>\u00ab\u00a0il s\u2019agit de lancer un avertissement \u00e0 tous ceux qui sont en train de me jeter des peaux de banane. J\u2019ai tous les moyens. J\u2019ai quatre t\u00e9l\u00e9visions, deux radios\u00a0\u00bb.<\/em><\/p>\n<p class=\"c7\"><em>Depuis, c\u2019est la pol\u00e9mique au sein de l\u2019opinion.<\/em><\/p>\n<\/div>\n<p>Auteur: Ludovic Amara<br \/>\n<a href=\"https:\/\/www.journalducameroun.com\/cameroun-en-direct-dun-plateau-tv-un-telespectateur-accuse-le-patron-de-la-police-detre-jaloux-damougou-belinga-cameroun\/\">Cliquez ici pour lire l&rsquo;article depuis sa source.<\/a><\/p>\n","protected":false},"excerpt":{"rendered":"<p>Publi\u00e9 le 05.07.2020 \u00e0 13h37 par Journalducameroun.com L\u2019incident se passe ce dimanche 5 juillet sur le plateau de \u00ab\u00a0Club d\u2019\u00e9lites\u00a0\u00bb sur la cha\u00eene Vision 4 du fantasque magnat des m\u00e9dias Jean Pierre Amougou Belinga. Moment d\u2019embarras ce dimanche sur la cha\u00eene de t\u00e9l\u00e9 Vision 4. Le d\u00e9bat est en cours entre pan\u00e9listes et le mod\u00e9rateur [&hellip;]<\/p>\n","protected":false},"author":1965,"featured_media":0,"comment_status":"closed","ping_status":"closed","sticky":false,"template":"","format":"standard","meta":{"fifu_image_url":"","fifu_image_alt":"","footnotes":""},"categories":[73,82],"tags":[],"class_list":["post-91223","post","type-post","status-publish","format-standard","hentry","category-actualite","category-cameroun"],"_links":{"self":[{"href":"https:\/\/linitiative.ca\/International\/wp-json\/wp\/v2\/posts\/91223","targetHints":{"allow":["GET"]}}],"collection":[{"href":"https:\/\/linitiative.ca\/International\/wp-json\/wp\/v2\/posts"}],"about":[{"href":"https:\/\/linitiative.ca\/International\/wp-json\/wp\/v2\/types\/post"}],"author":[{"embeddable":true,"href":"https:\/\/linitiative.ca\/International\/wp-json\/wp\/v2\/users\/1965"}],"replies":[{"embeddable":true,"href":"https:\/\/linitiative.ca\/International\/wp-json\/wp\/v2\/comments?post=91223"}],"version-history":[{"count":0,"href":"https:\/\/linitiative.ca\/International\/wp-json\/wp\/v2\/posts\/91223\/revisions"}],"wp:attachment":[{"href":"https:\/\/linitiative.ca\/International\/wp-json\/wp\/v2\/media?parent=91223"}],"wp:term":[{"taxonomy":"category","embeddable":true,"href":"https:\/\/linitiative.ca\/International\/wp-json\/wp\/v2\/categories?post=91223"},{"taxonomy":"post_tag","embeddable":true,"href":"https:\/\/linitiative.ca\/International\/wp-json\/wp\/v2\/tags?post=91223"}],"curies":[{"name":"wp","href":"https:\/\/api.w.org\/{rel}","templated":true}]}}